{"id":10002,"date":"2016-02-19T16:02:37","date_gmt":"2016-02-19T15:02:37","guid":{"rendered":"https:\/\/numerabilis.u-paris.fr\/medica\/blog\/?p=10002"},"modified":"2016-02-19T16:02:37","modified_gmt":"2016-02-19T15:02:37","slug":"partage-experiences-arnold-munnich-20160222","status":"publish","type":"post","link":"https:\/\/numerabilis.u-paris.fr\/medica\/blog\/index.php\/partage-experiences-arnold-munnich-20160222\/","title":{"rendered":"Partage d&rsquo;exp\u00e9riences avec Arnold Munnich (22\/2)"},"content":{"rendered":"<p>La seconde conf\u00e9rence \u00ab<em><strong>Nos m\u00e9decins-chercheurs : partages d\u2019exp\u00e9riences<\/strong><\/em>\u00bb aura lieu \u00e0 la facult\u00e9 de m\u00e9decine Paris Descartes le <strong>lundi 22 F\u00e9vrier<\/strong> \u00e0 18h (<em>amphi Fr\u00e9zal, 15, rue de l\u2019\u00c9cole-de-m\u00e9decine \u2013 Paris 6\u00e8<\/em>).<\/p>\n<p>Avec <strong><a href=\"https:\/\/fr.wikipedia.org\/wiki\/Arnold_Munnich\" target=\"_blank\">Arnold MUNNICH<\/a><\/strong>, <strong>p\u00e9diatre-g\u00e9n\u00e9ticien<\/strong>, directeur et fondateur du d\u00e9partement g\u00e9n\u00e9tique de l\u2019h\u00f4pital universitaire <strong>Necker-Enfants malades<\/strong>.<\/p>\n<p><img loading=\"lazy\" decoding=\"async\" class=\"aligncenter size-full wp-image-10011\" style=\"border: 1px solid black;\" title=\"\" src=\"https:\/\/numerabilis.u-paris.fr\/medica\/blog\/wp-content\/uploads\/conference-600x2001.png\" alt=\"conference-600x200\" width=\"600\" height=\"200\" srcset=\"https:\/\/numerabilis.u-paris.fr\/medica\/blog\/wp-content\/uploads\/conference-600x2001.png 600w, https:\/\/numerabilis.u-paris.fr\/medica\/blog\/wp-content\/uploads\/conference-600x2001-300x100.png 300w\" sizes=\"(max-width: 709px) 85vw, (max-width: 909px) 67vw, (max-width: 984px) 61vw, (max-width: 1362px) 45vw, 600px\" \/>Ces conf\u00e9rences sont des \u00ab<em><strong>rencontres<\/strong> entre les \u00e9tudiants et des grands t\u00e9moins de la recherche en m\u00e9decine \u00e0 Paris Descartes.<\/em><\/p>\n<p><em>L\u2019 objectif est de permettre le partage d\u2019une exp\u00e9rience de la <strong>recherche en m\u00e9decine<\/strong>, en rendant accessible les d\u00e9terminants, humains et scientifiques, de la recherche et la trajectoire personnelle de cette recherche : les \u00e9tudes de m\u00e9decine, le choix d\u2019une discipline, le choix d\u2019une th\u00e9matique, les errances, les d\u00e9couvertes, les rencontres, la structuration d\u2019un lien entre exercice de la m\u00e9decine et exercice de la recherche, et d\u2019une fa\u00e7on g\u00e9n\u00e9rale tout ce qui rend vivante cette exp\u00e9rience.<\/em><\/p>\n<p><em>Ces rencontres sont internes \u00e0 la Facult\u00e9, \u00e0 destination privil\u00e9gi\u00e9e des \u00e9tudiants et ouvertes \u00e9galement aux hospitalo-universitaires de la Facult\u00e9.<\/em><br \/>\n<em> Elles se veulent interactives, propices aux \u00e9changes\u2026 et nouvelles vocations !<\/em>\u00bb<\/p>\n<div id=\"schema_block\" class=\"schema_event\"><div itemscope itemtype=\"http:\/\/schema.org\/EducationEvent\"><div><meta itemprop=\"startDate\" content=\"2016-02-22T18:00\">Debut: 02\/22\/2016 06:00 pm<\/div><div><meta itemprop=\"endDate\" content=\"2016-02-22:00.000\">Fin: 02\/22\/2016<\/div><div><meta itemprop=\"duration\" content=\"0000-00-00T01:00\">Duree: 1 heures:<\/div><\/div><div itemprop=\"address\" itemscope itemtype=\"http:\/\/schema.org\/PostalAddress\"><div class=\"street\" itemprop=\"streetAddress\">15, rue de l'Ecole-de-M\u00e9decine, amphi Fr\u00e9zal, 2e \u00e9tage<\/div><div class=\"city_state\"><span class=\"locale\" itemprop=\"addressLocality\">Paris<\/span>,<span class=\"region\" itemprop=\"addressRegion\"> \u00cele-de-France<\/span><\/div><div class=\"postalcode\" itemprop=\"postalCode\">75006<\/div><div class=\"country\" itemprop=\"addressCountry\">FR<\/div><\/div><\/div>\n","protected":false},"excerpt":{"rendered":"<p>La seconde conf\u00e9rence \u00abNos m\u00e9decins-chercheurs : partages d\u2019exp\u00e9riences\u00bb aura lieu \u00e0 la facult\u00e9 de m\u00e9decine Paris Descartes le lundi 22 F\u00e9vrier \u00e0 18h (amphi Fr\u00e9zal, 15, rue de l\u2019\u00c9cole-de-m\u00e9decine \u2013 Paris 6\u00e8). Avec Arnold MUNNICH, p\u00e9diatre-g\u00e9n\u00e9ticien, directeur et fondateur du d\u00e9partement g\u00e9n\u00e9tique de l\u2019h\u00f4pital universitaire Necker-Enfants malades. Ces conf\u00e9rences sont des \u00abrencontres entre les \u00e9tudiants &hellip; <a href=\"https:\/\/numerabilis.u-paris.fr\/medica\/blog\/index.php\/partage-experiences-arnold-munnich-20160222\/\" class=\"more-link\">Continuer la lecture<span class=\"screen-reader-text\"> de &laquo;&nbsp;Partage d&rsquo;exp\u00e9riences avec Arnold Munnich (22\/2)&nbsp;&raquo;<\/span><\/a><\/p>\n","protected":false},"author":1,"featured_media":0,"comment_status":"open","ping_status":"open","sticky":false,"template":"","format":"standard","meta":{"_monsterinsights_skip_tracking":false,"_monsterinsights_sitenote_active":false,"_monsterinsights_sitenote_note":"","_monsterinsights_sitenote_category":0,"footnotes":""},"categories":[14],"tags":[23,56,121],"class_list":["post-10002","post","type-post","status-publish","format-standard","hentry","category-medecine-odontologie","tag-conference","tag-genetique","tag-pediatrie"],"_links":{"self":[{"href":"https:\/\/numerabilis.u-paris.fr\/medica\/blog\/index.php\/wp-json\/wp\/v2\/posts\/10002"}],"collection":[{"href":"https:\/\/numerabilis.u-paris.fr\/medica\/blog\/index.php\/wp-json\/wp\/v2\/posts"}],"about":[{"href":"https:\/\/numerabilis.u-paris.fr\/medica\/blog\/index.php\/wp-json\/wp\/v2\/types\/post"}],"author":[{"embeddable":true,"href":"https:\/\/numerabilis.u-paris.fr\/medica\/blog\/index.php\/wp-json\/wp\/v2\/users\/1"}],"replies":[{"embeddable":true,"href":"https:\/\/numerabilis.u-paris.fr\/medica\/blog\/index.php\/wp-json\/wp\/v2\/comments?post=10002"}],"version-history":[{"count":8,"href":"https:\/\/numerabilis.u-paris.fr\/medica\/blog\/index.php\/wp-json\/wp\/v2\/posts\/10002\/revisions"}],"predecessor-version":[{"id":10014,"href":"https:\/\/numerabilis.u-paris.fr\/medica\/blog\/index.php\/wp-json\/wp\/v2\/posts\/10002\/revisions\/10014"}],"wp:attachment":[{"href":"https:\/\/numerabilis.u-paris.fr\/medica\/blog\/index.php\/wp-json\/wp\/v2\/media?parent=10002"}],"wp:term":[{"taxonomy":"category","embeddable":true,"href":"https:\/\/numerabilis.u-paris.fr\/medica\/blog\/index.php\/wp-json\/wp\/v2\/categories?post=10002"},{"taxonomy":"post_tag","embeddable":true,"href":"https:\/\/numerabilis.u-paris.fr\/medica\/blog\/index.php\/wp-json\/wp\/v2\/tags?post=10002"}],"curies":[{"name":"wp","href":"https:\/\/api.w.org\/{rel}","templated":true}]}}