{"id":10017,"date":"2016-02-22T14:51:37","date_gmt":"2016-02-22T13:51:37","guid":{"rendered":"https:\/\/numerabilis.u-paris.fr\/medica\/blog\/?p=10017"},"modified":"2016-02-22T15:15:57","modified_gmt":"2016-02-22T14:15:57","slug":"fermeture-salle-fialon-2226-fevrier-2016","status":"publish","type":"post","link":"https:\/\/numerabilis.u-paris.fr\/medica\/blog\/index.php\/fermeture-salle-fialon-2226-fevrier-2016\/","title":{"rendered":"Fermeture de la salle Fialon (22-26 f\u00e9vrier 2016)"},"content":{"rendered":"<p>Au p\u00f4le <strong>Pharmacie-Biologie-Cosm\u00e9tologie<\/strong> (<em>4, avenue de l\u2019Observatoire<\/em>) la <strong>salle Fialon<\/strong> sera ferm\u00e9e du<strong><em> lundi 22 au vendredi 26 f\u00e9vrier 2016<\/em><\/strong> inclus, pour cause d&rsquo;examens.<\/p>\n<p><strong>La salle Dorveaux<\/strong> (salle de lecture principale) demeure ouverte, vous pouvez donc venir travailler au p\u00f4le Pharmacie. <em>Attention aux restrictions dues au plan Vigipirate : fermeture \u00e0 19h en semaine et pas d&rsquo;ouverture le samedi.<\/em><\/p>\n<p><img loading=\"lazy\" decoding=\"async\" class=\"aligncenter size-full wp-image-4031\" title=\"Fialon\" src=\"https:\/\/numerabilis.u-paris.fr\/medica\/blog\/wp-content\/uploads\/Fialon.jpg\" alt=\"\" width=\"404\" height=\"342\" srcset=\"https:\/\/numerabilis.u-paris.fr\/medica\/blog\/wp-content\/uploads\/Fialon.jpg 404w, https:\/\/numerabilis.u-paris.fr\/medica\/blog\/wp-content\/uploads\/Fialon-300x253.jpg 300w\" sizes=\"(max-width: 404px) 85vw, 404px\" \/><\/p>\n<p><strong>La salle Fialon rouvrira normalement \u00e0 9h, lundi 29 f\u00e9vrier 2016<\/strong>.<\/p>\n<p><em>Nous vous prions de nous excuser pour la g\u00eane occasionn\u00e9e<\/em>.<\/p>\n","protected":false},"excerpt":{"rendered":"<p>Au p\u00f4le Pharmacie-Biologie-Cosm\u00e9tologie (4, avenue de l\u2019Observatoire) la salle Fialon sera ferm\u00e9e du lundi 22 au vendredi 26 f\u00e9vrier 2016 inclus, pour cause d&rsquo;examens. La salle Dorveaux (salle de lecture principale) demeure ouverte, vous pouvez donc venir travailler au p\u00f4le Pharmacie. Attention aux restrictions dues au plan Vigipirate : fermeture \u00e0 19h en semaine et &hellip; <a href=\"https:\/\/numerabilis.u-paris.fr\/medica\/blog\/index.php\/fermeture-salle-fialon-2226-fevrier-2016\/\" class=\"more-link\">Continuer la lecture<span class=\"screen-reader-text\"> de &laquo;&nbsp;Fermeture de la salle Fialon (22-26 f\u00e9vrier 2016)&nbsp;&raquo;<\/span><\/a><\/p>\n","protected":false},"author":18,"featured_media":0,"comment_status":"open","ping_status":"open","sticky":false,"template":"","format":"standard","meta":{"_monsterinsights_skip_tracking":false,"_monsterinsights_sitenote_active":false,"_monsterinsights_sitenote_note":"","_monsterinsights_sitenote_category":0,"footnotes":""},"categories":[15],"tags":[43],"class_list":["post-10017","post","type-post","status-publish","format-standard","hentry","category-pharmacie-biologie-cosmetologie","tag-acces"],"_links":{"self":[{"href":"https:\/\/numerabilis.u-paris.fr\/medica\/blog\/index.php\/wp-json\/wp\/v2\/posts\/10017"}],"collection":[{"href":"https:\/\/numerabilis.u-paris.fr\/medica\/blog\/index.php\/wp-json\/wp\/v2\/posts"}],"about":[{"href":"https:\/\/numerabilis.u-paris.fr\/medica\/blog\/index.php\/wp-json\/wp\/v2\/types\/post"}],"author":[{"embeddable":true,"href":"https:\/\/numerabilis.u-paris.fr\/medica\/blog\/index.php\/wp-json\/wp\/v2\/users\/18"}],"replies":[{"embeddable":true,"href":"https:\/\/numerabilis.u-paris.fr\/medica\/blog\/index.php\/wp-json\/wp\/v2\/comments?post=10017"}],"version-history":[{"count":1,"href":"https:\/\/numerabilis.u-paris.fr\/medica\/blog\/index.php\/wp-json\/wp\/v2\/posts\/10017\/revisions"}],"predecessor-version":[{"id":10019,"href":"https:\/\/numerabilis.u-paris.fr\/medica\/blog\/index.php\/wp-json\/wp\/v2\/posts\/10017\/revisions\/10019"}],"wp:attachment":[{"href":"https:\/\/numerabilis.u-paris.fr\/medica\/blog\/index.php\/wp-json\/wp\/v2\/media?parent=10017"}],"wp:term":[{"taxonomy":"category","embeddable":true,"href":"https:\/\/numerabilis.u-paris.fr\/medica\/blog\/index.php\/wp-json\/wp\/v2\/categories?post=10017"},{"taxonomy":"post_tag","embeddable":true,"href":"https:\/\/numerabilis.u-paris.fr\/medica\/blog\/index.php\/wp-json\/wp\/v2\/tags?post=10017"}],"curies":[{"name":"wp","href":"https:\/\/api.w.org\/{rel}","templated":true}]}}