{"id":10060,"date":"2016-03-08T12:02:58","date_gmt":"2016-03-08T11:02:58","guid":{"rendered":"https:\/\/numerabilis.u-paris.fr\/medica\/blog\/?p=10060"},"modified":"2016-03-09T09:35:28","modified_gmt":"2016-03-09T08:35:28","slug":"perturbations-mercredi-9-mars","status":"publish","type":"post","link":"https:\/\/numerabilis.u-paris.fr\/medica\/blog\/index.php\/perturbations-mercredi-9-mars\/","title":{"rendered":"Perturbations le mercredi 9 mars"},"content":{"rendered":"<p>Attention, en raison de divers appels \u00e0 la <strong>gr\u00e8ve<\/strong>, l&rsquo;ouverture et les services de la BIU Sant\u00e9 (<em>p\u00f4les M\u00e9decine et Pharmacie<\/em>) risquent d&rsquo;\u00eatre perturb\u00e9s le <strong>mercredi 9 mars 2016<\/strong>.<\/p>\n<p>Le <strong>p\u00f4le M\u00e9decine<\/strong> fermera exceptionnellement <strong>\u00e0 19h<\/strong>.<\/p>\n<p><img loading=\"lazy\" decoding=\"async\" class=\"alignright size-medium wp-image-6774\" title=\"\" src=\"https:\/\/numerabilis.u-paris.fr\/medica\/blog\/wp-content\/uploads\/attention-38589_6402-300x262.png\" alt=\"attention-38589_640\" width=\"300\" height=\"262\" srcset=\"https:\/\/numerabilis.u-paris.fr\/medica\/blog\/wp-content\/uploads\/attention-38589_6402-300x262.png 300w, https:\/\/numerabilis.u-paris.fr\/medica\/blog\/wp-content\/uploads\/attention-38589_6402.png 640w\" sizes=\"(max-width: 300px) 85vw, 300px\" \/><\/p>\n<p>Des <strong>informations plus d\u00e9taill\u00e9es<\/strong> seront publi\u00e9es ici dans la journ\u00e9e en cas de nouveaux changements.<\/p>\n<p><em>Nous vous prions de nous excuser pour la g\u00eane occasionn\u00e9e.<\/em><\/p>\n","protected":false},"excerpt":{"rendered":"<p>Attention, en raison de divers appels \u00e0 la gr\u00e8ve, l&rsquo;ouverture et les services de la BIU Sant\u00e9 (p\u00f4les M\u00e9decine et Pharmacie) risquent d&rsquo;\u00eatre perturb\u00e9s le mercredi 9 mars 2016. Le p\u00f4le M\u00e9decine fermera exceptionnellement \u00e0 19h. Des informations plus d\u00e9taill\u00e9es seront publi\u00e9es ici dans la journ\u00e9e en cas de nouveaux changements. Nous vous prions de &hellip; <a href=\"https:\/\/numerabilis.u-paris.fr\/medica\/blog\/index.php\/perturbations-mercredi-9-mars\/\" class=\"more-link\">Continuer la lecture<span class=\"screen-reader-text\"> de &laquo;&nbsp;Perturbations le mercredi 9 mars&nbsp;&raquo;<\/span><\/a><\/p>\n","protected":false},"author":1,"featured_media":0,"comment_status":"open","ping_status":"open","sticky":false,"template":"","format":"standard","meta":{"_monsterinsights_skip_tracking":false,"_monsterinsights_sitenote_active":false,"_monsterinsights_sitenote_note":"","_monsterinsights_sitenote_category":0,"footnotes":""},"categories":[7,14,15],"tags":[43],"class_list":["post-10060","post","type-post","status-publish","format-standard","hentry","category-histoiresante","category-medecine-odontologie","category-pharmacie-biologie-cosmetologie","tag-acces"],"_links":{"self":[{"href":"https:\/\/numerabilis.u-paris.fr\/medica\/blog\/index.php\/wp-json\/wp\/v2\/posts\/10060"}],"collection":[{"href":"https:\/\/numerabilis.u-paris.fr\/medica\/blog\/index.php\/wp-json\/wp\/v2\/posts"}],"about":[{"href":"https:\/\/numerabilis.u-paris.fr\/medica\/blog\/index.php\/wp-json\/wp\/v2\/types\/post"}],"author":[{"embeddable":true,"href":"https:\/\/numerabilis.u-paris.fr\/medica\/blog\/index.php\/wp-json\/wp\/v2\/users\/1"}],"replies":[{"embeddable":true,"href":"https:\/\/numerabilis.u-paris.fr\/medica\/blog\/index.php\/wp-json\/wp\/v2\/comments?post=10060"}],"version-history":[{"count":6,"href":"https:\/\/numerabilis.u-paris.fr\/medica\/blog\/index.php\/wp-json\/wp\/v2\/posts\/10060\/revisions"}],"predecessor-version":[{"id":10070,"href":"https:\/\/numerabilis.u-paris.fr\/medica\/blog\/index.php\/wp-json\/wp\/v2\/posts\/10060\/revisions\/10070"}],"wp:attachment":[{"href":"https:\/\/numerabilis.u-paris.fr\/medica\/blog\/index.php\/wp-json\/wp\/v2\/media?parent=10060"}],"wp:term":[{"taxonomy":"category","embeddable":true,"href":"https:\/\/numerabilis.u-paris.fr\/medica\/blog\/index.php\/wp-json\/wp\/v2\/categories?post=10060"},{"taxonomy":"post_tag","embeddable":true,"href":"https:\/\/numerabilis.u-paris.fr\/medica\/blog\/index.php\/wp-json\/wp\/v2\/tags?post=10060"}],"curies":[{"name":"wp","href":"https:\/\/api.w.org\/{rel}","templated":true}]}}