{"id":10382,"date":"2016-04-28T15:39:21","date_gmt":"2016-04-28T13:39:21","guid":{"rendered":"https:\/\/numerabilis.u-paris.fr\/medica\/blog\/?p=10382"},"modified":"2016-04-28T15:39:21","modified_gmt":"2016-04-28T13:39:21","slug":"fermeture-jeudi-5-mai-2016","status":"publish","type":"post","link":"https:\/\/numerabilis.u-paris.fr\/medica\/blog\/index.php\/fermeture-jeudi-5-mai-2016\/","title":{"rendered":"Fermeture jeudi 5 mai"},"content":{"rendered":"<p>La BIU Sant\u00e9 sera ferm\u00e9e le <strong>jeudi 5 mai<\/strong>, jour f\u00e9ri\u00e9 (<em>jeudi de l&rsquo;Ascension<\/em>).<\/p>\n<p>Mais elle sera ouverte normalement le vendredi 6 et le samedi 7 mai (<em>attention, le p\u00f4le Pharmacie demeure ferm\u00e9 le samedi pour cause de plan Vigipirate<\/em>).<\/p>\n<figure id=\"attachment_10387\" aria-describedby=\"caption-attachment-10387\" style=\"width: 283px\" class=\"wp-caption alignleft\"><a href=\"https:\/\/fr.wikipedia.org\/wiki\/Ascension_%28f%C3%AAte%29\" target=\"_blank\"><img loading=\"lazy\" decoding=\"async\" class=\"wp-image-10387 size-full\" src=\"https:\/\/numerabilis.u-paris.fr\/medica\/blog\/wp-content\/uploads\/The_Ascension_of_Our_Lord.jpg\" alt=\"The_Ascension_of_Our_Lord\" width=\"283\" height=\"384\" srcset=\"https:\/\/numerabilis.u-paris.fr\/medica\/blog\/wp-content\/uploads\/The_Ascension_of_Our_Lord.jpg 283w, https:\/\/numerabilis.u-paris.fr\/medica\/blog\/wp-content\/uploads\/The_Ascension_of_Our_Lord-221x300.jpg 221w\" sizes=\"(max-width: 283px) 85vw, 283px\" \/><\/a><figcaption id=\"caption-attachment-10387\" class=\"wp-caption-text\">Ascension du Christ, ic\u00f4ne de Novgorod, XIVe si\u00e8cle<\/figcaption><\/figure>\n<p>L&rsquo;occasion de (re)d\u00e9couvrir nos services en ligne, disponibles <strong>7 jours sur 7 et 24\/24h<\/strong> :<\/p>\n<p>Pour les <em>historiens<\/em>, en <strong>acc\u00e8s libre<\/strong> : la biblioth\u00e8que num\u00e9rique <em><a href=\"https:\/\/www.biusante.parisdescartes.fr\/\/histmed\/medica.htm\" target=\"_blank\">Medic@<\/a><\/em>, la <a title=\"Banque d'images BIU Sant\u00e9\" href=\"http:\/\/www2.biusante.parisdescartes.fr\/img\/\" target=\"_blank\">Banque d&rsquo;images et de portraits<\/a> et pourquoi pas une petite visite du c\u00f4t\u00e9 des <a href=\"https:\/\/www.biusante.parisdescartes.fr\/histoire\/index.php#\" target=\"_blank\">expositions virtuelles<\/a>.<\/p>\n<p>Pour les <em>lecteurs de Paris Descartes<\/em>, les <a href=\"https:\/\/www.biusante.parisdescartes.fr\/chercher\/articles\/index.php\" target=\"_blank\">bases de donn\u00e9es<\/a> et les <a href=\"https:\/\/www.biusante.parisdescartes.fr\/chercher\/livres-electroniques.php\" target=\"_blank\">livres \u00e9lectroniques<\/a> en m\u00e9decine et en pharmacie ainsi que les <a href=\"https:\/\/www.biusante.parisdescartes.fr\/chercher\/revues.php\" target=\"_blank\">revues \u00e9lectroniques<\/a>.<\/p>\n","protected":false},"excerpt":{"rendered":"<p>La BIU Sant\u00e9 sera ferm\u00e9e le jeudi 5 mai, jour f\u00e9ri\u00e9 (jeudi de l&rsquo;Ascension). Mais elle sera ouverte normalement le vendredi 6 et le samedi 7 mai (attention, le p\u00f4le Pharmacie demeure ferm\u00e9 le samedi pour cause de plan Vigipirate). L&rsquo;occasion de (re)d\u00e9couvrir nos services en ligne, disponibles 7 jours sur 7 et 24\/24h : &hellip; <a href=\"https:\/\/numerabilis.u-paris.fr\/medica\/blog\/index.php\/fermeture-jeudi-5-mai-2016\/\" class=\"more-link\">Continuer la lecture<span class=\"screen-reader-text\"> de &laquo;&nbsp;Fermeture jeudi 5 mai&nbsp;&raquo;<\/span><\/a><\/p>\n","protected":false},"author":21,"featured_media":0,"comment_status":"open","ping_status":"open","sticky":false,"template":"","format":"standard","meta":{"_monsterinsights_skip_tracking":false,"_monsterinsights_sitenote_active":false,"_monsterinsights_sitenote_note":"","_monsterinsights_sitenote_category":0,"footnotes":""},"categories":[14],"tags":[43],"class_list":["post-10382","post","type-post","status-publish","format-standard","hentry","category-medecine-odontologie","tag-acces"],"_links":{"self":[{"href":"https:\/\/numerabilis.u-paris.fr\/medica\/blog\/index.php\/wp-json\/wp\/v2\/posts\/10382"}],"collection":[{"href":"https:\/\/numerabilis.u-paris.fr\/medica\/blog\/index.php\/wp-json\/wp\/v2\/posts"}],"about":[{"href":"https:\/\/numerabilis.u-paris.fr\/medica\/blog\/index.php\/wp-json\/wp\/v2\/types\/post"}],"author":[{"embeddable":true,"href":"https:\/\/numerabilis.u-paris.fr\/medica\/blog\/index.php\/wp-json\/wp\/v2\/users\/21"}],"replies":[{"embeddable":true,"href":"https:\/\/numerabilis.u-paris.fr\/medica\/blog\/index.php\/wp-json\/wp\/v2\/comments?post=10382"}],"version-history":[{"count":4,"href":"https:\/\/numerabilis.u-paris.fr\/medica\/blog\/index.php\/wp-json\/wp\/v2\/posts\/10382\/revisions"}],"predecessor-version":[{"id":10392,"href":"https:\/\/numerabilis.u-paris.fr\/medica\/blog\/index.php\/wp-json\/wp\/v2\/posts\/10382\/revisions\/10392"}],"wp:attachment":[{"href":"https:\/\/numerabilis.u-paris.fr\/medica\/blog\/index.php\/wp-json\/wp\/v2\/media?parent=10382"}],"wp:term":[{"taxonomy":"category","embeddable":true,"href":"https:\/\/numerabilis.u-paris.fr\/medica\/blog\/index.php\/wp-json\/wp\/v2\/categories?post=10382"},{"taxonomy":"post_tag","embeddable":true,"href":"https:\/\/numerabilis.u-paris.fr\/medica\/blog\/index.php\/wp-json\/wp\/v2\/tags?post=10382"}],"curies":[{"name":"wp","href":"https:\/\/api.w.org\/{rel}","templated":true}]}}