{"id":1054,"date":"2013-04-16T11:57:38","date_gmt":"2013-04-16T10:57:38","guid":{"rendered":"https:\/\/numerabilis.u-paris.fr\/medica\/blog\/?p=1054"},"modified":"2017-03-03T10:22:38","modified_gmt":"2017-03-03T09:22:38","slug":"expo-virtuelle-parmentier","status":"publish","type":"post","link":"https:\/\/numerabilis.u-paris.fr\/medica\/blog\/index.php\/expo-virtuelle-parmentier\/","title":{"rendered":"Antoine-Augustin Parmentier (1737-1813) : pharmacien et agronome"},"content":{"rendered":"<h3><strong>En hommage \u00e0 <\/strong><strong>Antoine-Augustin PARMENTIER<\/strong><strong>, la BIU Sant\u00e9 vous pr\u00e9sente sa nouvelle exposition virtuelle.<\/strong><\/h3>\n<p><a title=\"Exposition virtuelle Parmentier\" href=\"https:\/\/www.biusante.parisdescartes.fr\/parmentier\/\" target=\"_blank\"><em>Cliquez ici pour acc\u00e9der directement \u00e0 l&rsquo;exposition virtuelle.<\/em><\/a><\/p>\n<p>\u00c0\u00a0l&rsquo;occasion du bicentenaire de la mort d\u2019<a title=\"Parmentier sur Wikip\u00e9dia\" href=\"http:\/\/fr.wikipedia.org\/wiki\/Antoine_Parmentier\" target=\"_blank\">Antoine-Augustin Parmentier<\/a>, la BIU Sant\u00e9 a souhait\u00e9 lui consacrer une <a title=\"Exposition virtuelle Parmentier\" href=\"https:\/\/www.biusante.parisdescartes.fr\/parmentier\/\" target=\"_blank\">exposition virtuelle<\/a> qui permet de red\u00e9couvrir l\u2019\u0153uvre immense de ce <strong>savant<\/strong>, <strong>pharmacien<\/strong> et <strong>agronome<\/strong> qui a pass\u00e9 50 ans de sa vie \u00e0 se battre pour am\u00e9liorer les conditions de vie des Fran\u00e7ais.<\/p>\n<figure id=\"attachment_1111\" aria-describedby=\"caption-attachment-1111\" style=\"width: 300px\" class=\"wp-caption alignright\"><a title=\"Portrait Parmentier\" href=\"https:\/\/www.biusante.parisdescartes.fr\/parmentier\/img\/gd\/40039.jpg\" target=\"_blank\"><img loading=\"lazy\" decoding=\"async\" class=\"size-full wp-image-1111 \" title=\"Portrait Parmentier\" src=\"https:\/\/numerabilis.u-paris.fr\/medica\/blog\/wp-content\/uploads\/Parmentier1-300.jpg\" alt=\"\" width=\"300\" height=\"412\" srcset=\"https:\/\/numerabilis.u-paris.fr\/medica\/blog\/wp-content\/uploads\/Parmentier1-300.jpg 300w, https:\/\/numerabilis.u-paris.fr\/medica\/blog\/wp-content\/uploads\/Parmentier1-300-218x300.jpg 218w\" sizes=\"(max-width: 300px) 85vw, 300px\" \/><\/a><figcaption id=\"caption-attachment-1111\" class=\"wp-caption-text\">Portrait de Parmentier. BIU Sant\u00e9 Pharmacie. Cote : FI 005&#215;043<\/figcaption><\/figure>\n<p>Homme de l\u2019Ancien R\u00e9gime, n\u00e9 sous le r\u00e8gne de Louis XV, savant des Lumi\u00e8res \u00e9pargn\u00e9 par la R\u00e9volution, puis pharmacien embl\u00e9matique de l\u2019Empire, Antoine-Augustin Parmentier s\u2019est trouv\u00e9 \u00e0 la charni\u00e8re de la <strong>r\u00e9volution des sciences<\/strong>. Il a \u00e9t\u00e9 directement confront\u00e9 aux grands bouleversements sociaux et politiques qui ont marqu\u00e9 le tournant des XVIII<sup>e<\/sup> et XIX<sup>e<\/sup> si\u00e8cles.<\/p>\n<p>Le texte de cette exposition a \u00e9t\u00e9 confi\u00e9 \u00e0 <a title=\"Biographie Anne Muratori-Philip\" href=\"https:\/\/www.biusante.parisdescartes.fr\/parmentier\/imutil\/Bio_AMP.pdf\" target=\"_blank\"><strong>Anne Muratori-Philip<\/strong><\/a>, historienne, \u00e0 qui l\u2019on doit notamment une <a title=\"Biographie de Parmentier\" href=\"https:\/\/www.biusante.parisdescartes.fr\/ppn?003525937\" target=\"_blank\">biographie de r\u00e9f\u00e9rence sur Parmentier<\/a>. Con\u00e7ue pour un large public, cette exposition aborde les diff\u00e9rents aspects de la vie et de l\u2019\u0153uvre d\u2019un homme dont le nom reste aujourd\u2019hui tr\u00e8s \u00e9troitement associ\u00e9 \u00e0 la \u00ab\u00a0<em>d\u00e9couverte\u00a0<\/em>\u00bb de la <strong>pomme de terre<\/strong>. Mais en concevant cette exposition, ses auteurs ont choisi d\u2019honorer, non seulement le vulgarisateur du pr\u00e9cieux tubercule, mais aussi l\u2019<strong>apothicaire<\/strong>, le <strong>pharmacien militaire<\/strong>, le missionnaire de l\u2019<strong>agriculture<\/strong>, le p\u00e8re de la <strong>boulangerie<\/strong> moderne, le grand serviteur de l\u2019\u00c9tat, en un mot\u00a0: l\u2019immense savant.<\/p>\n<figure id=\"attachment_1117\" aria-describedby=\"caption-attachment-1117\" style=\"width: 300px\" class=\"wp-caption alignleft\"><a title=\"Gravure Parmentier\" href=\"https:\/\/www.biusante.parisdescartes.fr\/parmentier\/img\/gd\/40013.jpg\" target=\"_blank\"><img loading=\"lazy\" decoding=\"async\" class=\"size-full wp-image-1117 \" title=\"Gravure Parmentier\" src=\"https:\/\/numerabilis.u-paris.fr\/medica\/blog\/wp-content\/uploads\/Parmentier2-300.jpg\" alt=\"Gravure Parmentier\" width=\"300\" height=\"383\" srcset=\"https:\/\/numerabilis.u-paris.fr\/medica\/blog\/wp-content\/uploads\/Parmentier2-300.jpg 300w, https:\/\/numerabilis.u-paris.fr\/medica\/blog\/wp-content\/uploads\/Parmentier2-300-234x300.jpg 234w\" sizes=\"(max-width: 300px) 85vw, 300px\" \/><\/a><figcaption id=\"caption-attachment-1117\" class=\"wp-caption-text\">Ne le nommez pas ! Il ne nous ferait manger que des pommes de terre &#8230; CHP-CNOP. Cote : INV. 1967 1.2043 (Tous droits r\u00e9serv\u00e9s)<\/figcaption><\/figure>\n<p>Une iconographie, rigoureusement s\u00e9lectionn\u00e9e et comment\u00e9e, accompagne le texte d\u2019Anne Muratori-Philip. Elle est principalement issue des riches collections de la BIU Sant\u00e9 <a title=\"Collections BIU Sant\u00e9 m\u00e9decine\" href=\"https:\/\/www.biusante.parisdescartes.fr\/medecine\/infosbib2.htm\" target=\"_blank\"><strong>M\u00e9decine<\/strong><\/a> et <a title=\"Collections BIU Sant\u00e9 pharmacie\" href=\"https:\/\/www.biusante.parisdescartes.fr\/pharmacie\/infosbib2.htm\" target=\"_blank\"><strong>Pharmacie<\/strong><\/a>, et du <a title=\"CHP-CNOP\" href=\"http:\/\/www.ordre.pharmacien.fr\/Art-et-patrimoine\" target=\"_blank\">Centre d\u2019histoire de la pharmacie \u2013 <strong>Conseil national de l\u2019ordre des pharmaciens<\/strong><\/a>, dont la collaboration a \u00e9t\u00e9 pr\u00e9cieuse. D\u2019autres institutions culturelles ou patrimoniales ont eu l\u2019amabilit\u00e9 de participer \u00e0 cet \u00e9v\u00e9nement comm\u00e9moratif\u00a0:\u00a0 en particulier, le <a title=\"Domaine de Sceaux\" href=\"http:\/\/domaine-de-sceaux.hauts-de-seine.net\/\" target=\"_blank\"><strong>Domaine de Sceaux<\/strong><\/a> et le <a title=\"Mus\u00e9e Jean-Jacques Rousseau\" href=\"http:\/\/museejjrousseau.montmorency.fr\/fr\" target=\"_blank\"><strong>Mus\u00e9e Jean-Jacques Rousseau<\/strong><\/a>.\u00a0 Sans oublier la participation de collectionneurs priv\u00e9s.<\/p>\n<p><a title=\"Exposition virtuelle Parmentier\" href=\"https:\/\/www.biusante.parisdescartes.fr\/parmentier\/\" target=\"_blank\"><em>Cliquez ici pour acc\u00e9der directement \u00e0 l&rsquo;exposition virtuelle.<\/em><\/a><\/p>\n<p><a title=\"Exposition virtuelle Parmentier\" href=\"https:\/\/www.biusante.parisdescartes.fr\/parmentier\/imutil\/Exposition_Parmentier.pdf\" target=\"_blank\">Neuf bonnes raisons de visiter l&rsquo;exposition<\/a>.<\/p>\n<p><a title=\"Affiche exposition Parmentier\" href=\"https:\/\/www.biusante.parisdescartes.fr\/parmentier\/imutil\/affiche.png\" target=\"_blank\">T\u00e9l\u00e9chargez l&rsquo;affiche de l&rsquo;exposition<\/a>.<\/p>\n<p>&nbsp;<\/p>\n<p>&nbsp;<\/p>\n<p><span style=\"text-decoration: underline;\">Contact<\/span> : <a href=\"&#x6d;&#x61;&#x69;&#108;&#116;o:&#x70;&#x68;&#x69;&#108;&#105;pp&#x65;&#x2e;&#x67;&#97;&#108;an&#x6f;&#x70;&#x6f;&#117;&#108;os&#x40;&#x62;&#x69;&#117;&#115;an&#x74;&#x65;&#x2e;&#112;&#97;&#114;i&#x73;&#x64;&#x65;&#x73;&#99;&#97;r&#x74;&#x65;&#x73;&#x2e;&#102;&#114;\">&#x70;&#x68;&#x69;&#x6c;&#x69;&#x70;&#x70;&#x65;&#x2e;&#x67;&#x61;&#x6c;&#x61;&#x6e;&#x6f;&#x70;&#x6f;&#x75;&#x6c;&#x6f;&#x73;&#x40;&#x62;&#x69;&#x75;&#x73;&#x61;&#x6e;&#x74;&#x65;&#x2e;&#x70;&#x61;&#x72;&#x69;&#x73;&#x64;&#x65;&#x73;&#x63;&#x61;&#x72;&#x74;&#x65;&#x73;&#x2e;&#x66;&#x72;<\/a><\/p>\n<p><!--more--><\/p>\n<div id=\"schema_block\" class=\"schema_event\"><div itemscope itemtype=\"http:\/\/schema.org\/EducationEvent\"><a class=\"schema_url\" target=\"_blank\" itemprop=\"url\" href=\"https:\/\/www.biusante.parisdescartes.fr\/parmentier\/\"><div class=\"schema_name\" itemprop=\"name\">Antoine-Augustin Parmentier, pharmacien et agronome (1737-1813)<\/div><\/a><div class=\"schema_description\" itemprop=\"description\">A l&#039;occasion du bicentenaire de la mort d\u2019Antoine-Augustin Parmentier (1737-1813), la BIU Sant\u00e9 a souhait\u00e9 lui consacrer une exposition virtuelle qui permet de red\u00e9couvrir l\u2019\u0153uvre immense de ce savant, pharmacien et agronome qui a pass\u00e9 50 ans de sa vie \u00e0 se battre pour am\u00e9liorer les conditions de vie des Fran\u00e7ais. <\/div><div><meta itemprop=\"startDate\" content=\"2013-04-15\">Debut: 04\/15\/2013<\/div><\/div><div itemprop=\"address\" itemscope itemtype=\"http:\/\/schema.org\/PostalAddress\"><div class=\"street\" itemprop=\"streetAddress\">12, rue de l'Ecole-de-M\u00e9decine<\/div><div class=\"city_state\"><span class=\"locale\" itemprop=\"addressLocality\">Paris<\/span>,<span class=\"region\" itemprop=\"addressRegion\"> \u00cele-de-France<\/span><\/div><div class=\"postalcode\" itemprop=\"postalCode\">75006<\/div><div class=\"country\" itemprop=\"addressCountry\">FR<\/div><\/div><\/div>\n","protected":false},"excerpt":{"rendered":"<p>En hommage \u00e0 Antoine-Augustin PARMENTIER, la BIU Sant\u00e9 vous pr\u00e9sente sa nouvelle exposition virtuelle. Cliquez ici pour acc\u00e9der directement \u00e0 l&rsquo;exposition virtuelle. \u00c0\u00a0l&rsquo;occasion du bicentenaire de la mort d\u2019Antoine-Augustin Parmentier, la BIU Sant\u00e9 a souhait\u00e9 lui consacrer une exposition virtuelle qui permet de red\u00e9couvrir l\u2019\u0153uvre immense de ce savant, pharmacien et agronome qui a pass\u00e9 &hellip; <a href=\"https:\/\/numerabilis.u-paris.fr\/medica\/blog\/index.php\/expo-virtuelle-parmentier\/\" class=\"more-link\">Continuer la lecture<span class=\"screen-reader-text\"> de &laquo;&nbsp;Antoine-Augustin Parmentier (1737-1813) : pharmacien et agronome&nbsp;&raquo;<\/span><\/a><\/p>\n","protected":false},"author":1,"featured_media":0,"comment_status":"open","ping_status":"open","sticky":false,"template":"","format":"standard","meta":{"_monsterinsights_skip_tracking":false,"_monsterinsights_sitenote_active":false,"_monsterinsights_sitenote_note":"","_monsterinsights_sitenote_category":0,"footnotes":""},"categories":[7,15],"tags":[55,53,13,29,10,12,24],"class_list":["post-1054","post","type-post","status-publish","format-standard","hentry","category-histoiresante","category-pharmacie-biologie-cosmetologie","tag-18e-s","tag-19e-s","tag-biographies","tag-botanique","tag-exposition","tag-histoire-de-la-pharmacie","tag-medic"],"_links":{"self":[{"href":"https:\/\/numerabilis.u-paris.fr\/medica\/blog\/index.php\/wp-json\/wp\/v2\/posts\/1054"}],"collection":[{"href":"https:\/\/numerabilis.u-paris.fr\/medica\/blog\/index.php\/wp-json\/wp\/v2\/posts"}],"about":[{"href":"https:\/\/numerabilis.u-paris.fr\/medica\/blog\/index.php\/wp-json\/wp\/v2\/types\/post"}],"author":[{"embeddable":true,"href":"https:\/\/numerabilis.u-paris.fr\/medica\/blog\/index.php\/wp-json\/wp\/v2\/users\/1"}],"replies":[{"embeddable":true,"href":"https:\/\/numerabilis.u-paris.fr\/medica\/blog\/index.php\/wp-json\/wp\/v2\/comments?post=1054"}],"version-history":[{"count":35,"href":"https:\/\/numerabilis.u-paris.fr\/medica\/blog\/index.php\/wp-json\/wp\/v2\/posts\/1054\/revisions"}],"predecessor-version":[{"id":13331,"href":"https:\/\/numerabilis.u-paris.fr\/medica\/blog\/index.php\/wp-json\/wp\/v2\/posts\/1054\/revisions\/13331"}],"wp:attachment":[{"href":"https:\/\/numerabilis.u-paris.fr\/medica\/blog\/index.php\/wp-json\/wp\/v2\/media?parent=1054"}],"wp:term":[{"taxonomy":"category","embeddable":true,"href":"https:\/\/numerabilis.u-paris.fr\/medica\/blog\/index.php\/wp-json\/wp\/v2\/categories?post=1054"},{"taxonomy":"post_tag","embeddable":true,"href":"https:\/\/numerabilis.u-paris.fr\/medica\/blog\/index.php\/wp-json\/wp\/v2\/tags?post=1054"}],"curies":[{"name":"wp","href":"https:\/\/api.w.org\/{rel}","templated":true}]}}