{"id":10603,"date":"2016-05-17T11:26:50","date_gmt":"2016-05-17T09:26:50","guid":{"rendered":"https:\/\/numerabilis.u-paris.fr\/medica\/blog\/?p=10603"},"modified":"2016-05-17T11:26:50","modified_gmt":"2016-05-17T09:26:50","slug":"acces-modifie-pole-medecine-18","status":"publish","type":"post","link":"https:\/\/numerabilis.u-paris.fr\/medica\/blog\/index.php\/acces-modifie-pole-medecine-18\/","title":{"rendered":"Acc\u00e8s modifi\u00e9 au p\u00f4le M\u00e9decine (18-21\/5)"},"content":{"rendered":"<p>Attention, l&rsquo;acc\u00e8s au <strong>p\u00f4le M\u00e9decine<\/strong> de la BIU Sant\u00e9 sera <strong>modifi\u00e9<\/strong> <strong>du 18 au 21 mai 2016 inclus<\/strong>.<\/p>\n<p>Pendant ces 4 jours, l&rsquo;<strong>acc\u00e8s<\/strong> \u00e0 l&rsquo;universit\u00e9 se fera par le <strong><em>85, boulevard Saint-Germain<\/em><\/strong>.<\/p>\n<p><strong>Si la porte est ferm\u00e9e, SONNEZ pour qu&rsquo;on vous ouvre !<\/strong><\/p>\n<p style=\"text-align: center;\"><img loading=\"lazy\" decoding=\"async\" class=\"size-full wp-image-8438 aligncenter\" title=\"85bsg\" src=\"https:\/\/numerabilis.u-paris.fr\/medica\/blog\/wp-content\/uploads\/85bsg.jpg\" alt=\"\" width=\"600\" height=\"342\" \/><\/p>\n<p><strong>La biblioth\u00e8que sera ouverte normalement<\/strong> de 9h \u00e0 20h pendant ces 4 jours.<\/p>\n<p><em>Nous vous prions de nous excuser pour la g\u00eane occasionn\u00e9e.<\/em><\/p>\n","protected":false},"excerpt":{"rendered":"<p>Attention, l&rsquo;acc\u00e8s au p\u00f4le M\u00e9decine de la BIU Sant\u00e9 sera modifi\u00e9 du 18 au 21 mai 2016 inclus. Pendant ces 4 jours, l&rsquo;acc\u00e8s \u00e0 l&rsquo;universit\u00e9 se fera par le 85, boulevard Saint-Germain. Si la porte est ferm\u00e9e, SONNEZ pour qu&rsquo;on vous ouvre ! La biblioth\u00e8que sera ouverte normalement de 9h \u00e0 20h pendant ces 4 &hellip; <a href=\"https:\/\/numerabilis.u-paris.fr\/medica\/blog\/index.php\/acces-modifie-pole-medecine-18\/\" class=\"more-link\">Continuer la lecture<span class=\"screen-reader-text\"> de &laquo;&nbsp;Acc\u00e8s modifi\u00e9 au p\u00f4le M\u00e9decine (18-21\/5)&nbsp;&raquo;<\/span><\/a><\/p>\n","protected":false},"author":1,"featured_media":0,"comment_status":"open","ping_status":"open","sticky":false,"template":"","format":"standard","meta":{"_monsterinsights_skip_tracking":false,"_monsterinsights_sitenote_active":false,"_monsterinsights_sitenote_note":"","_monsterinsights_sitenote_category":0,"footnotes":""},"categories":[7,14],"tags":[43],"class_list":["post-10603","post","type-post","status-publish","format-standard","hentry","category-histoiresante","category-medecine-odontologie","tag-acces"],"_links":{"self":[{"href":"https:\/\/numerabilis.u-paris.fr\/medica\/blog\/index.php\/wp-json\/wp\/v2\/posts\/10603"}],"collection":[{"href":"https:\/\/numerabilis.u-paris.fr\/medica\/blog\/index.php\/wp-json\/wp\/v2\/posts"}],"about":[{"href":"https:\/\/numerabilis.u-paris.fr\/medica\/blog\/index.php\/wp-json\/wp\/v2\/types\/post"}],"author":[{"embeddable":true,"href":"https:\/\/numerabilis.u-paris.fr\/medica\/blog\/index.php\/wp-json\/wp\/v2\/users\/1"}],"replies":[{"embeddable":true,"href":"https:\/\/numerabilis.u-paris.fr\/medica\/blog\/index.php\/wp-json\/wp\/v2\/comments?post=10603"}],"version-history":[{"count":1,"href":"https:\/\/numerabilis.u-paris.fr\/medica\/blog\/index.php\/wp-json\/wp\/v2\/posts\/10603\/revisions"}],"predecessor-version":[{"id":10604,"href":"https:\/\/numerabilis.u-paris.fr\/medica\/blog\/index.php\/wp-json\/wp\/v2\/posts\/10603\/revisions\/10604"}],"wp:attachment":[{"href":"https:\/\/numerabilis.u-paris.fr\/medica\/blog\/index.php\/wp-json\/wp\/v2\/media?parent=10603"}],"wp:term":[{"taxonomy":"category","embeddable":true,"href":"https:\/\/numerabilis.u-paris.fr\/medica\/blog\/index.php\/wp-json\/wp\/v2\/categories?post=10603"},{"taxonomy":"post_tag","embeddable":true,"href":"https:\/\/numerabilis.u-paris.fr\/medica\/blog\/index.php\/wp-json\/wp\/v2\/tags?post=10603"}],"curies":[{"name":"wp","href":"https:\/\/api.w.org\/{rel}","templated":true}]}}