{"id":1069,"date":"2013-04-12T13:01:20","date_gmt":"2013-04-12T12:01:20","guid":{"rendered":"https:\/\/numerabilis.u-paris.fr\/medica\/blog\/?p=1069"},"modified":"2013-05-23T14:40:49","modified_gmt":"2013-05-23T12:40:49","slug":"conference-histoire-pollution-industrielle-france-1789-1914","status":"publish","type":"post","link":"https:\/\/numerabilis.u-paris.fr\/medica\/blog\/index.php\/conference-histoire-pollution-industrielle-france-1789-1914\/","title":{"rendered":"Conf\u00e9rence : Histoire de la pollution industrielle en France (1789-1914)"},"content":{"rendered":"<p>Suite du cycle de<strong> conf\u00e9rences en histoire de la m\u00e9decine et de la sant\u00e9 publique (du XVIIIe au XXe si\u00e8cles)<\/strong> \u00e0 la <a title=\"Facult\u00e9 de m\u00e9decine Paris Descartes\" href=\"http:\/\/www.medecine.parisdescartes.fr\/\" target=\"_blank\">facult\u00e9 de m\u00e9decine Paris Descartes<\/a>.<\/p>\n<p>La prochaine conf\u00e9rence aura lieu le<strong> jeudi 18 avril 2013, de 18h \u00e0 20h <\/strong><span style=\"text-decoration: underline;\"><em>(au 15, rue de l\u2019\u00c9cole-de-M\u00e9decine, attention aux acc\u00e8s perturb\u00e9s par les travaux !)<\/em><\/span> :<em><\/em><span style=\"text-decoration: underline;\"><em><br \/>\n<\/em><\/span><\/p>\n<h2><em><strong>\u00abHistoire de la pollution industrielle en France (1789-1914)<\/strong><\/em>\u00bb<\/h2>\n<p><em>\u00ab\u00a0Comment nous sommes entr\u00e9s dans un monde non soutenable. Une histoire de la pollution industrielle (XVIIIe-XXe si\u00e8cle).\u00a0\u00bb<\/em><\/p>\n<p>Par <strong><a title=\"Genevi\u00e8ve Massard-Guilbaud\" href=\"http:\/\/bit.ly\/10JyyXn\" target=\"_blank\">Genevi\u00e8ve Massard-Guilbaud<\/a>, historienne, directrice d&rsquo;\u00e9tudes \u00e0 l&rsquo;<a title=\"EHESS\" href=\"http:\/\/www.ehess.fr\" target=\"_blank\">EHESS<\/a> (Paris)<\/strong>.<\/p>\n<figure id=\"attachment_1077\" aria-describedby=\"caption-attachment-1077\" style=\"width: 600px\" class=\"wp-caption aligncenter\"><a title=\"Mus\u00e9e de l'\u00cele-de-France\" href=\"http:\/\/domaine-de-sceaux.hauts-de-seine.net\/ledomaine\/chateaux\/\" target=\"_blank\"><img loading=\"lazy\" decoding=\"async\" class=\"size-full wp-image-1077 \" title=\"Maurice Fallies, Les usines \u00e0 Saint-Denis \" src=\"https:\/\/numerabilis.u-paris.fr\/medica\/blog\/wp-content\/uploads\/Fallies.jpg\" alt=\"Maurice Fallies, Les usines \u00e0 Saint-Denis \" width=\"600\" height=\"391\" srcset=\"https:\/\/numerabilis.u-paris.fr\/medica\/blog\/wp-content\/uploads\/Fallies.jpg 600w, https:\/\/numerabilis.u-paris.fr\/medica\/blog\/wp-content\/uploads\/Fallies-300x195.jpg 300w\" sizes=\"(max-width: 709px) 85vw, (max-width: 909px) 67vw, (max-width: 984px) 61vw, (max-width: 1362px) 45vw, 600px\" \/><\/a><figcaption id=\"caption-attachment-1077\" class=\"wp-caption-text\">Maurice Fallies, Les usines \u00e0 Saint-Denis. Coll. mus\u00e9e de l&rsquo;\u00cele-de-France, Sceaux. Droit r\u00e9serv\u00e9. Photo. Pascal Lema\u00eetre.<\/figcaption><\/figure>\n<p>Ces conf\u00e9rences-d\u00e9bats s\u2019adressent aux professionnels de sant\u00e9, universitaires, \u00e9tudiants, curieux&#8230; et se veulent un temps de rencontres et d\u2019\u00e9changes entre les participants et les chercheurs en sciences humaines et en m\u00e9decine sp\u00e9cialistes de l\u2019histoire de ces questions.<\/p>\n<p>Au 15, rue de l&rsquo;\u00c9cole-de-M\u00e9decine (c\u00f4t\u00e9 Cordeliers), 75005 Paris, amphith\u00e9\u00e2tre Portier, 2e \u00e9tage (ascenseur pour les personnes \u00e0 mobilit\u00e9 r\u00e9duite).<\/p>\n<p>M\u00e9tros Cluny-La Sorbonne, Saint-Michel, Od\u00e9on.<\/p>\n<p>Retrouvez le <a title=\"Programme 2013 conf\u00e9rences en histoire de la m\u00e9decine et de la sant\u00e9 publique\" href=\"http:\/\/calenda.org\/233560\" target=\"_blank\">programme complet des conf\u00e9rences en cliquant sur ce lien<\/a>.<\/p>\n<p><img decoding=\"async\" title=\"Lire la suite\u2026\" src=\"https:\/\/numerabilis.u-paris.fr\/medica\/blog\/wp-includes\/js\/tinymce\/plugins\/wordpress\/img\/trans.gif\" alt=\"\" \/><img decoding=\"async\" title=\"Lire la suite\u2026\" src=\"https:\/\/numerabilis.u-paris.fr\/medica\/blog\/wp-includes\/js\/tinymce\/plugins\/wordpress\/img\/trans.gif\" alt=\"\" \/><!--more--><\/p>\n<p><img decoding=\"async\" title=\"Lire la suite\u2026\" src=\"https:\/\/numerabilis.u-paris.fr\/medica\/blog\/wp-includes\/js\/tinymce\/plugins\/wordpress\/img\/trans.gif\" alt=\"\" \/><div id=\"schema_block\" class=\"schema_event\"><div itemscope itemtype=\"http:\/\/schema.org\/EducationEvent\"><a class=\"schema_url\" target=\"_blank\" itemprop=\"url\" href=\"http:\/\/goo.gl\/JmmUQ\"><div class=\"schema_name\" itemprop=\"name\">Histoire de la pollution industrielle en France (1789-1914)<\/div><\/a><div class=\"schema_description\" itemprop=\"description\">A partir du 24 janvier 2013, un cycle de conf\u00e9rences en histoire de la m\u00e9decine et de la sant\u00e9 publique (du XVIIIe au XXe si\u00e8cles) se d\u00e9roulera \u00e0 la facult\u00e9 de m\u00e9decine Paris Descartes.<\/div><div><meta itemprop=\"startDate\" content=\"2013-04-04\">Debut: 04\/04\/2013<\/div><div><meta itemprop=\"endDate\" content=\"2013-04-04:00.000\">Fin: 04\/04\/2013<\/div><div><meta itemprop=\"duration\" content=\"0000-00-00T02:00\">Duree: 2 heures:<\/div><\/div><div itemprop=\"address\" itemscope itemtype=\"http:\/\/schema.org\/PostalAddress\"><div class=\"street\" itemprop=\"streetAddress\">15, rue de l'Ecole-de-M\u00e9decine, 75006 Paris<\/div><div class=\"city_state\"><span class=\"locale\" itemprop=\"addressLocality\">Paris<\/span>,<span class=\"region\" itemprop=\"addressRegion\"> \u00cele-de-France<\/span><\/div><div class=\"postalcode\" itemprop=\"postalCode\">75006<\/div><div class=\"country\" itemprop=\"addressCountry\">FR<\/div><\/div><\/div><\/p>\n","protected":false},"excerpt":{"rendered":"<p>Suite du cycle de conf\u00e9rences en histoire de la m\u00e9decine et de la sant\u00e9 publique (du XVIIIe au XXe si\u00e8cles) \u00e0 la facult\u00e9 de m\u00e9decine Paris Descartes. La prochaine conf\u00e9rence aura lieu le jeudi 18 avril 2013, de 18h \u00e0 20h (au 15, rue de l\u2019\u00c9cole-de-M\u00e9decine, attention aux acc\u00e8s perturb\u00e9s par les travaux !) : &hellip; <a href=\"https:\/\/numerabilis.u-paris.fr\/medica\/blog\/index.php\/conference-histoire-pollution-industrielle-france-1789-1914\/\" class=\"more-link\">Continuer la lecture<span class=\"screen-reader-text\"> de &laquo;&nbsp;Conf\u00e9rence : Histoire de la pollution industrielle en France (1789-1914)&nbsp;&raquo;<\/span><\/a><\/p>\n","protected":false},"author":1,"featured_media":1077,"comment_status":"open","ping_status":"open","sticky":false,"template":"","format":"standard","meta":{"_monsterinsights_skip_tracking":false,"_monsterinsights_sitenote_active":false,"_monsterinsights_sitenote_note":"","_monsterinsights_sitenote_category":0,"footnotes":""},"categories":[7],"tags":[53,23],"class_list":["post-1069","post","type-post","status-publish","format-standard","has-post-thumbnail","hentry","category-histoiresante","tag-19e-s","tag-conference"],"_links":{"self":[{"href":"https:\/\/numerabilis.u-paris.fr\/medica\/blog\/index.php\/wp-json\/wp\/v2\/posts\/1069"}],"collection":[{"href":"https:\/\/numerabilis.u-paris.fr\/medica\/blog\/index.php\/wp-json\/wp\/v2\/posts"}],"about":[{"href":"https:\/\/numerabilis.u-paris.fr\/medica\/blog\/index.php\/wp-json\/wp\/v2\/types\/post"}],"author":[{"embeddable":true,"href":"https:\/\/numerabilis.u-paris.fr\/medica\/blog\/index.php\/wp-json\/wp\/v2\/users\/1"}],"replies":[{"embeddable":true,"href":"https:\/\/numerabilis.u-paris.fr\/medica\/blog\/index.php\/wp-json\/wp\/v2\/comments?post=1069"}],"version-history":[{"count":17,"href":"https:\/\/numerabilis.u-paris.fr\/medica\/blog\/index.php\/wp-json\/wp\/v2\/posts\/1069\/revisions"}],"predecessor-version":[{"id":1088,"href":"https:\/\/numerabilis.u-paris.fr\/medica\/blog\/index.php\/wp-json\/wp\/v2\/posts\/1069\/revisions\/1088"}],"wp:featuredmedia":[{"embeddable":true,"href":"https:\/\/numerabilis.u-paris.fr\/medica\/blog\/index.php\/wp-json\/wp\/v2\/media\/1077"}],"wp:attachment":[{"href":"https:\/\/numerabilis.u-paris.fr\/medica\/blog\/index.php\/wp-json\/wp\/v2\/media?parent=1069"}],"wp:term":[{"taxonomy":"category","embeddable":true,"href":"https:\/\/numerabilis.u-paris.fr\/medica\/blog\/index.php\/wp-json\/wp\/v2\/categories?post=1069"},{"taxonomy":"post_tag","embeddable":true,"href":"https:\/\/numerabilis.u-paris.fr\/medica\/blog\/index.php\/wp-json\/wp\/v2\/tags?post=1069"}],"curies":[{"name":"wp","href":"https:\/\/api.w.org\/{rel}","templated":true}]}}