{"id":10825,"date":"2016-06-06T10:31:31","date_gmt":"2016-06-06T08:31:31","guid":{"rendered":"https:\/\/numerabilis.u-paris.fr\/medica\/blog\/?p=10825"},"modified":"2016-06-06T10:31:31","modified_gmt":"2016-06-06T08:31:31","slug":"acces-modifie-pole-medecine-1106","status":"publish","type":"post","link":"https:\/\/numerabilis.u-paris.fr\/medica\/blog\/index.php\/acces-modifie-pole-medecine-1106\/","title":{"rendered":"Acc\u00e8s modifi\u00e9 au p\u00f4le M\u00e9decine (11\/06)"},"content":{"rendered":"<p>Attention, l&rsquo;acc\u00e8s au <strong>p\u00f4le M\u00e9decine<\/strong> de la BIU Sant\u00e9 sera <strong>modifi\u00e9<\/strong> <strong>le samedi 11 juin 2016<\/strong>.<\/p>\n<p><strong>Toute la journ\u00e9e,<\/strong> l&rsquo;<strong>acc\u00e8s<\/strong> \u00e0 l&rsquo;universit\u00e9 se fera par le <strong><em>85, boulevard Saint-Germain<\/em><\/strong>.<\/p>\n<p><strong>Si la porte est ferm\u00e9e, SONNEZ pour qu&rsquo;on vous ouvre !<\/strong><\/p>\n<p style=\"text-align: center;\"><img loading=\"lazy\" decoding=\"async\" class=\"size-full wp-image-8438 aligncenter\" title=\"85bsg\" src=\"https:\/\/numerabilis.u-paris.fr\/medica\/blog\/wp-content\/uploads\/85bsg.jpg\" alt=\"\" width=\"600\" height=\"342\" \/><\/p>\n<p><strong>La biblioth\u00e8que sera ouverte normalement<\/strong> de 9h \u00e0 20h.<\/p>\n<p><em>Nous vous prions de nous excuser pour la g\u00eane occasionn\u00e9e.<\/em><\/p>\n","protected":false},"excerpt":{"rendered":"<p>Attention, l&rsquo;acc\u00e8s au p\u00f4le M\u00e9decine de la BIU Sant\u00e9 sera modifi\u00e9 le samedi 11 juin 2016. Toute la journ\u00e9e, l&rsquo;acc\u00e8s \u00e0 l&rsquo;universit\u00e9 se fera par le 85, boulevard Saint-Germain. Si la porte est ferm\u00e9e, SONNEZ pour qu&rsquo;on vous ouvre ! La biblioth\u00e8que sera ouverte normalement de 9h \u00e0 20h. Nous vous prions de nous excuser &hellip; <a href=\"https:\/\/numerabilis.u-paris.fr\/medica\/blog\/index.php\/acces-modifie-pole-medecine-1106\/\" class=\"more-link\">Continuer la lecture<span class=\"screen-reader-text\"> de &laquo;&nbsp;Acc\u00e8s modifi\u00e9 au p\u00f4le M\u00e9decine (11\/06)&nbsp;&raquo;<\/span><\/a><\/p>\n","protected":false},"author":21,"featured_media":0,"comment_status":"open","ping_status":"open","sticky":false,"template":"","format":"standard","meta":{"_monsterinsights_skip_tracking":false,"_monsterinsights_sitenote_active":false,"_monsterinsights_sitenote_note":"","_monsterinsights_sitenote_category":0,"footnotes":""},"categories":[7,14],"tags":[43],"class_list":["post-10825","post","type-post","status-publish","format-standard","hentry","category-histoiresante","category-medecine-odontologie","tag-acces"],"_links":{"self":[{"href":"https:\/\/numerabilis.u-paris.fr\/medica\/blog\/index.php\/wp-json\/wp\/v2\/posts\/10825"}],"collection":[{"href":"https:\/\/numerabilis.u-paris.fr\/medica\/blog\/index.php\/wp-json\/wp\/v2\/posts"}],"about":[{"href":"https:\/\/numerabilis.u-paris.fr\/medica\/blog\/index.php\/wp-json\/wp\/v2\/types\/post"}],"author":[{"embeddable":true,"href":"https:\/\/numerabilis.u-paris.fr\/medica\/blog\/index.php\/wp-json\/wp\/v2\/users\/21"}],"replies":[{"embeddable":true,"href":"https:\/\/numerabilis.u-paris.fr\/medica\/blog\/index.php\/wp-json\/wp\/v2\/comments?post=10825"}],"version-history":[{"count":3,"href":"https:\/\/numerabilis.u-paris.fr\/medica\/blog\/index.php\/wp-json\/wp\/v2\/posts\/10825\/revisions"}],"predecessor-version":[{"id":10945,"href":"https:\/\/numerabilis.u-paris.fr\/medica\/blog\/index.php\/wp-json\/wp\/v2\/posts\/10825\/revisions\/10945"}],"wp:attachment":[{"href":"https:\/\/numerabilis.u-paris.fr\/medica\/blog\/index.php\/wp-json\/wp\/v2\/media?parent=10825"}],"wp:term":[{"taxonomy":"category","embeddable":true,"href":"https:\/\/numerabilis.u-paris.fr\/medica\/blog\/index.php\/wp-json\/wp\/v2\/categories?post=10825"},{"taxonomy":"post_tag","embeddable":true,"href":"https:\/\/numerabilis.u-paris.fr\/medica\/blog\/index.php\/wp-json\/wp\/v2\/tags?post=10825"}],"curies":[{"name":"wp","href":"https:\/\/api.w.org\/{rel}","templated":true}]}}