{"id":10986,"date":"2016-07-07T14:29:40","date_gmt":"2016-07-07T12:29:40","guid":{"rendered":"https:\/\/numerabilis.u-paris.fr\/medica\/blog\/?p=10986"},"modified":"2016-07-07T14:29:40","modified_gmt":"2016-07-07T12:29:40","slug":"cyclo-biblio-2016","status":"publish","type":"post","link":"https:\/\/numerabilis.u-paris.fr\/medica\/blog\/index.php\/cyclo-biblio-2016\/","title":{"rendered":"V\u00e9lorution et (BIU) sant\u00e9"},"content":{"rendered":"<p><em><a href=\"https:\/\/numerabilis.u-paris.fr\/medica\/blog\/wp-content\/uploads\/logo-cb-wl2-289x300.png\" rel=\"attachment wp-att-11001\"><img loading=\"lazy\" decoding=\"async\" class=\"alignleft wp-image-11001 size-thumbnail\" src=\"https:\/\/numerabilis.u-paris.fr\/medica\/blog\/wp-content\/uploads\/logo-cb-wl2-289x300-150x150.png\" alt=\"logo-cb-wl2-289x300\" width=\"150\" height=\"150\" \/><\/a><a href=\"http:\/\/www.cyclingforlibraries.org\/?page_id=6856\" target=\"_blank\">Cycling for libraries<\/a><\/em> (dans sa version fran\u00e7aise <em><a href=\"http:\/\/www.cyclingforlibraries.org\/?page_id=8790\" target=\"_blank\">Cyclo-biblio<\/a><\/em>) est une initiative <strong>finlandaise<\/strong>, import\u00e9e en France depuis 2014 : des <strong>biblioth\u00e9caires<\/strong> &#8211; <em>ou des amoureux de biblioth\u00e8ques<\/em> &#8211; se retrouvent pendant une semaine pour parcourir les routes de France \u00e0 <strong>v\u00e9lo<\/strong> et d\u00e9battre de leur m\u00e9tier en p\u00e9dalant. Ils en profitent pour d\u00e9couvrir les <strong>biblioth\u00e8ques<\/strong> jalonnant leur parcours, \u00e9changer avec d&rsquo;autres professionnels et aller \u00e0 la rencontre du public.<\/p>\n<p><img loading=\"lazy\" decoding=\"async\" class=\"alignright size-medium wp-image-10998\" title=\"\" src=\"https:\/\/numerabilis.u-paris.fr\/medica\/blog\/wp-content\/uploads\/EmmanuellePrevost-1-225x300.jpg\" alt=\"EmmanuellePrevost\" width=\"225\" height=\"300\" srcset=\"https:\/\/numerabilis.u-paris.fr\/medica\/blog\/wp-content\/uploads\/EmmanuellePrevost-1-225x300.jpg 225w, https:\/\/numerabilis.u-paris.fr\/medica\/blog\/wp-content\/uploads\/EmmanuellePrevost-1.jpg 768w\" sizes=\"(max-width: 225px) 85vw, 225px\" \/>Chaque ann\u00e9e un th\u00e8me. <a href=\"http:\/\/www.cyclingforlibraries.org\/?page_id=8790\" target=\"_blank\">En 2016, il s&rsquo;agissait des <strong>biblioth\u00e8ques participatives<\/strong><\/a>, avec un <em>itin\u00e9raire entre Toulouse et Bordeaux<\/em>.<\/p>\n<p><a href=\"http:\/\/www.cyclingforlibraries.org\/?p=10437\" target=\"_blank\">Emmanuelle Prevost<\/a>, de la BIU Sant\u00e9, y a particip\u00e9, ainsi qu&rsquo;<a href=\"http:\/\/www.cyclingforlibraries.org\/?p=10261\" target=\"_blank\">\u00c9lisabeth Collin-Canto<\/a>, du SCD Paris Descartes &#8211; avec une\u00a0 cinquantaine d&rsquo;autres volontaires.<\/p>\n<p>Retrouvez sur le compte <strong><em>Facebook<\/em> <\/strong>de la BIU Sant\u00e9 les images glan\u00e9es par <strong>Emmanuelle Prevost<\/strong> au gr\u00e9 du chemin et des visites.<\/p>\n<p><iframe loading=\"lazy\" style=\"border: none; overflow: hidden;\" src=\"https:\/\/www.facebook.com\/plugins\/post.php?href=https%3A%2F%2Fwww.facebook.com%2Fmedia%2Fset%2F%3Fset%3Da.1181755081860318.1073741835.404038766298624%26type%3D3&amp;width=500\" width=\"500\" height=\"644\" frameborder=\"0\" scrolling=\"no\"><\/iframe><\/p>\n<p><a href=\"https:\/\/numerabilis.u-paris.fr\/medica\/blog\/wp-content\/uploads\/CISA1073.jpg\" rel=\"attachment wp-att-10994\"><img loading=\"lazy\" decoding=\"async\" class=\"alignleft wp-image-10994 size-medium\" title=\"\" src=\"https:\/\/numerabilis.u-paris.fr\/medica\/blog\/wp-content\/uploads\/CISA1073-300x191.jpg\" alt=\"CISA1073\" width=\"300\" height=\"191\" srcset=\"https:\/\/numerabilis.u-paris.fr\/medica\/blog\/wp-content\/uploads\/CISA1073-300x191.jpg 300w, https:\/\/numerabilis.u-paris.fr\/medica\/blog\/wp-content\/uploads\/CISA1073-768x490.jpg 768w, https:\/\/numerabilis.u-paris.fr\/medica\/blog\/wp-content\/uploads\/CISA1073.jpg 1000w\" sizes=\"(max-width: 300px) 85vw, 300px\" \/><\/a>Des <strong>bicyclettes<\/strong>, il y en a aussi qui se cachent dans les collections de la BIU Sant\u00e9. Tout d&rsquo;abord dans le catalogue, avec de nombreux ouvrages sur <a href=\"http:\/\/catalogue.biusante.parisdescartes.fr\/ipac20\/ipac.jsp?session=LH66610242930.412&amp;menu=search&amp;aspect=subtab98&amp;npp=20&amp;ipp=20&amp;spp=20&amp;profile=biusante2&amp;ri=1&amp;source=%7E%21apothicat&amp;index=.GK&amp;term=cyclisme&amp;x=0&amp;y=0&amp;aspect=subtab98\" target=\"_blank\">cyclisme et sant\u00e9<\/a>, ou sur <a href=\"http:\/\/catalogue.biusante.parisdescartes.fr\/ipac20\/ipac.jsp?index=.GK&amp;term=bicyclette\" target=\"_blank\">la bicyclette<\/a>.<\/p>\n<p>Retrouvez \u00e9galement des <strong>documents patrimoniaux<\/strong> sur la <em>petite reine<\/em> dans <a href=\"https:\/\/www.biusante.parisdescartes.fr\/histoire\/medica\/resultats\/index.php?do=fullsearch&amp;tout=bicyclette&amp;op=OU&amp;tout2=&amp;statut=charge\" target=\"_blank\">notre biblioth\u00e8que num\u00e9rique <em>Medic@<\/em><\/a>, ainsi que dans <a href=\"https:\/\/www.biusante.parisdescartes.fr\/histoire\/images\/index.php?mod=s&amp;tout=bicyclette\" target=\"_blank\">notre banque d&rsquo;images<\/a>.<\/p>\n<p>Par exemple, <a href=\"https:\/\/www.biusante.parisdescartes.fr\/histmed\/medica\/page?marey033&amp;p=1\" target=\"_blank\">cette discussion sur les int\u00e9r\u00eats du v\u00e9lo<\/a>, \u00e0 l&rsquo;Acad\u00e9mie de m\u00e9decine en 1894, par <a href=\"https:\/\/www.biusante.parisdescartes.fr\/histoire\/medica\/marey\/\" target=\"_blank\">\u00c9tienne-Jules Marey<\/a>.<\/p>\n<h2>En savoir plus<\/h2>\n<p><a href=\"http:\/\/www.cyclingforlibraries.org\/?page_id=6856\" target=\"_blank\">Le site de <em>Cyclo-biblio<\/em><\/a><\/p>\n<p><a href=\"http:\/\/descartesinfo.parisdescartes.fr\/2016\/06\/17\/sur-la-route\/\" target=\"_blank\">Interview d&rsquo;Emmanuelle Prevost et Elisabeth Collin-Canto sur le site de Paris Descartes<\/a><\/p>\n<p><a href=\"https:\/\/www.facebook.com\/cyclobiblio\/\" target=\"_blank\">La page <em>Facebook<\/em> de <em>Cyclo-biblio<\/em><\/a><\/p>\n<p><a href=\"http:\/\/www.livreshebdo.fr\/thematiques\/cyclo-biblio\" target=\"_blank\">Des articles de <em>Livres Hebdo<\/em> sur <em>Cyclo-biblio<\/em><\/a><\/p>\n<p>Et pour finir, un reportage audio sur cette aventure :<\/p>\n<p><iframe loading=\"lazy\" src=\"https:\/\/w.soundcloud.com\/player\/?url=https%3A\/\/api.soundcloud.com\/tracks\/271206416&amp;auto_play=false&amp;hide_related=false&amp;show_comments=true&amp;show_user=true&amp;show_reposts=false&amp;visual=true\" width=\"100%\" height=\"450\" frameborder=\"no\" scrolling=\"no\"><\/iframe><\/p>\n<p>&nbsp;<\/p>\n<p>&nbsp;<\/p>\n","protected":false},"excerpt":{"rendered":"<p>Cycling for libraries (dans sa version fran\u00e7aise Cyclo-biblio) est une initiative finlandaise, import\u00e9e en France depuis 2014 : des biblioth\u00e9caires &#8211; ou des amoureux de biblioth\u00e8ques &#8211; se retrouvent pendant une semaine pour parcourir les routes de France \u00e0 v\u00e9lo et d\u00e9battre de leur m\u00e9tier en p\u00e9dalant. Ils en profitent pour d\u00e9couvrir les biblioth\u00e8ques jalonnant &hellip; <a href=\"https:\/\/numerabilis.u-paris.fr\/medica\/blog\/index.php\/cyclo-biblio-2016\/\" class=\"more-link\">Continuer la lecture<span class=\"screen-reader-text\"> de &laquo;&nbsp;V\u00e9lorution et (BIU) sant\u00e9&nbsp;&raquo;<\/span><\/a><\/p>\n","protected":false},"author":1,"featured_media":0,"comment_status":"open","ping_status":"open","sticky":false,"template":"","format":"standard","meta":{"_monsterinsights_skip_tracking":false,"_monsterinsights_sitenote_active":false,"_monsterinsights_sitenote_note":"","_monsterinsights_sitenote_category":0,"footnotes":""},"categories":[14],"tags":[134,133],"class_list":["post-10986","post","type-post","status-publish","format-standard","hentry","category-medecine-odontologie","tag-bibliothecaire","tag-bibliotheque"],"_links":{"self":[{"href":"https:\/\/numerabilis.u-paris.fr\/medica\/blog\/index.php\/wp-json\/wp\/v2\/posts\/10986"}],"collection":[{"href":"https:\/\/numerabilis.u-paris.fr\/medica\/blog\/index.php\/wp-json\/wp\/v2\/posts"}],"about":[{"href":"https:\/\/numerabilis.u-paris.fr\/medica\/blog\/index.php\/wp-json\/wp\/v2\/types\/post"}],"author":[{"embeddable":true,"href":"https:\/\/numerabilis.u-paris.fr\/medica\/blog\/index.php\/wp-json\/wp\/v2\/users\/1"}],"replies":[{"embeddable":true,"href":"https:\/\/numerabilis.u-paris.fr\/medica\/blog\/index.php\/wp-json\/wp\/v2\/comments?post=10986"}],"version-history":[{"count":22,"href":"https:\/\/numerabilis.u-paris.fr\/medica\/blog\/index.php\/wp-json\/wp\/v2\/posts\/10986\/revisions"}],"predecessor-version":[{"id":11304,"href":"https:\/\/numerabilis.u-paris.fr\/medica\/blog\/index.php\/wp-json\/wp\/v2\/posts\/10986\/revisions\/11304"}],"wp:attachment":[{"href":"https:\/\/numerabilis.u-paris.fr\/medica\/blog\/index.php\/wp-json\/wp\/v2\/media?parent=10986"}],"wp:term":[{"taxonomy":"category","embeddable":true,"href":"https:\/\/numerabilis.u-paris.fr\/medica\/blog\/index.php\/wp-json\/wp\/v2\/categories?post=10986"},{"taxonomy":"post_tag","embeddable":true,"href":"https:\/\/numerabilis.u-paris.fr\/medica\/blog\/index.php\/wp-json\/wp\/v2\/tags?post=10986"}],"curies":[{"name":"wp","href":"https:\/\/api.w.org\/{rel}","templated":true}]}}