{"id":11037,"date":"2016-06-30T16:34:34","date_gmt":"2016-06-30T14:34:34","guid":{"rendered":"https:\/\/numerabilis.u-paris.fr\/medica\/blog\/?p=11037"},"modified":"2016-07-20T10:36:23","modified_gmt":"2016-07-20T08:36:23","slug":"1er-congres-ffmp-20160915","status":"publish","type":"post","link":"https:\/\/numerabilis.u-paris.fr\/medica\/blog\/index.php\/1er-congres-ffmp-20160915\/","title":{"rendered":"1er congr\u00e8s de la FFMP (15-16\/9)"},"content":{"rendered":"<p>Pour la premi\u00e8re fois, la jeune <a href=\"http:\/\/www.congres-ffmp.fr\/\" target=\"_blank\">F\u00e9d\u00e9ration Fran\u00e7aise de M\u00e9decine Polyvalente<\/a> (F.F.M.P.) organise son <strong>congr\u00e8s<\/strong> \u00e0 Paris, les <strong>15 et 16 septembre 2016<\/strong>.<\/p>\n<p><a href=\"https:\/\/numerabilis.u-paris.fr\/medica\/blog\/wp-content\/uploads\/ffmp2.jpg\" rel=\"attachment wp-att-11226\"><img loading=\"lazy\" decoding=\"async\" class=\"alignright size-full wp-image-11226\" style=\"border: 1px solid black;\" title=\"\" src=\"https:\/\/numerabilis.u-paris.fr\/medica\/blog\/wp-content\/uploads\/ffmp2.jpg\" alt=\"ffmp2\" width=\"350\" height=\"362\" srcset=\"https:\/\/numerabilis.u-paris.fr\/medica\/blog\/wp-content\/uploads\/ffmp2.jpg 350w, https:\/\/numerabilis.u-paris.fr\/medica\/blog\/wp-content\/uploads\/ffmp2-290x300.jpg 290w\" sizes=\"(max-width: 350px) 85vw, 350px\" \/><\/a>Il a pour objectif de r\u00e9unir tous ceux (<em>m\u00e9dicaux et param\u00e9dicaux<\/em>) qui travaillent dans un service de <strong>m\u00e9decine polyvalente ou de soins de suite et r\u00e9adaptation<\/strong>.<\/p>\n<p>Il se d\u00e9roulera sur deux jours, avec des <strong>conf\u00e9rences<\/strong> de haut niveau et des <strong>ateliers pratiques<\/strong>. Une session <strong>DPC<\/strong> est organis\u00e9e par <a href=\"http:\/\/www.forma2i.com\/\" target=\"_blank\">Forma2i<\/a>, partenaire de la FFMP. L&rsquo;ensemble se tiendra 6, rue Albert-de-Lapparent, 75007 Paris.<\/p>\n<p>Cela permettra de lancer cette association et de la construire autour de l&rsquo;\u00e9laboration de son nouveau <strong>conseil d&rsquo;administration<\/strong> et <strong>bureau<\/strong>.<\/p>\n<h2>En savoir plus<\/h2>\n<p><a href=\"http:\/\/www.congres-ffmp.fr\" target=\"_blank\">Le site officiel du congr\u00e8s<\/a><\/p>\n<p><a href=\"http:\/\/www.congres-ffmp.fr\/attachment\/656487\/\" target=\"_blank\">Le programme du congr\u00e8s (PDF)<\/a><\/p>\n<p class=\"access\"><a href=\"http:\/\/www.congres-ffmp.fr\/Le-mot-du-Comite-scientifique-et-du-President-FFMP_a32.html\" target=\"_blank\">Le mot du Comit\u00e9 scientifique et du Pr\u00e9sident FFMP<\/a><\/p>\n<div id=\"schema_block\" class=\"schema_event\"><div itemscope itemtype=\"http:\/\/schema.org\/Event\"><a class=\"schema_url\" target=\"_blank\" itemprop=\"url\" href=\"http:\/\/www.congres-ffmp.fr\/\"><div class=\"schema_name\" itemprop=\"name\">Premi\u00e8res Journ\u00e9es de la F\u00e9d\u00e9ration Fran\u00e7aise de M\u00e9decine Polyvalente<\/div><\/a><div><meta itemprop=\"startDate\" content=\"2016-09-15T8:00\">Debut: 09\/15\/2016 08:00 am<\/div><div><meta itemprop=\"endDate\" content=\"2016-09-16:00.000\">Fin: 09\/16\/2016<\/div><\/div><div itemprop=\"address\" itemscope itemtype=\"http:\/\/schema.org\/PostalAddress\"><div class=\"street\" itemprop=\"streetAddress\">6, rue Albert-de-Lapparent<\/div><div class=\"city_state\"><span class=\"locale\" itemprop=\"addressLocality\">Paris<\/span>,<span class=\"region\" itemprop=\"addressRegion\"> \u00cele-de-France<\/span><\/div><div class=\"postalcode\" itemprop=\"postalCode\">75007<\/div><div class=\"country\" itemprop=\"addressCountry\">FR<\/div><\/div><\/div>\n<p>&nbsp;<\/p>\n<p>&nbsp;<\/p>\n","protected":false},"excerpt":{"rendered":"<p>Pour la premi\u00e8re fois, la jeune F\u00e9d\u00e9ration Fran\u00e7aise de M\u00e9decine Polyvalente (F.F.M.P.) organise son congr\u00e8s \u00e0 Paris, les 15 et 16 septembre 2016. Il a pour objectif de r\u00e9unir tous ceux (m\u00e9dicaux et param\u00e9dicaux) qui travaillent dans un service de m\u00e9decine polyvalente ou de soins de suite et r\u00e9adaptation. Il se d\u00e9roulera sur deux jours, &hellip; <a href=\"https:\/\/numerabilis.u-paris.fr\/medica\/blog\/index.php\/1er-congres-ffmp-20160915\/\" class=\"more-link\">Continuer la lecture<span class=\"screen-reader-text\"> de &laquo;&nbsp;1er congr\u00e8s de la FFMP (15-16\/9)&nbsp;&raquo;<\/span><\/a><\/p>\n","protected":false},"author":1,"featured_media":0,"comment_status":"open","ping_status":"open","sticky":false,"template":"","format":"standard","meta":{"_monsterinsights_skip_tracking":false,"_monsterinsights_sitenote_active":false,"_monsterinsights_sitenote_note":"","_monsterinsights_sitenote_category":0,"footnotes":""},"categories":[14],"tags":[107,297],"class_list":["post-11037","post","type-post","status-publish","format-standard","hentry","category-medecine-odontologie","tag-colloque-congres-je","tag-medecine-polyvalente"],"_links":{"self":[{"href":"https:\/\/numerabilis.u-paris.fr\/medica\/blog\/index.php\/wp-json\/wp\/v2\/posts\/11037"}],"collection":[{"href":"https:\/\/numerabilis.u-paris.fr\/medica\/blog\/index.php\/wp-json\/wp\/v2\/posts"}],"about":[{"href":"https:\/\/numerabilis.u-paris.fr\/medica\/blog\/index.php\/wp-json\/wp\/v2\/types\/post"}],"author":[{"embeddable":true,"href":"https:\/\/numerabilis.u-paris.fr\/medica\/blog\/index.php\/wp-json\/wp\/v2\/users\/1"}],"replies":[{"embeddable":true,"href":"https:\/\/numerabilis.u-paris.fr\/medica\/blog\/index.php\/wp-json\/wp\/v2\/comments?post=11037"}],"version-history":[{"count":9,"href":"https:\/\/numerabilis.u-paris.fr\/medica\/blog\/index.php\/wp-json\/wp\/v2\/posts\/11037\/revisions"}],"predecessor-version":[{"id":11484,"href":"https:\/\/numerabilis.u-paris.fr\/medica\/blog\/index.php\/wp-json\/wp\/v2\/posts\/11037\/revisions\/11484"}],"wp:attachment":[{"href":"https:\/\/numerabilis.u-paris.fr\/medica\/blog\/index.php\/wp-json\/wp\/v2\/media?parent=11037"}],"wp:term":[{"taxonomy":"category","embeddable":true,"href":"https:\/\/numerabilis.u-paris.fr\/medica\/blog\/index.php\/wp-json\/wp\/v2\/categories?post=11037"},{"taxonomy":"post_tag","embeddable":true,"href":"https:\/\/numerabilis.u-paris.fr\/medica\/blog\/index.php\/wp-json\/wp\/v2\/tags?post=11037"}],"curies":[{"name":"wp","href":"https:\/\/api.w.org\/{rel}","templated":true}]}}