{"id":11192,"date":"2016-06-28T11:05:39","date_gmt":"2016-06-28T09:05:39","guid":{"rendered":"https:\/\/numerabilis.u-paris.fr\/medica\/blog\/?p=11192"},"modified":"2016-06-29T14:07:31","modified_gmt":"2016-06-29T12:07:31","slug":"acces-modifie-pole-medecine-29-300616","status":"publish","type":"post","link":"https:\/\/numerabilis.u-paris.fr\/medica\/blog\/index.php\/acces-modifie-pole-medecine-29-300616\/","title":{"rendered":"Acc\u00e8s modifi\u00e9 au p\u00f4le M\u00e9decine (29-30\/06)"},"content":{"rendered":"<p>Attention, l&rsquo;acc\u00e8s au <strong>p\u00f4le M\u00e9decine<\/strong> de la BIU Sant\u00e9 sera <strong>modifi\u00e9<\/strong> <strong>le mercredi 29 et le jeudi 30 juin 2016.<\/strong><\/p>\n<p><strong>Toute la journ\u00e9e,<\/strong> l&rsquo;<strong>acc\u00e8s<\/strong> \u00e0 l&rsquo;universit\u00e9 se fera par le <strong><em>85, boulevard Saint-Germain<\/em><\/strong>.<\/p>\n<p><strong>Si la porte est ferm\u00e9e, SONNEZ pour qu&rsquo;on vous ouvre !<\/strong><\/p>\n<p style=\"text-align: center;\"><img loading=\"lazy\" decoding=\"async\" class=\"size-full wp-image-8438 aligncenter\" title=\"85bsg\" src=\"https:\/\/numerabilis.u-paris.fr\/medica\/blog\/wp-content\/uploads\/85bsg.jpg\" alt=\"\" width=\"600\" height=\"342\" \/><\/p>\n<p>Les salles de lecture seront ouvertes comme \u00e0 l&rsquo;accoutum\u00e9e, vous pourrez donc venir travailler au 12, rue de l&rsquo;\u00c9cole-de-M\u00e9decine. <strong>La biblioth\u00e8que sera ouverte normalement<\/strong> de 9h \u00e0 20h.<\/p>\n<p style=\"text-align: right;\"><em>Nous vous prions de nous excuser pour la g\u00eane occasionn\u00e9e<\/em>.<\/p>\n","protected":false},"excerpt":{"rendered":"<p>Attention, l&rsquo;acc\u00e8s au p\u00f4le M\u00e9decine de la BIU Sant\u00e9 sera modifi\u00e9 le mercredi 29 et le jeudi 30 juin 2016. Toute la journ\u00e9e, l&rsquo;acc\u00e8s \u00e0 l&rsquo;universit\u00e9 se fera par le 85, boulevard Saint-Germain. Si la porte est ferm\u00e9e, SONNEZ pour qu&rsquo;on vous ouvre ! Les salles de lecture seront ouvertes comme \u00e0 l&rsquo;accoutum\u00e9e, vous pourrez &hellip; <a href=\"https:\/\/numerabilis.u-paris.fr\/medica\/blog\/index.php\/acces-modifie-pole-medecine-29-300616\/\" class=\"more-link\">Continuer la lecture<span class=\"screen-reader-text\"> de &laquo;&nbsp;Acc\u00e8s modifi\u00e9 au p\u00f4le M\u00e9decine (29-30\/06)&nbsp;&raquo;<\/span><\/a><\/p>\n","protected":false},"author":1,"featured_media":0,"comment_status":"open","ping_status":"open","sticky":false,"template":"","format":"standard","meta":{"_monsterinsights_skip_tracking":false,"_monsterinsights_sitenote_active":false,"_monsterinsights_sitenote_note":"","_monsterinsights_sitenote_category":0,"footnotes":""},"categories":[7,14],"tags":[43],"class_list":["post-11192","post","type-post","status-publish","format-standard","hentry","category-histoiresante","category-medecine-odontologie","tag-acces"],"_links":{"self":[{"href":"https:\/\/numerabilis.u-paris.fr\/medica\/blog\/index.php\/wp-json\/wp\/v2\/posts\/11192"}],"collection":[{"href":"https:\/\/numerabilis.u-paris.fr\/medica\/blog\/index.php\/wp-json\/wp\/v2\/posts"}],"about":[{"href":"https:\/\/numerabilis.u-paris.fr\/medica\/blog\/index.php\/wp-json\/wp\/v2\/types\/post"}],"author":[{"embeddable":true,"href":"https:\/\/numerabilis.u-paris.fr\/medica\/blog\/index.php\/wp-json\/wp\/v2\/users\/1"}],"replies":[{"embeddable":true,"href":"https:\/\/numerabilis.u-paris.fr\/medica\/blog\/index.php\/wp-json\/wp\/v2\/comments?post=11192"}],"version-history":[{"count":3,"href":"https:\/\/numerabilis.u-paris.fr\/medica\/blog\/index.php\/wp-json\/wp\/v2\/posts\/11192\/revisions"}],"predecessor-version":[{"id":11199,"href":"https:\/\/numerabilis.u-paris.fr\/medica\/blog\/index.php\/wp-json\/wp\/v2\/posts\/11192\/revisions\/11199"}],"wp:attachment":[{"href":"https:\/\/numerabilis.u-paris.fr\/medica\/blog\/index.php\/wp-json\/wp\/v2\/media?parent=11192"}],"wp:term":[{"taxonomy":"category","embeddable":true,"href":"https:\/\/numerabilis.u-paris.fr\/medica\/blog\/index.php\/wp-json\/wp\/v2\/categories?post=11192"},{"taxonomy":"post_tag","embeddable":true,"href":"https:\/\/numerabilis.u-paris.fr\/medica\/blog\/index.php\/wp-json\/wp\/v2\/tags?post=11192"}],"curies":[{"name":"wp","href":"https:\/\/api.w.org\/{rel}","templated":true}]}}