{"id":11206,"date":"2016-07-01T17:12:31","date_gmt":"2016-07-01T15:12:31","guid":{"rendered":"https:\/\/numerabilis.u-paris.fr\/medica\/blog\/?p=11206"},"modified":"2016-07-02T09:56:58","modified_gmt":"2016-07-02T07:56:58","slug":"formation-2016-bibliothecaires-de-sante","status":"publish","type":"post","link":"https:\/\/numerabilis.u-paris.fr\/medica\/blog\/index.php\/formation-2016-bibliothecaires-de-sante\/","title":{"rendered":"Formations 2016-2017 pour les biblioth\u00e9caires de sant\u00e9"},"content":{"rendered":"<p>La Biblioth\u00e8que interuniversitaire de Sant\u00e9 et l&rsquo;<a href=\"http:\/\/urfist.enc.sorbonne.fr\/\" target=\"_blank\">Urfist de Paris<\/a> proposent des stages en 2016-2017<strong> \u00e0 destination des coll\u00e8gues en poste en biblioth\u00e8que de sant\u00e9<\/strong> (<em>universitaire, hospitali\u00e8re et autre \u00e9tablissement de documentation<\/em>).<\/p>\n<h2>\u00ab Biblioth\u00e8que de sant\u00e9 : environnement et ressources documentaires (initiation) \u00bb<\/h2>\n<h3>22-24 novembre 2016<\/h3>\n<p>Une nouvelle \u00e9dition du stage <strong><em>\u00ab\u202fBiblioth\u00e8que de sant\u00e9 : environnement et ressources documentaires (initiation)\u202f\u00bb<\/em><\/strong> se tiendra du <strong>22 au 24 novembre 2016<\/strong>, \u00e0 l\u2019universit\u00e9 Paris Descartes.<\/p>\n<p><a href=\"https:\/\/numerabilis.u-paris.fr\/medica\/blog\/wp-content\/uploads\/urfist.jpg\" rel=\"attachment wp-att-8496\"><img loading=\"lazy\" decoding=\"async\" class=\"alignright size-full wp-image-8496\" title=\"\" src=\"https:\/\/numerabilis.u-paris.fr\/medica\/blog\/wp-content\/uploads\/urfist.jpg\" alt=\"urfist\" width=\"400\" height=\"251\" srcset=\"https:\/\/numerabilis.u-paris.fr\/medica\/blog\/wp-content\/uploads\/urfist.jpg 400w, https:\/\/numerabilis.u-paris.fr\/medica\/blog\/wp-content\/uploads\/urfist-300x188.jpg 300w\" sizes=\"(max-width: 400px) 85vw, 400px\" \/><\/a>Cette formation s\u2019adresse <strong>prioritairement aux professionnels de l\u2019information et de la documentation r\u00e9cemment affect\u00e9s en biblioth\u00e8que de sant\u00e9<\/strong> (<em>universitaire et hospitali\u00e8re notamment<\/em>).<\/p>\n<p>Elle a pour objectif de permettre aux <strong>nouveaux arrivants<\/strong> en biblioth\u00e8que de sant\u00e9 de <strong>ma\u00eetriser les outils et concepts indispensables<\/strong> pour exercer leurs fonctions\u00a0: publics et cursus, contexte institutionnel, collections et services.<\/p>\n<p>N\u2019h\u00e9sitez pas \u00e0 consulter le programme et \u00e0 vous inscrire <a href=\"https:\/\/sygefor.reseau-urfist.fr\/#!\/training\/6276\/6615\">\u00e0 l\u2019adresse suivante<\/a>.<\/p>\n<p>Les inscriptions sont ouvertes jusqu\u2019au <strong>30 septembre<\/strong>, mais ne tardez pas \u00e0 vous manifester.<\/p>\n<p>ATTENTION : Ce stage ne propose pas de formation pratique \u00e0 l\u2019utilisation de bases de donn\u00e9es. Une session sur ce th\u00e8me sera organis\u00e9e sur 2 jours en mars 2017 (voir ci-dessous).<i> <\/i><\/p>\n<h2>\u00ab\u202fAcqu\u00e9rir en sant\u00e9\u202f\u00bb<\/h2>\n<h3>13 janvier 2017<\/h3>\n<p><strong>NOUVEAU<\/strong> Une session d\u00e9di\u00e9e \u00e0 la question sp\u00e9cifique des acquisitions en sant\u00e9, <strong><em>\u00ab\u202fAcqu\u00e9rir en sant\u00e9\u202f\u00bb,<\/em><\/strong> est organis\u00e9e le <strong>vendredi 13 janvier 2017<\/strong>, \u00e0 l&rsquo;universit\u00e9 Paris Descartes.<\/p>\n<p>Elle a pour objectifs de faire conna\u00eetre les outils pour savoir <b>acqu\u00e9rir<\/b>, <b>s\u00e9lectionner<\/b> et <strong>d\u00e9velopper<\/strong> une <strong>collection sur tous supports<\/strong> en sant\u00e9.<\/p>\n<p>Elle s&rsquo;adresse aux <strong>acqu\u00e9reurs dans le domaine de la sant\u00e9<\/strong> en poste en biblioth\u00e8que de sant\u00e9 (<em>universitaire, hospitali\u00e8re et autre \u00e9tablissement de documentation<\/em>).<\/p>\n<p>Vous pouvez d&rsquo;ores et d\u00e9j\u00e0 consulter le programme et vous inscrire <a href=\"https:\/\/sygefor.reseau-urfist.fr\/#!\/training\/6285\/6628\">\u00e0 l&rsquo;adresse suivante<\/a>.<\/p>\n<h2>\u00ab\u202fRecherche documentaire en m\u00e9decine\u202f: outils et ressources\u202f\u00bb<\/h2>\n<h3>Mars 2017<\/h3>\n<p>Une nouvelle \u00e9dition de ce stage de 2 jours d\u00e9di\u00e9 sp\u00e9cifiquement \u00e0 la <strong>manipulation des bases de donn\u00e9es en m\u00e9decine<\/strong> (<em>PubMed<\/em>, <em>Cochrane Library<\/em>, <em>BDSP<\/em>, <em>LiSSa, EM-Premium&#8230;) <\/em>est d&rsquo;ores et d\u00e9j\u00e0 programm\u00e9e en mars 2017.<\/p>\n<p>Les dates exactes et les modalit\u00e9s d&rsquo;inscription seront annonc\u00e9es <strong>ult\u00e9rieurement<\/strong>.<\/p>\n<p style=\"text-align: right;\"><a href=\"&#x6d;&#x61;&#x69;&#108;&#116;&#111;:a&#x6c;&#x65;&#x78;&#x61;&#110;&#100;re&#x2e;&#x62;&#x6f;&#x75;&#116;&#101;t&#64;&#x62;&#x69;&#x75;&#x73;&#97;&#110;&#116;e&#46;&#x70;&#x61;&#x72;&#x69;&#115;&#100;es&#x63;&#x61;&#x72;&#x74;&#101;&#115;&#46;f&#x72;\">Alexandre Boutet<\/a>, <a href=\"&#x6d;&#97;i&#x6c;&#116;&#111;&#x3a;&#x62;&#101;n&#x6a;&#97;m&#x69;&#x6e;&#46;m&#x61;&#99;e&#x40;&#x62;&#105;u&#x73;&#97;n&#x74;&#x65;&#46;p&#x61;&#114;i&#x73;&#x64;&#101;&#x73;&#x63;&#97;r&#x74;&#101;s&#x2e;&#x66;&#114;\">Benjamin Mac\u00e9<\/a> et <a href=\"mailto:c&#97;&#116;&#104;&#101;&#114;&#105;&#110;&#101;&#46;&#116;&#x65;&#x6c;&#x6c;&#x61;&#x61;&#x40;&#x62;&#x69;&#x75;&#x73;&#x61;&#x6e;&#x74;&#x65;&#x2e;parisdes&#99;&#97;&#114;&#116;&#101;&#115;&#46;&#102;&#114;\">Catherine Tellaa<\/a><\/p>\n<p style=\"text-align: right;\"><div id=\"schema_block\" class=\"schema_event\"><div itemscope itemtype=\"http:\/\/schema.org\/EducationEvent\"><div class=\"schema_name\" itemprop=\"name\">Biblioth\u00e8que de sant\u00e9 : environnement et ressources documentaires (initiation)<\/div><div><meta itemprop=\"startDate\" content=\"2016-11-22\">Debut: 11\/22\/2016<\/div><div><meta itemprop=\"endDate\" content=\"2016-11-24:00.000\">Fin: 11\/24\/2016<\/div><\/div><div itemprop=\"address\" itemscope itemtype=\"http:\/\/schema.org\/PostalAddress\"><div class=\"street\" itemprop=\"streetAddress\">12, rue de l'Ecole-de-M\u00e9decine<\/div><div class=\"city_state\"><span class=\"locale\" itemprop=\"addressLocality\">Paris<\/span>,<span class=\"region\" itemprop=\"addressRegion\"> \u00cele-de-France<\/span><\/div><div class=\"postalcode\" itemprop=\"postalCode\">75006<\/div><div class=\"country\" itemprop=\"addressCountry\">FR<\/div><\/div><\/div><\/p>\n","protected":false},"excerpt":{"rendered":"<p>La Biblioth\u00e8que interuniversitaire de Sant\u00e9 et l&rsquo;Urfist de Paris proposent des stages en 2016-2017 \u00e0 destination des coll\u00e8gues en poste en biblioth\u00e8que de sant\u00e9 (universitaire, hospitali\u00e8re et autre \u00e9tablissement de documentation). \u00ab Biblioth\u00e8que de sant\u00e9 : environnement et ressources documentaires (initiation) \u00bb 22-24 novembre 2016 Une nouvelle \u00e9dition du stage \u00ab\u202fBiblioth\u00e8que de sant\u00e9 : environnement &hellip; <a href=\"https:\/\/numerabilis.u-paris.fr\/medica\/blog\/index.php\/formation-2016-bibliothecaires-de-sante\/\" class=\"more-link\">Continuer la lecture<span class=\"screen-reader-text\"> de &laquo;&nbsp;Formations 2016-2017 pour les biblioth\u00e9caires de sant\u00e9&nbsp;&raquo;<\/span><\/a><\/p>\n","protected":false},"author":12,"featured_media":0,"comment_status":"open","ping_status":"open","sticky":false,"template":"","format":"standard","meta":{"_monsterinsights_skip_tracking":false,"_monsterinsights_sitenote_active":false,"_monsterinsights_sitenote_note":"","_monsterinsights_sitenote_category":0,"footnotes":""},"categories":[14,15],"tags":[180,19,22,92],"class_list":["post-11206","post","type-post","status-publish","format-standard","hentry","category-medecine-odontologie","category-pharmacie-biologie-cosmetologie","tag-acquisition","tag-base-de-donnees","tag-formation","tag-pubmed"],"_links":{"self":[{"href":"https:\/\/numerabilis.u-paris.fr\/medica\/blog\/index.php\/wp-json\/wp\/v2\/posts\/11206"}],"collection":[{"href":"https:\/\/numerabilis.u-paris.fr\/medica\/blog\/index.php\/wp-json\/wp\/v2\/posts"}],"about":[{"href":"https:\/\/numerabilis.u-paris.fr\/medica\/blog\/index.php\/wp-json\/wp\/v2\/types\/post"}],"author":[{"embeddable":true,"href":"https:\/\/numerabilis.u-paris.fr\/medica\/blog\/index.php\/wp-json\/wp\/v2\/users\/12"}],"replies":[{"embeddable":true,"href":"https:\/\/numerabilis.u-paris.fr\/medica\/blog\/index.php\/wp-json\/wp\/v2\/comments?post=11206"}],"version-history":[{"count":16,"href":"https:\/\/numerabilis.u-paris.fr\/medica\/blog\/index.php\/wp-json\/wp\/v2\/posts\/11206\/revisions"}],"predecessor-version":[{"id":11274,"href":"https:\/\/numerabilis.u-paris.fr\/medica\/blog\/index.php\/wp-json\/wp\/v2\/posts\/11206\/revisions\/11274"}],"wp:attachment":[{"href":"https:\/\/numerabilis.u-paris.fr\/medica\/blog\/index.php\/wp-json\/wp\/v2\/media?parent=11206"}],"wp:term":[{"taxonomy":"category","embeddable":true,"href":"https:\/\/numerabilis.u-paris.fr\/medica\/blog\/index.php\/wp-json\/wp\/v2\/categories?post=11206"},{"taxonomy":"post_tag","embeddable":true,"href":"https:\/\/numerabilis.u-paris.fr\/medica\/blog\/index.php\/wp-json\/wp\/v2\/tags?post=11206"}],"curies":[{"name":"wp","href":"https:\/\/api.w.org\/{rel}","templated":true}]}}