{"id":11769,"date":"2016-09-12T14:14:39","date_gmt":"2016-09-12T12:14:39","guid":{"rendered":"https:\/\/numerabilis.u-paris.fr\/medica\/blog\/?p=11769"},"modified":"2016-09-12T14:14:39","modified_gmt":"2016-09-12T12:14:39","slug":"achat-e-books-karger","status":"publish","type":"post","link":"https:\/\/numerabilis.u-paris.fr\/medica\/blog\/index.php\/achat-e-books-karger\/","title":{"rendered":"Achat d&rsquo;e-books Karger \u00e0 la BIU Sant\u00e9"},"content":{"rendered":"<p><img loading=\"lazy\" decoding=\"async\" class=\"alignright wp-image-11771 size-medium\" src=\"https:\/\/numerabilis.u-paris.fr\/medica\/blog\/wp-content\/uploads\/Logo-KARGER-300x52.jpg\" alt=\"logo-karger\" width=\"300\" height=\"52\" srcset=\"https:\/\/numerabilis.u-paris.fr\/medica\/blog\/wp-content\/uploads\/Logo-KARGER-300x52.jpg 300w, https:\/\/numerabilis.u-paris.fr\/medica\/blog\/wp-content\/uploads\/Logo-KARGER.jpg 460w\" sizes=\"(max-width: 300px) 85vw, 300px\" \/>La BIU Sant\u00e9 enrichit sa collection de <strong>livres \u00e9lectroniques<\/strong> : les nouvelles acquisitions aupr\u00e8s de <strong>Karger<\/strong>, c\u00e9l\u00e8bre maison d\u2019\u00e9dition scientifique et m\u00e9dicale suisse fond\u00e9e en 1890, sont constitu\u00e9es par une large s\u00e9rie d\u2019ouvrages sp\u00e9cialis\u00e9s couvrant toutes les domaines m\u00e9dicaux\u00a0(<em>pr\u00e8s de 60 disciplines, de l\u2019allergologie \u00e0 la zoologie<\/em>) et tir\u00e9es de :<\/p>\n<p><img loading=\"lazy\" decoding=\"async\" class=\"alignleft wp-image-11773 size-medium\" src=\"https:\/\/numerabilis.u-paris.fr\/medica\/blog\/wp-content\/uploads\/Anti-Tumor-Necrosis-228x300.jpg\" alt=\"anti-tumor-necrosis-karger\" width=\"228\" height=\"300\" srcset=\"https:\/\/numerabilis.u-paris.fr\/medica\/blog\/wp-content\/uploads\/Anti-Tumor-Necrosis-228x300.jpg 228w, https:\/\/numerabilis.u-paris.fr\/medica\/blog\/wp-content\/uploads\/Anti-Tumor-Necrosis.jpg 409w\" sizes=\"(max-width: 228px) 85vw, 228px\" \/><\/p>\n<ul>\n<li>la <em>Karger eBook Series Collection<\/em><\/li>\n<li>la <em>Karger eBook Non-Series Collection<\/em>, cr\u00e9\u00e9e \u00e0 l\u2019occasion du 125<sup>\u00e8me <\/sup>anniversaire des \u00e9ditions Karger.<\/li>\n<\/ul>\n<p>Soit un total de <strong>1 129 eBooks<\/strong>, publi\u00e9s de 1894 \u00e0 2016, dont certains sont depuis longtemps \u00e9puis\u00e9s en version imprim\u00e9e.<\/p>\n<p><a href=\"https:\/\/www-karger-com.frodon-biusante.parisdescartes.fr\/MyKarger\/MySubscriptions\" target=\"_blank\">Acc\u00e9der aux ebooks Karger<\/a><\/p>\n<h2 style=\"text-align: left;\">Un mod\u00e8le d\u2019achat au plus pr\u00e8s des besoins des lecteurs<\/h2>\n<p><a href=\"https:\/\/numerabilis.u-paris.fr\/medica\/blog\/wp-content\/uploads\/Atlas-1894.jpg\"><img loading=\"lazy\" decoding=\"async\" class=\"alignright wp-image-11772 size-medium\" src=\"https:\/\/numerabilis.u-paris.fr\/medica\/blog\/wp-content\/uploads\/Atlas-1894-263x300.jpg\" alt=\"atlas-1894-karger\" width=\"263\" height=\"300\" srcset=\"https:\/\/numerabilis.u-paris.fr\/medica\/blog\/wp-content\/uploads\/Atlas-1894-263x300.jpg 263w, https:\/\/numerabilis.u-paris.fr\/medica\/blog\/wp-content\/uploads\/Atlas-1894.jpg 660w\" sizes=\"(max-width: 263px) 85vw, 263px\" \/><\/a>Le mod\u00e8le \u00e9conomique d\u2019<strong>acquisition<\/strong> (<em>PDA : Patron Driven Acquisition<\/em>) d\u00e9velopp\u00e9 par l\u2019\u00e9diteur est particuli\u00e8rement int\u00e9ressant pour la biblioth\u00e8que puisqu\u2019il permet d\u2019acheter les ouvrages en fonction de leur utilisation r\u00e9elle par les lecteurs de la BIU Sant\u00e9.<\/p>\n<p>Durant une premi\u00e8re <strong>phase de test<\/strong> de 6 mois qui s\u2019ach\u00e8vera en mai 2017, les lecteurs ont acc\u00e8s \u00e0 ces 1 129 ouvrages.<\/p>\n<p><img loading=\"lazy\" decoding=\"async\" class=\"alignleft wp-image-11774 size-medium\" src=\"https:\/\/numerabilis.u-paris.fr\/medica\/blog\/wp-content\/uploads\/Tobacco-Epidemic-224x300.jpg\" alt=\"tobacco-epidemic-karger\" width=\"224\" height=\"300\" srcset=\"https:\/\/numerabilis.u-paris.fr\/medica\/blog\/wp-content\/uploads\/Tobacco-Epidemic-224x300.jpg 224w, https:\/\/numerabilis.u-paris.fr\/medica\/blog\/wp-content\/uploads\/Tobacco-Epidemic.jpg 401w\" sizes=\"(max-width: 224px) 85vw, 224px\" \/>Puis, apr\u00e8s analyse des <strong>statistiques<\/strong> de consultation, la biblioth\u00e8que choisira les titres les plus pertinents pour son public \u00e0 hauteur du budget fix\u00e9 initialement : les ouvrages sont alors acquis de mani\u00e8re d\u00e9finitive et correspondent ainsi aux besoins documentaires de nos usagers.<\/p>\n<p><strong>\u00c0 vous de jouer<\/strong>, vous avez <em>6 mois<\/em> pour utiliser cette collection et nous faire voir ce qui est le plus utile pour vous.<\/p>\n<p><a href=\"https:\/\/www-karger-com.frodon-biusante.parisdescartes.fr\/MyKarger\/MySubscriptions\" target=\"_blank\">Acc\u00e9der aux ebooks Karger<\/a><\/p>\n<p style=\"text-align: right;\"><a href=\"&#x6d;&#97;i&#x6c;&#116;&#111;&#x3a;&#x74;&#104;o&#x6d;&#97;s&#x2e;&#x76;&#105;o&#x6c;&#101;t&#x40;&#x62;&#105;u&#x73;&#97;n&#x74;&#x65;&#46;p&#x61;&#114;i&#x73;&#x64;&#101;&#x73;&#x63;&#97;r&#x74;&#101;s&#x2e;&#x66;&#114;\" target=\"_blank\">Thomas Violet<\/a><\/p>\n","protected":false},"excerpt":{"rendered":"<p>La BIU Sant\u00e9 enrichit sa collection de livres \u00e9lectroniques : les nouvelles acquisitions aupr\u00e8s de Karger, c\u00e9l\u00e8bre maison d\u2019\u00e9dition scientifique et m\u00e9dicale suisse fond\u00e9e en 1890, sont constitu\u00e9es par une large s\u00e9rie d\u2019ouvrages sp\u00e9cialis\u00e9s couvrant toutes les domaines m\u00e9dicaux\u00a0(pr\u00e8s de 60 disciplines, de l\u2019allergologie \u00e0 la zoologie) et tir\u00e9es de : la Karger eBook Series &hellip; <a href=\"https:\/\/numerabilis.u-paris.fr\/medica\/blog\/index.php\/achat-e-books-karger\/\" class=\"more-link\">Continuer la lecture<span class=\"screen-reader-text\"> de &laquo;&nbsp;Achat d&rsquo;e-books Karger \u00e0 la BIU Sant\u00e9&nbsp;&raquo;<\/span><\/a><\/p>\n","protected":false},"author":25,"featured_media":0,"comment_status":"open","ping_status":"open","sticky":false,"template":"","format":"standard","meta":{"_monsterinsights_skip_tracking":false,"_monsterinsights_sitenote_active":false,"_monsterinsights_sitenote_note":"","_monsterinsights_sitenote_category":0,"footnotes":""},"categories":[14],"tags":[360,91],"class_list":["post-11769","post","type-post","status-publish","format-standard","hentry","category-medecine-odontologie","tag-ebooks","tag-test"],"_links":{"self":[{"href":"https:\/\/numerabilis.u-paris.fr\/medica\/blog\/index.php\/wp-json\/wp\/v2\/posts\/11769"}],"collection":[{"href":"https:\/\/numerabilis.u-paris.fr\/medica\/blog\/index.php\/wp-json\/wp\/v2\/posts"}],"about":[{"href":"https:\/\/numerabilis.u-paris.fr\/medica\/blog\/index.php\/wp-json\/wp\/v2\/types\/post"}],"author":[{"embeddable":true,"href":"https:\/\/numerabilis.u-paris.fr\/medica\/blog\/index.php\/wp-json\/wp\/v2\/users\/25"}],"replies":[{"embeddable":true,"href":"https:\/\/numerabilis.u-paris.fr\/medica\/blog\/index.php\/wp-json\/wp\/v2\/comments?post=11769"}],"version-history":[{"count":24,"href":"https:\/\/numerabilis.u-paris.fr\/medica\/blog\/index.php\/wp-json\/wp\/v2\/posts\/11769\/revisions"}],"predecessor-version":[{"id":11803,"href":"https:\/\/numerabilis.u-paris.fr\/medica\/blog\/index.php\/wp-json\/wp\/v2\/posts\/11769\/revisions\/11803"}],"wp:attachment":[{"href":"https:\/\/numerabilis.u-paris.fr\/medica\/blog\/index.php\/wp-json\/wp\/v2\/media?parent=11769"}],"wp:term":[{"taxonomy":"category","embeddable":true,"href":"https:\/\/numerabilis.u-paris.fr\/medica\/blog\/index.php\/wp-json\/wp\/v2\/categories?post=11769"},{"taxonomy":"post_tag","embeddable":true,"href":"https:\/\/numerabilis.u-paris.fr\/medica\/blog\/index.php\/wp-json\/wp\/v2\/tags?post=11769"}],"curies":[{"name":"wp","href":"https:\/\/api.w.org\/{rel}","templated":true}]}}