{"id":12822,"date":"2017-01-27T15:48:04","date_gmt":"2017-01-27T14:48:04","guid":{"rendered":"https:\/\/numerabilis.u-paris.fr\/medica\/blog\/?p=12822"},"modified":"2017-06-14T09:54:33","modified_gmt":"2017-06-14T07:54:33","slug":"visites-privees-la-naissance-louis-xiii","status":"publish","type":"post","link":"https:\/\/numerabilis.u-paris.fr\/medica\/blog\/index.php\/visites-privees-la-naissance-louis-xiii\/","title":{"rendered":"Visites priv\u00e9es : la naissance de Louis XIII"},"content":{"rendered":"<p><strong>Mercredi 25 janvier 2017<\/strong>, <a href=\"https:\/\/www.france.tv\/france-2\/visites-privees\/\" target=\"_blank\" rel=\"noopener noreferrer\">l&rsquo;\u00e9mission Visites priv\u00e9es<\/a> (<em>France 2, 15h40<\/em>), anim\u00e9e par <strong>St\u00e9phane Bern<\/strong> avait pour sujet l&rsquo;accouchement public des reines de France.<\/p>\n<p><img loading=\"lazy\" decoding=\"async\" class=\"alignright size-full wp-image-12257\" src=\"https:\/\/numerabilis.u-paris.fr\/medica\/blog\/wp-content\/uploads\/bern.jpg\" alt=\"bern\" width=\"350\" height=\"208\" srcset=\"https:\/\/numerabilis.u-paris.fr\/medica\/blog\/wp-content\/uploads\/bern.jpg 350w, https:\/\/numerabilis.u-paris.fr\/medica\/blog\/wp-content\/uploads\/bern-300x178.jpg 300w\" sizes=\"(max-width: 350px) 85vw, 350px\" \/>C&rsquo;est plus particuli\u00e8rement la naissance de Louis XIII qui a \u00e9t\u00e9 mise en avant.<\/p>\n<p><strong>Jacques G\u00e9lis<\/strong>, <a href=\"http:\/\/www.la-croix.com\/Archives\/2009-04-22\/Jacques-Gelis-historien-specialiste-de-l-histoire-de-la-naissance-1-Longtemps-la-fausse-couche-a-ete-consideree-comme-un-deshonneur-_NP_-2009-04-22-343726\" target=\"_blank\" rel=\"noopener noreferrer\">historien sp\u00e9cialiste de la naissance<\/a>, a \u00e9t\u00e9 interview\u00e9 dans le cadre du <a href=\"https:\/\/www.univ-paris5.fr\/CULTURE\/Musee-d-Histoire-de-la-Medecine\" target=\"_blank\" rel=\"noopener noreferrer\">mus\u00e9e d&rsquo;histoire de la m\u00e9decine<\/a> de l&rsquo;universit\u00e9 Paris Descartes.<\/p>\n<p><a href=\"https:\/\/numerabilis.u-paris.fr\/medica\/blog\/wp-content\/uploads\/bourgeois-1.jpg\" rel=\"attachment wp-att-12824\"><img loading=\"lazy\" decoding=\"async\" class=\"size-medium wp-image-12824 alignleft\" src=\"https:\/\/numerabilis.u-paris.fr\/medica\/blog\/wp-content\/uploads\/bourgeois-1-196x300.jpg\" alt=\"bourgeois\" width=\"196\" height=\"300\" srcset=\"https:\/\/numerabilis.u-paris.fr\/medica\/blog\/wp-content\/uploads\/bourgeois-1-196x300.jpg 196w, https:\/\/numerabilis.u-paris.fr\/medica\/blog\/wp-content\/uploads\/bourgeois-1.jpg 654w\" sizes=\"(max-width: 196px) 85vw, 196px\" \/><\/a><\/p>\n<p>\u00c0 cette occasion, la Biblioth\u00e8que interuniversitaire de Sant\u00e9 a pr\u00eat\u00e9 deux de ses ouvrages :<\/p>\n<ul>\n<li><a class=\"boldBlackFont2\" href=\"https:\/\/www.biusante.parisdescartes.fr\/ppn?09969428X\" target=\"_blank\" rel=\"noopener noreferrer\">Observations diverses sur la st\u00e9rilit\u00e9, perte de fruict, foecondit\u00e9, accouchements et maladies des femmes et enfants nouveaux naiz. Amplement traictees et heureusement pratiquees par Louyse Bourgeois, ditte Boursier, Sage femme de la Royne<\/a><\/li>\n<li><a href=\"https:\/\/www.biusante.parisdescartes.fr\/ppn?157920798\" target=\"_blank\" rel=\"noopener noreferrer\">Apologie de Louyse Bourgeois dite Bourcier, sage femme de la royne mere du roy, &amp; de feu Madame, contre le rapport des medecins<\/a> (disponible aussi <a href=\"https:\/\/www.biusante.parisdescartes.fr\/histmed\/medica\/cote?90958x70x13\" target=\"_blank\" rel=\"noopener noreferrer\">en ligne sur <em>Medic@<\/em><\/a>, notre biblioth\u00e8que num\u00e9rique &#8211; <em>4\u00a0millions de pages en acc\u00e8s libre<\/em>).<\/li>\n<\/ul>\n<p>Ainsi que la reproduction d&rsquo;un <a href=\"https:\/\/www.biusante.parisdescartes.fr\/histmed\/image?CIPN20100\" target=\"_blank\" rel=\"noopener noreferrer\">portrait de Louise Bourgeois<\/a>, l&rsquo;auteure des deux ouvrages pr\u00e9c\u00e9dents. <a href=\"https:\/\/www.biusante.parisdescartes.fr\/histoire\/biographies\/?cle=2718\" target=\"_blank\" rel=\"noopener noreferrer\">Sage-femme ayant accouch\u00e9 Marie de M\u00e9dicis<\/a>, elle est la premi\u00e8re de son m\u00e9tier \u00e0 avoir r\u00e9dig\u00e9 un trait\u00e9 d\u2019obst\u00e9trique, tr\u00e8s novateur pour l&rsquo;\u00e9poque.<\/p>\n<p><iframe loading=\"lazy\" src=\"\/\/embedftv-a.akamaihd.net\/3209788205d42c21a8039685ab59ba95\" width=\"544\" height=\"306\" frameborder=\"0\" scrolling=\"no\" allowfullscreen=\"allowfullscreen\"><\/iframe><br \/>\n<a href=\"http:\/\/www.france2.fr\/emissions\/visites-privees\" target=\"_blank\" rel=\"noopener noreferrer\">Accouchement public des reines de France<\/a><\/p>\n<h2>En savoir plus<\/h2>\n<ul>\n<li><a href=\"https:\/\/www.france.tv\/france-2\/visites-privees\/\" target=\"_blank\" rel=\"noopener noreferrer\">Le site de l&rsquo;\u00e9mission Visites priv\u00e9es<\/a>, avec un lien vers le replay<\/li>\n<li><a href=\"https:\/\/www.biusante.parisdescartes.fr\/sfhm\/hsm\/HSMx2009x043x001\/HSMx2009x043x001x0027.pdf\" target=\"_blank\" rel=\"noopener noreferrer\">Louise Bourgeois (1563-1636), une sage-femme entre deux mondes<\/a>, article de Jacques G\u00e9lis<\/li>\n<li><a href=\"http:\/\/cour-de-france.fr\/article2762.html\" target=\"_blank\" rel=\"noopener noreferrer\">La parole d\u2019une sage-femme : Louise Bourgeois (1563-1636)<\/a>, article de Jacqueline Vons<\/li>\n<li><a href=\"https:\/\/fr.wikipedia.org\/wiki\/Louise_Bourgeois_(sage-femme)\" target=\"_blank\" rel=\"noopener noreferrer\">Article de Wikip\u00e9dia sur Louise Bourgeois<\/a><\/li>\n<\/ul>\n<div id=\"schema_block\" class=\"schema_movie\"><div itemscope itemtype=\"http:\/\/schema.org\/Movie\"><a class=\"schema_url\" target=\"_blank\" itemprop=\"url\" href=\"https:\/\/www.france.tv\/france-2\/visites-privees\/\"><div class=\"schema_name\" itemprop=\"name\">Visites priv\u00e9es : Les aventuriers de la m\u00e9decine<\/div><\/a><\/div><\/div>\n<p>&nbsp;<\/p>\n","protected":false},"excerpt":{"rendered":"<p>Mercredi 25 janvier 2017, l&rsquo;\u00e9mission Visites priv\u00e9es (France 2, 15h40), anim\u00e9e par St\u00e9phane Bern avait pour sujet l&rsquo;accouchement public des reines de France. C&rsquo;est plus particuli\u00e8rement la naissance de Louis XIII qui a \u00e9t\u00e9 mise en avant. Jacques G\u00e9lis, historien sp\u00e9cialiste de la naissance, a \u00e9t\u00e9 interview\u00e9 dans le cadre du mus\u00e9e d&rsquo;histoire de la &hellip; <a href=\"https:\/\/numerabilis.u-paris.fr\/medica\/blog\/index.php\/visites-privees-la-naissance-louis-xiii\/\" class=\"more-link\">Continuer la lecture<span class=\"screen-reader-text\"> de &laquo;&nbsp;Visites priv\u00e9es : la naissance de Louis XIII&nbsp;&raquo;<\/span><\/a><\/p>\n","protected":false},"author":1,"featured_media":0,"comment_status":"open","ping_status":"open","sticky":false,"template":"","format":"standard","meta":{"_monsterinsights_skip_tracking":false,"_monsterinsights_sitenote_active":false,"_monsterinsights_sitenote_note":"","_monsterinsights_sitenote_category":0,"footnotes":""},"categories":[7],"tags":[87,335,28,337,336,150],"class_list":["post-12822","post","type-post","status-publish","format-standard","hentry","category-histoiresante","tag-17e-s","tag-gynecologie-obstetrique","tag-histoire-de-la-medecine","tag-maieutique","tag-sage-femme","tag-tournage"],"_links":{"self":[{"href":"https:\/\/numerabilis.u-paris.fr\/medica\/blog\/index.php\/wp-json\/wp\/v2\/posts\/12822"}],"collection":[{"href":"https:\/\/numerabilis.u-paris.fr\/medica\/blog\/index.php\/wp-json\/wp\/v2\/posts"}],"about":[{"href":"https:\/\/numerabilis.u-paris.fr\/medica\/blog\/index.php\/wp-json\/wp\/v2\/types\/post"}],"author":[{"embeddable":true,"href":"https:\/\/numerabilis.u-paris.fr\/medica\/blog\/index.php\/wp-json\/wp\/v2\/users\/1"}],"replies":[{"embeddable":true,"href":"https:\/\/numerabilis.u-paris.fr\/medica\/blog\/index.php\/wp-json\/wp\/v2\/comments?post=12822"}],"version-history":[{"count":15,"href":"https:\/\/numerabilis.u-paris.fr\/medica\/blog\/index.php\/wp-json\/wp\/v2\/posts\/12822\/revisions"}],"predecessor-version":[{"id":14304,"href":"https:\/\/numerabilis.u-paris.fr\/medica\/blog\/index.php\/wp-json\/wp\/v2\/posts\/12822\/revisions\/14304"}],"wp:attachment":[{"href":"https:\/\/numerabilis.u-paris.fr\/medica\/blog\/index.php\/wp-json\/wp\/v2\/media?parent=12822"}],"wp:term":[{"taxonomy":"category","embeddable":true,"href":"https:\/\/numerabilis.u-paris.fr\/medica\/blog\/index.php\/wp-json\/wp\/v2\/categories?post=12822"},{"taxonomy":"post_tag","embeddable":true,"href":"https:\/\/numerabilis.u-paris.fr\/medica\/blog\/index.php\/wp-json\/wp\/v2\/tags?post=12822"}],"curies":[{"name":"wp","href":"https:\/\/api.w.org\/{rel}","templated":true}]}}