{"id":13543,"date":"2017-04-03T13:31:07","date_gmt":"2017-04-03T11:31:07","guid":{"rendered":"https:\/\/numerabilis.u-paris.fr\/medica\/blog\/?p=13543"},"modified":"2017-04-03T13:31:07","modified_gmt":"2017-04-03T11:31:07","slug":"dieux-biu-saison-2-1er-coup-doeil","status":"publish","type":"post","link":"https:\/\/numerabilis.u-paris.fr\/medica\/blog\/index.php\/dieux-biu-saison-2-1er-coup-doeil\/","title":{"rendered":"Les Dievx de la BIV, saison 2 : 1er coup d\u2019\u0153il"},"content":{"rendered":"<p><a href=\"https:\/\/numerabilis.u-paris.fr\/medica\/blog\/index.php\/dievx-biv\/\" target=\"_blank\">Voil\u00e0 un an, la BIU Sant\u00e9 se lan\u00e7ait dans l&rsquo;aventure du calendrier des Dievx de la BIV<\/a> dans l&rsquo;optique de vous faire porter un regard nouveau sur les <strong>repr\u00e9sentations scientifiques du corps humain<\/strong>. Comme toutes les aventures, celle-ci a connu quelques vicissitudes. Quelques mois ont \u00e9t\u00e9 perdus de vue, faute de combattants.<\/p>\n<p><a href=\"https:\/\/numerabilis.u-paris.fr\/medica\/blog\/wp-content\/uploads\/calendrier-avril-2017.pdf\" target=\"_blank\"><img loading=\"lazy\" decoding=\"async\" class=\"alignright size-medium wp-image-13559\" src=\"https:\/\/numerabilis.u-paris.fr\/medica\/blog\/wp-content\/uploads\/ababa-218x300.jpg\" alt=\"ababa\" width=\"218\" height=\"300\" srcset=\"https:\/\/numerabilis.u-paris.fr\/medica\/blog\/wp-content\/uploads\/ababa-218x300.jpg 218w, https:\/\/numerabilis.u-paris.fr\/medica\/blog\/wp-content\/uploads\/ababa.jpg 426w\" sizes=\"(max-width: 218px) 85vw, 218px\" \/><\/a>Avec le retour du printemps, les <strong>biblioth\u00e9caires<\/strong> du service Histoire ont d\u00e9cid\u00e9 de jeter un \u0153il neuf sur ce dossier. Pour satisfaire les voyeurs d\u00e9laiss\u00e9s qui se languissaient de ne plus rien avoir \u00e0 voir, ni \u00e0 afficher sur les murs de leur bureau pour conna\u00eetre le jour du mois.<\/p>\n<p>\u00c0 la mani\u00e8re d&rsquo;une vision p\u00e9riph\u00e9rique, ce n&rsquo;est pas un corps en son entier qui sera expos\u00e9 \u00e0 votre regard pour ce premier \u00e9pisode (<em>car en avril&#8230;<\/em>). Visons plut\u00f4t un organe, et pas des moindres. C&rsquo;est donc un <strong>\u0153il<\/strong>, ou plut\u00f4t des yeux, qui vous seront donn\u00e9s \u00e0 voir. L\u2019\u0153il de Bartisch, affectueusement surnomm\u00e9 <em>Ababa<\/em>, et ses petits fr\u00e8res.<\/p>\n<p><a href=\"https:\/\/www.biusante.parisdescartes.fr\/histmed\/image?03766\" target=\"_blank\" rel=\"attachment wp-att-13579\"><img loading=\"lazy\" decoding=\"async\" class=\"alignleft wp-image-13579 size-medium\" src=\"https:\/\/numerabilis.u-paris.fr\/medica\/blog\/wp-content\/uploads\/03766-173x300.jpg\" alt=\"03766\" width=\"173\" height=\"300\" srcset=\"https:\/\/numerabilis.u-paris.fr\/medica\/blog\/wp-content\/uploads\/03766-173x300.jpg 173w, https:\/\/numerabilis.u-paris.fr\/medica\/blog\/wp-content\/uploads\/03766.jpg 575w\" sizes=\"(max-width: 173px) 85vw, 173px\" \/><\/a>Ils sont issus du <a href=\"https:\/\/www.biusante.parisdescartes.fr\/ppn?045687668\" target=\"_blank\"><i>Ophthalmodouleia Das ist Augendienst<\/i><\/a> de <a href=\"https:\/\/www.biusante.parisdescartes.fr\/histoire\/biographies\/?cle=947\" target=\"_blank\">Georg Bartisch<\/a>. Ce m\u00e9decin allemand, f\u00e9ru de chirurgie oculaire, publia son ouvrage en 1583, manuel de r\u00e9f\u00e9rence sur les <strong>troubles ophtalmiques<\/strong>. <em>Ces illustrations sont \u00e0 retrouver dans <a href=\"https:\/\/www.biusante.parisdescartes.fr\/histoire\/images\/index.php\" target=\"_blank\">notre banque d&rsquo;images gratuites<\/a>, plus de 200.000 documents librement t\u00e9l\u00e9chargeables sur notre site.<\/em><\/p>\n<p>Les plus perspicaces d&rsquo;entre vous auront vu que c&rsquo;est \u00e9galement de cet ouvrage qu&rsquo;\u00e9tait issue notre tr\u00e8s c\u00e9r\u00e9brale <strong>carte de v\u0153ux 2017<\/strong>.<\/p>\n<p><a href=\"https:\/\/numerabilis.u-paris.fr\/medica\/blog\/wp-content\/uploads\/calendrier-avril-2017.pdf\" target=\"_blank\">T\u00e9l\u00e9charger le calendrier d\u2019avril 2017<\/a>.<\/p>\n<p><img loading=\"lazy\" decoding=\"async\" class=\"aligncenter size-full wp-image-12731\" src=\"https:\/\/numerabilis.u-paris.fr\/medica\/blog\/wp-content\/uploads\/voeux2017b.gif\" alt=\"voeux2017b\" width=\"307\" height=\"600\" \/><\/p>\n","protected":false},"excerpt":{"rendered":"<p>Voil\u00e0 un an, la BIU Sant\u00e9 se lan\u00e7ait dans l&rsquo;aventure du calendrier des Dievx de la BIV dans l&rsquo;optique de vous faire porter un regard nouveau sur les repr\u00e9sentations scientifiques du corps humain. Comme toutes les aventures, celle-ci a connu quelques vicissitudes. Quelques mois ont \u00e9t\u00e9 perdus de vue, faute de combattants. Avec le retour &hellip; <a href=\"https:\/\/numerabilis.u-paris.fr\/medica\/blog\/index.php\/dieux-biu-saison-2-1er-coup-doeil\/\" class=\"more-link\">Continuer la lecture<span class=\"screen-reader-text\"> de &laquo;&nbsp;Les Dievx de la BIV, saison 2 : 1er coup d\u2019\u0153il&nbsp;&raquo;<\/span><\/a><\/p>\n","protected":false},"author":1,"featured_media":0,"comment_status":"open","ping_status":"open","sticky":false,"template":"","format":"standard","meta":{"_monsterinsights_skip_tracking":false,"_monsterinsights_sitenote_active":false,"_monsterinsights_sitenote_note":"","_monsterinsights_sitenote_category":0,"footnotes":""},"categories":[7],"tags":[77,276,167,322,34,283,75,289],"class_list":["post-13543","post","type-post","status-publish","format-standard","hentry","category-histoiresante","tag-16e-s","tag-allemagne","tag-anatomie","tag-calendrier","tag-chirurgie","tag-illustration-medicale","tag-livre","tag-ophtalmologie"],"_links":{"self":[{"href":"https:\/\/numerabilis.u-paris.fr\/medica\/blog\/index.php\/wp-json\/wp\/v2\/posts\/13543"}],"collection":[{"href":"https:\/\/numerabilis.u-paris.fr\/medica\/blog\/index.php\/wp-json\/wp\/v2\/posts"}],"about":[{"href":"https:\/\/numerabilis.u-paris.fr\/medica\/blog\/index.php\/wp-json\/wp\/v2\/types\/post"}],"author":[{"embeddable":true,"href":"https:\/\/numerabilis.u-paris.fr\/medica\/blog\/index.php\/wp-json\/wp\/v2\/users\/1"}],"replies":[{"embeddable":true,"href":"https:\/\/numerabilis.u-paris.fr\/medica\/blog\/index.php\/wp-json\/wp\/v2\/comments?post=13543"}],"version-history":[{"count":13,"href":"https:\/\/numerabilis.u-paris.fr\/medica\/blog\/index.php\/wp-json\/wp\/v2\/posts\/13543\/revisions"}],"predecessor-version":[{"id":13580,"href":"https:\/\/numerabilis.u-paris.fr\/medica\/blog\/index.php\/wp-json\/wp\/v2\/posts\/13543\/revisions\/13580"}],"wp:attachment":[{"href":"https:\/\/numerabilis.u-paris.fr\/medica\/blog\/index.php\/wp-json\/wp\/v2\/media?parent=13543"}],"wp:term":[{"taxonomy":"category","embeddable":true,"href":"https:\/\/numerabilis.u-paris.fr\/medica\/blog\/index.php\/wp-json\/wp\/v2\/categories?post=13543"},{"taxonomy":"post_tag","embeddable":true,"href":"https:\/\/numerabilis.u-paris.fr\/medica\/blog\/index.php\/wp-json\/wp\/v2\/tags?post=13543"}],"curies":[{"name":"wp","href":"https:\/\/api.w.org\/{rel}","templated":true}]}}