{"id":14604,"date":"2017-09-19T09:50:34","date_gmt":"2017-09-19T07:50:34","guid":{"rendered":"https:\/\/numerabilis.u-paris.fr\/medica\/blog\/?p=14604"},"modified":"2017-09-19T11:06:11","modified_gmt":"2017-09-19T09:06:11","slug":"colloque-sante-medecine-cour-de-france-20171019","status":"publish","type":"post","link":"https:\/\/numerabilis.u-paris.fr\/medica\/blog\/index.php\/colloque-sante-medecine-cour-de-france-20171019\/","title":{"rendered":"Colloque \u00ab\u00a0Sant\u00e9 et m\u00e9decine \u00e0 la cour de France\u00a0\u00bb (19-20 octobre)"},"content":{"rendered":"<p><a href=\"https:\/\/numerabilis.u-paris.fr\/medica\/blog\/wp-content\/uploads\/affiche-1.jpg\"><img loading=\"lazy\" decoding=\"async\" class=\"alignright size-medium wp-image-15188\" src=\"https:\/\/numerabilis.u-paris.fr\/medica\/blog\/wp-content\/uploads\/affiche-1-212x300.jpg\" alt=\"\" width=\"212\" height=\"300\" srcset=\"https:\/\/numerabilis.u-paris.fr\/medica\/blog\/wp-content\/uploads\/affiche-1-212x300.jpg 212w, https:\/\/numerabilis.u-paris.fr\/medica\/blog\/wp-content\/uploads\/affiche-1.jpg 595w\" sizes=\"(max-width: 212px) 85vw, 212px\" \/><\/a>Un <strong>colloque<\/strong> international sur le th\u00e8me \u00ab<strong><em>Sant\u00e9 et m\u00e9decine \u00e0 la cour de France<\/em><\/strong>\u00bb se tiendra les <strong>19 et 20 octobre 2017<\/strong> \u00e0 <a href=\"http:\/\/www.paris-iea.fr\/fr\/\" target=\"_blank\" rel=\"noopener noreferrer\">l&rsquo;Institut d&rsquo;\u00e9tudes avanc\u00e9es de Paris<\/a>.<\/p>\n<p><em>Il est organis\u00e9 par <strong>Stanis Perez<\/strong> (MSH Paris Nord) et <strong>Jacqueline Vons<\/strong> (Universit\u00e9 de Tours \/ SFHM) dans le cadre de l\u2019axe de recherche \u00abLa m\u00e9decine \u00e0 la cour de France\u00bb de <a href=\"http:\/\/cour-de-france.fr\/\" target=\"_blank\" rel=\"noopener noreferrer\">Cour de France.fr<\/a>, et est consacr\u00e9 aux questions relevant de la sant\u00e9 et de la m\u00e9decine \u00e0 la cour de France, du <\/em><em>Moyen \u00c2ge au XIXe si\u00e8cle. Il a pour but d\u2019approfondir l\u2019\u00e9tude du r\u00f4le des m\u00e9decins, chirurgiens et apothicaires dans la vie quotidienne des espaces et des personnes de l\u2019entourage royal ainsi que dans la mise en place de strat\u00e9gies collectives pour \u00e9viter, fuir ou combattre les \u00e9pid\u00e9mies. Cette manifestation apportera \u00e9galement un \u00e9clairage nouveau sur le r\u00f4le jou\u00e9 par le m\u00e9c\u00e9nat royal en tant que vecteur de promotion et de diffusion de notions ou de pratiques m\u00e9dicales nouvelles. Les communications pr\u00e9sent\u00e9es interrogeront enfin l\u2019image que les m\u00e9decins de cour ont voulu ou ont pu donner d\u2019eux-m\u00eames tant \u00e0 leurs contemporains qu\u2019\u00e0 la post\u00e9rit\u00e9. Toutes ces pistes seront explor\u00e9es \u00e0 travers un panel de sources vari\u00e9es, \u00e0 la lumi\u00e8re de l\u2019historiographie r\u00e9cente et \u00e0 la confluence tant de l\u2019histoire des textes m\u00e9dicaux que de l\u2019\u00e9tude de la cour de France.<\/em><\/p>\n<p><a href=\"http:\/\/www.paris-iea.fr\/fr\/evenements\/sante-et-medecine-a-la-cour-de-france-moyen-age-xixe-siecle\" target=\"_blank\" rel=\"noopener noreferrer\">Les inscriptions (obligatoires et gratuites) sont ouvertes sur le site de l&rsquo;IEA<\/a>.<\/p>\n<h2>Programme<\/h2>\n<h3><strong>Jeudi 19 octobre<\/strong><\/h3>\n<p><strong>9h15<\/strong> : accueil<br \/>\n<strong>9h45<\/strong> : introduction au colloque par <strong>Stanis Perez<\/strong><\/p>\n<p><strong>10h-12h<\/strong> &#8211; La cour, un lieu privil\u00e9gi\u00e9 des connaissances et des pratiques m\u00e9dicales ?<br \/>\nPr\u00e9sident de s\u00e9ance : <strong>Alexandre Lunel<\/strong>, Universit\u00e9 Paris 8<\/p>\n<p><strong>Franck Collard<\/strong>, Universit\u00e9 Paris X-Nanterre,<br \/>\n<em>Entre savoir et pouvoir : les professionnels de la sant\u00e9 \u00e0 la cour de Charles VII.<\/em><\/p>\n<p><strong>\u00c9velyne Berriot-Salvadore<\/strong>, Universit\u00e9 de Montpellier,<br \/>\n<em>La cour, caution et vecteur d\u2019un savoir m\u00e9dical vulgaris\u00e9<\/em><\/p>\n<p><strong>Stanis Perez<\/strong>, MSH Paris Nord,<br \/>\n<em>Antimoine, m\u00e9decine et alchimie \u00e0 la cour autour de la gu\u00e9rison de Louis XIV en 1658<\/em><\/p>\n<p><strong>12h00-14h00<\/strong> &#8211; D\u00e9jeuner<\/p>\n<p><strong>14h-18h<\/strong> &#8211; Quand la cour est malade&#8230;<br \/>\nPr\u00e9sidente de s\u00e9ance : <strong>\u00c9lisabeth Belmas<\/strong>, Universit\u00e9 Paris XIII<\/p>\n<p><strong>B\u00e9n\u00e9dicte Lecarpentier-Bertrand<\/strong>, Universit\u00e9 Paris XII-Cr\u00e9teil<br \/>\n<em>Des corps souffrants et sous surveillance : probl\u00e8mes et soins de sant\u00e9 \u00e0 la cour de France dans la premi\u00e8re moiti\u00e9 du XVIIe si\u00e8cle (ann\u00e9es 1590-1670)<\/em><\/p>\n<p><strong>Xavier Le Person<\/strong>, Universit\u00e9 Paris IV, IEP Paris,<br \/>\n<em>Les Mercures de la politique. Les m\u00e9decins de cour au chevet de la politique en France aux XVIe et XVIIe si\u00e8cles<\/em><\/p>\n<p><strong>Justin Rivest<\/strong>, Universit\u00e9 de Cambridge,<br \/>\n<em>M\u00e9dicaments curiaux, m\u00e9dicaments charitables : Le m\u00e9decin de cour Adrien Helv\u00e9tius et la distribution des rem\u00e8des aux soldats et aux pauvres sous Louis XIV<\/em><\/p>\n<p><strong>15h40-16h00<\/strong> &#8211; Pause<\/p>\n<p><strong>Genevi\u00e8ve Xhayet<\/strong>, Universit\u00e9 de Li\u00e8ge,<br \/>\n<em>Curistes issus de la cour de France aux eaux de Spa<\/em><\/p>\n<p><strong>Charles-Eloi Vial<\/strong>, BnF,<br \/>\n<em>Soigner et \u00eatre malade \u00e0 la cour de Napol\u00e9on Ier<\/em><\/p>\n<h3><strong>Vendredi 20 octobre<\/strong><\/h3>\n<p><strong>9h30-12h<\/strong> &#8211; Le monde m\u00e9dical \u00e0 la cour : influences et strat\u00e9gies &#8230;.<br \/>\nPr\u00e9sident de s\u00e9ance : <strong>Vivian Nutton<\/strong>, First Moscow State Medical University<\/p>\n<p><strong>Isabelle Coquillard<\/strong>, Universit\u00e9 Paris X-Nanterre<br \/>\n<em>L\u2019affirmation d\u2019un groupe professionnel \u00e0 la cour<\/em><\/p>\n<p><strong>Jo\u00ebl Coste<\/strong>, EPHE (APHP),<br \/>\n<em>Chirac, la Cour et la peste de Provence (1720-3)<\/em><\/p>\n<p><strong>Jacques Rouess\u00e9<\/strong>, Acad\u00e9mie nationale de m\u00e9decine,<br \/>\n<em>La maladie de Louis XV l\u2019\u00e9t\u00e9 1721<\/em><\/p>\n<p><strong>Jacqueline Vons<\/strong>, Universit\u00e9 Fran\u00e7ois-Rabelais de Tours, pr\u00e9sidente de la SFHM<br \/>\n<em>Pierre Dionis, chirurgien aulique (1643-1718)<\/em><\/p>\n<p><strong>12h00-14h00<\/strong> &#8211; D\u00e9jeuner<\/p>\n<p><strong>14h-16h<\/strong> &#8211; Le m\u00e9decin de cour en montre<br \/>\nPr\u00e9sident de s\u00e9ance : <strong>Guy Cobolet<\/strong>, Biblioth\u00e8que interuniversitaire de Sant\u00e9<\/p>\n<p><strong>Magdalena Ko\u017aluk<\/strong>, Universit\u00e9 de L\u00f6dz,<br \/>\n<em>Prescrire et plaire aux Seigneurs et aux Dames de la cour : Les Ordonnances de N. A de la Framboisi\u00e8re<\/em><\/p>\n<p><strong>Chlo\u00e9 Perrot<\/strong>, universit\u00e9 de Lille 3, \u00c9cole du Louvre,<br \/>\n<em>La M\u00e9decine absente. Portraits de m\u00e9decins de cour du XVIe au XIXe si\u00e8cle<\/em><\/p>\n<p><strong>Lo\u00efc Capron<\/strong>, Universit\u00e9 Paris-Descartes, APHP,<br \/>\n<em>Diafoirus p\u00e8re et fils, ou la revanche des m\u00e9decins auliques ?<\/em><\/p>\n<p>Conclusions du colloque par <strong>Jacqueline Vons<\/strong><\/p>\n<p><!--more--><\/p>\n<div id=\"schema_block\" class=\"schema_event\"><div itemscope itemtype=\"http:\/\/schema.org\/EducationEvent\"><div class=\"schema_name\" itemprop=\"name\">Sant\u00e9 et m\u00e9decine \u00e0 la cour de France (Moyen \u00c2ge-XIXe si\u00e8cle)<\/div><div><meta itemprop=\"startDate\" content=\"2017-10-19\">Debut: 10\/19\/2017<\/div><div><meta itemprop=\"endDate\" content=\"2017-10-20:00.000\">Fin: 10\/20\/2017<\/div><\/div><div itemprop=\"address\" itemscope itemtype=\"http:\/\/schema.org\/PostalAddress\"><div class=\"street\" itemprop=\"streetAddress\">H\u00f4tel de Lauzun, 17 quai d\u2019Anjou<\/div><div class=\"city_state\"><span class=\"locale\" itemprop=\"addressLocality\">Paris<\/span>,<span class=\"region\" itemprop=\"addressRegion\"> \u00cele-de-France<\/span><\/div><div class=\"postalcode\" itemprop=\"postalCode\">75004 <\/div><div class=\"country\" itemprop=\"addressCountry\">FR<\/div><\/div><\/div>\n<p>&nbsp;<\/p>\n","protected":false},"excerpt":{"rendered":"<p>Un colloque international sur le th\u00e8me \u00abSant\u00e9 et m\u00e9decine \u00e0 la cour de France\u00bb se tiendra les 19 et 20 octobre 2017 \u00e0 l&rsquo;Institut d&rsquo;\u00e9tudes avanc\u00e9es de Paris. Il est organis\u00e9 par Stanis Perez (MSH Paris Nord) et Jacqueline Vons (Universit\u00e9 de Tours \/ SFHM) dans le cadre de l\u2019axe de recherche \u00abLa m\u00e9decine \u00e0 &hellip; <a href=\"https:\/\/numerabilis.u-paris.fr\/medica\/blog\/index.php\/colloque-sante-medecine-cour-de-france-20171019\/\" class=\"more-link\">Continuer la lecture<span class=\"screen-reader-text\"> de &laquo;&nbsp;Colloque \u00ab\u00a0Sant\u00e9 et m\u00e9decine \u00e0 la cour de France\u00a0\u00bb (19-20 octobre)&nbsp;&raquo;<\/span><\/a><\/p>\n","protected":false},"author":1,"featured_media":0,"comment_status":"open","ping_status":"open","sticky":false,"template":"","format":"standard","meta":{"_monsterinsights_skip_tracking":false,"_monsterinsights_sitenote_active":false,"_monsterinsights_sitenote_note":"","_monsterinsights_sitenote_category":0,"footnotes":""},"categories":[7],"tags":[293,107,28],"class_list":["post-14604","post","type-post","status-publish","format-standard","hentry","category-histoiresante","tag-ancien-regime","tag-colloque-congres-je","tag-histoire-de-la-medecine"],"_links":{"self":[{"href":"https:\/\/numerabilis.u-paris.fr\/medica\/blog\/index.php\/wp-json\/wp\/v2\/posts\/14604"}],"collection":[{"href":"https:\/\/numerabilis.u-paris.fr\/medica\/blog\/index.php\/wp-json\/wp\/v2\/posts"}],"about":[{"href":"https:\/\/numerabilis.u-paris.fr\/medica\/blog\/index.php\/wp-json\/wp\/v2\/types\/post"}],"author":[{"embeddable":true,"href":"https:\/\/numerabilis.u-paris.fr\/medica\/blog\/index.php\/wp-json\/wp\/v2\/users\/1"}],"replies":[{"embeddable":true,"href":"https:\/\/numerabilis.u-paris.fr\/medica\/blog\/index.php\/wp-json\/wp\/v2\/comments?post=14604"}],"version-history":[{"count":8,"href":"https:\/\/numerabilis.u-paris.fr\/medica\/blog\/index.php\/wp-json\/wp\/v2\/posts\/14604\/revisions"}],"predecessor-version":[{"id":15202,"href":"https:\/\/numerabilis.u-paris.fr\/medica\/blog\/index.php\/wp-json\/wp\/v2\/posts\/14604\/revisions\/15202"}],"wp:attachment":[{"href":"https:\/\/numerabilis.u-paris.fr\/medica\/blog\/index.php\/wp-json\/wp\/v2\/media?parent=14604"}],"wp:term":[{"taxonomy":"category","embeddable":true,"href":"https:\/\/numerabilis.u-paris.fr\/medica\/blog\/index.php\/wp-json\/wp\/v2\/categories?post=14604"},{"taxonomy":"post_tag","embeddable":true,"href":"https:\/\/numerabilis.u-paris.fr\/medica\/blog\/index.php\/wp-json\/wp\/v2\/tags?post=14604"}],"curies":[{"name":"wp","href":"https:\/\/api.w.org\/{rel}","templated":true}]}}