{"id":14627,"date":"2017-07-06T15:09:22","date_gmt":"2017-07-06T13:09:22","guid":{"rendered":"https:\/\/numerabilis.u-paris.fr\/medica\/blog\/?p=14627"},"modified":"2017-07-06T15:14:19","modified_gmt":"2017-07-06T13:14:19","slug":"formations-2017-2018-bibliothecaires-de-sante","status":"publish","type":"post","link":"https:\/\/numerabilis.u-paris.fr\/medica\/blog\/index.php\/formations-2017-2018-bibliothecaires-de-sante\/","title":{"rendered":"Formations 2017-2018 pour les biblioth\u00e9caires de sant\u00e9"},"content":{"rendered":"<p>La Biblioth\u00e8que interuniversitaire de Sant\u00e9 et l\u2019<a href=\"http:\/\/urfist.enc.sorbonne.fr\/\" target=\"_blank\" rel=\"noopener noreferrer\">URFIST de Paris<\/a> proposent des stages en 2017-2018 \u00e0<strong> destination des coll\u00e8gues en poste en biblioth\u00e8que de sant\u00e9<\/strong> (<em>universitaire, hospitali\u00e8re et autre \u00e9tablissement de documentation<\/em>).<\/p>\n<h2>\u00ab Biblioth\u00e8que de sant\u00e9 : environnement et ressources documentaires (initiation) \u00bb<\/h2>\n<h3>21, 22 et 23 novembre 2017<\/h3>\n<p><img loading=\"lazy\" decoding=\"async\" class=\"size-medium wp-image-8496 alignright\" src=\"https:\/\/numerabilis.u-paris.fr\/medica\/blog\/wp-content\/uploads\/urfist-300x188.jpg\" alt=\"\" width=\"300\" height=\"188\" srcset=\"https:\/\/numerabilis.u-paris.fr\/medica\/blog\/wp-content\/uploads\/urfist-300x188.jpg 300w, https:\/\/numerabilis.u-paris.fr\/medica\/blog\/wp-content\/uploads\/urfist.jpg 400w\" sizes=\"(max-width: 300px) 85vw, 300px\" \/>Une nouvelle \u00e9dition du stage <em><strong>\u00ab\u202fBiblioth\u00e8que de sant\u00e9 : environnement et ressources documentaires (initiation)\u202f\u00bb<\/strong><\/em> se tiendra du 21 au 23 novembre 2017, \u00e0 l\u2019universit\u00e9 Paris Descartes.<\/p>\n<p>Cette formation s\u2019adresse <strong>prioritairement aux professionnels de l\u2019information et de la documentation r\u00e9cemment affect\u00e9s en biblioth\u00e8que de sant\u00e9<\/strong> (<em>universitaire et hospitali\u00e8re notamment<\/em>).<\/p>\n<p>Elle a pour objectif de permettre aux <strong>nouveaux arrivants<\/strong> en biblioth\u00e8que de sant\u00e9 de <strong>ma\u00eetriser les outils et concepts indispensables<\/strong> pour exercer leurs fonctions : publics et cursus, contexte institutionnel, collections et services.<\/p>\n<p>N\u2019h\u00e9sitez pas \u00e0 consulter le programme et \u00e0 vous inscrire <a href=\"https:\/\/sygefor.reseau-urfist.fr\/#!\/training\/6925\" target=\"_blank\" rel=\"noopener noreferrer\">\u00e0 l\u2019adresse suivante<\/a>.<\/p>\n<p>Les inscriptions sont ouvertes jusqu\u2019au <strong>29 septembre<\/strong>, mais ne tardez pas \u00e0 vous manifester.<\/p>\n<p>ATTENTION : Ce stage ne propose pas de formation pratique \u00e0 l\u2019utilisation de bases de donn\u00e9es. Une session sur ce th\u00e8me sera organis\u00e9e sur 2 jours en mars 2018 (<em>voir ci-dessous<\/em>).<\/p>\n<h2>\u00ab\u202fRecherche documentaire en m\u00e9decine\u202f: outils et ressources\u202f\u00bb<\/h2>\n<h3>15 et 16 mars 2018<\/h3>\n<p>Une nouvelle \u00e9dition de ce stage de 2 jours d\u00e9di\u00e9 sp\u00e9cifiquement \u00e0 la <strong>manipulation des principales bases de donn\u00e9es en m\u00e9decine<\/strong> (<em>PubMed, Cochrane Library, BDSP, LiSSa, EM-Premium\u2026<\/em>) est d\u2019ores et d\u00e9j\u00e0 programm\u00e9e en mars 2018.<\/p>\n<p>Les modalit\u00e9s d\u2019inscription seront annonc\u00e9es ult\u00e9rieurement.<\/p>\n<p style=\"text-align: right;\"><a href=\"mailto:a&#108;&#101;&#120;&#97;&#110;&#100;&#114;&#101;&#46;&#98;&#x6f;&#x75;&#x74;&#x65;&#x74;&#x40;&#x62;&#x69;&#x75;&#x73;&#x61;&#x6e;&#x74;&#x65;&#x2e;parisdes&#99;&#97;&#114;&#116;&#101;&#115;&#46;&#102;&#114;\" target=\"_blank\" rel=\"noopener noreferrer\">Alexandre Boutet<\/a>, <a href=\"&#x6d;&#97;&#105;l&#x74;&#x6f;&#58;b&#x65;&#x6e;&#106;am&#x69;&#110;&#46;m&#x61;&#x63;&#101;&#64;&#x62;&#x69;&#117;&#115;a&#x6e;&#x74;&#101;&#46;&#x70;&#x61;&#114;i&#x73;&#x64;&#101;&#115;c&#x61;&#x72;&#116;e&#x73;&#x2e;&#102;r\" target=\"_blank\" rel=\"noopener noreferrer\">Benjamin Mac\u00e9<\/a> et <a href=\"&#x6d;&#97;&#x69;&#108;t&#x6f;&#58;c&#x61;&#116;&#x68;&#x65;r&#x69;&#110;e&#x2e;&#116;&#x65;&#x6c;l&#x61;&#97;&#64;&#x62;&#105;u&#x73;&#97;&#x6e;&#116;e&#x2e;&#112;a&#x72;&#105;&#x73;&#x64;e&#x73;&#99;a&#x72;&#116;&#x65;&#x73;&#46;&#x66;&#114;\" target=\"_blank\" rel=\"noopener noreferrer\">Catherine Tellaa<\/a><\/p>\n<p style=\"text-align: right;\"><div id=\"schema_block\" class=\"schema_event\"><div itemscope itemtype=\"http:\/\/schema.org\/EducationEvent\"><a class=\"schema_url\" target=\"_blank\" itemprop=\"url\" href=\"https:\/\/sygefor.reseau-urfist.fr\/#!\/training\/6925\/7452\"><div class=\"schema_name\" itemprop=\"name\">Biblioth\u00e8que de sant\u00e9 : environnement et ressources documentaires (initiation)<\/div><\/a><div><meta itemprop=\"startDate\" content=\"2017-11-21\">Debut: 11\/21\/2017<\/div><div><meta itemprop=\"endDate\" content=\"2017-11-23:00.000\">Fin: 11\/23\/2017<\/div><\/div><div itemprop=\"address\" itemscope itemtype=\"http:\/\/schema.org\/PostalAddress\"><div class=\"street\" itemprop=\"streetAddress\">12, rue de l'Ecole-de-M\u00e9decine<\/div><div class=\"city_state\"><span class=\"locale\" itemprop=\"addressLocality\">Paris<\/span>,<span class=\"region\" itemprop=\"addressRegion\"> \u00cele-de-France<\/span><\/div><div class=\"postalcode\" itemprop=\"postalCode\">75006<\/div><div class=\"country\" itemprop=\"addressCountry\">FR<\/div><\/div><\/div><\/p>\n","protected":false},"excerpt":{"rendered":"<p>La Biblioth\u00e8que interuniversitaire de Sant\u00e9 et l\u2019URFIST de Paris proposent des stages en 2017-2018 \u00e0 destination des coll\u00e8gues en poste en biblioth\u00e8que de sant\u00e9 (universitaire, hospitali\u00e8re et autre \u00e9tablissement de documentation). \u00ab Biblioth\u00e8que de sant\u00e9 : environnement et ressources documentaires (initiation) \u00bb 21, 22 et 23 novembre 2017 Une nouvelle \u00e9dition du stage \u00ab\u202fBiblioth\u00e8que de &hellip; <a href=\"https:\/\/numerabilis.u-paris.fr\/medica\/blog\/index.php\/formations-2017-2018-bibliothecaires-de-sante\/\" class=\"more-link\">Continuer la lecture<span class=\"screen-reader-text\"> de &laquo;&nbsp;Formations 2017-2018 pour les biblioth\u00e9caires de sant\u00e9&nbsp;&raquo;<\/span><\/a><\/p>\n","protected":false},"author":12,"featured_media":0,"comment_status":"open","ping_status":"open","sticky":false,"template":"","format":"standard","meta":{"_monsterinsights_skip_tracking":false,"_monsterinsights_sitenote_active":false,"_monsterinsights_sitenote_note":"","_monsterinsights_sitenote_category":0,"footnotes":""},"categories":[14,15],"tags":[19,134,22],"class_list":["post-14627","post","type-post","status-publish","format-standard","hentry","category-medecine-odontologie","category-pharmacie-biologie-cosmetologie","tag-base-de-donnees","tag-bibliothecaire","tag-formation"],"_links":{"self":[{"href":"https:\/\/numerabilis.u-paris.fr\/medica\/blog\/index.php\/wp-json\/wp\/v2\/posts\/14627"}],"collection":[{"href":"https:\/\/numerabilis.u-paris.fr\/medica\/blog\/index.php\/wp-json\/wp\/v2\/posts"}],"about":[{"href":"https:\/\/numerabilis.u-paris.fr\/medica\/blog\/index.php\/wp-json\/wp\/v2\/types\/post"}],"author":[{"embeddable":true,"href":"https:\/\/numerabilis.u-paris.fr\/medica\/blog\/index.php\/wp-json\/wp\/v2\/users\/12"}],"replies":[{"embeddable":true,"href":"https:\/\/numerabilis.u-paris.fr\/medica\/blog\/index.php\/wp-json\/wp\/v2\/comments?post=14627"}],"version-history":[{"count":6,"href":"https:\/\/numerabilis.u-paris.fr\/medica\/blog\/index.php\/wp-json\/wp\/v2\/posts\/14627\/revisions"}],"predecessor-version":[{"id":14634,"href":"https:\/\/numerabilis.u-paris.fr\/medica\/blog\/index.php\/wp-json\/wp\/v2\/posts\/14627\/revisions\/14634"}],"wp:attachment":[{"href":"https:\/\/numerabilis.u-paris.fr\/medica\/blog\/index.php\/wp-json\/wp\/v2\/media?parent=14627"}],"wp:term":[{"taxonomy":"category","embeddable":true,"href":"https:\/\/numerabilis.u-paris.fr\/medica\/blog\/index.php\/wp-json\/wp\/v2\/categories?post=14627"},{"taxonomy":"post_tag","embeddable":true,"href":"https:\/\/numerabilis.u-paris.fr\/medica\/blog\/index.php\/wp-json\/wp\/v2\/tags?post=14627"}],"curies":[{"name":"wp","href":"https:\/\/api.w.org\/{rel}","templated":true}]}}