{"id":14649,"date":"2017-07-10T13:53:33","date_gmt":"2017-07-10T11:53:33","guid":{"rendered":"https:\/\/numerabilis.u-paris.fr\/medica\/blog\/?p=14649"},"modified":"2017-07-10T13:53:49","modified_gmt":"2017-07-10T11:53:49","slug":"fermeture-14-juillet-2017","status":"publish","type":"post","link":"https:\/\/numerabilis.u-paris.fr\/medica\/blog\/index.php\/fermeture-14-juillet-2017\/","title":{"rendered":"Fermeture du 14 juillet"},"content":{"rendered":"<p>La BIU Sant\u00e9 sera ferm\u00e9e le <strong>vendredi 14 juillet 2017<\/strong>, jour f\u00e9ri\u00e9 (<em>f\u00eate nationale<\/em>).<\/p>\n<p>Mais le <em>p\u00f4le M\u00e9decine<\/em> de la biblioth\u00e8que sera ouvert normalement le samedi 15 juillet &#8211; de 9h \u00e0 20h (<em>le p\u00f4le Pharmacie n&rsquo;est pas ouvert le samedi en juillet-ao\u00fbt<\/em>).<\/p>\n<figure id=\"attachment_5327\" aria-describedby=\"caption-attachment-5327\" style=\"width: 600px\" class=\"wp-caption alignnone\"><a title=\"Bastille\" href=\"https:\/\/www.biusante.parisdescartes.fr\/histmed\/image?CISA0481\" target=\"_blank\" rel=\"noopener noreferrer\"><img loading=\"lazy\" decoding=\"async\" class=\" wp-image-5327\" title=\"CISA0481\" src=\"https:\/\/numerabilis.u-paris.fr\/medica\/blog\/wp-content\/uploads\/CISA0481.jpg\" alt=\"\" width=\"600\" height=\"509\" srcset=\"https:\/\/numerabilis.u-paris.fr\/medica\/blog\/wp-content\/uploads\/CISA0481.jpg 600w, https:\/\/numerabilis.u-paris.fr\/medica\/blog\/wp-content\/uploads\/CISA0481-300x254.jpg 300w\" sizes=\"(max-width: 709px) 85vw, (max-width: 909px) 67vw, (max-width: 984px) 61vw, (max-width: 1362px) 45vw, 600px\" \/><\/a><figcaption id=\"caption-attachment-5327\" class=\"wp-caption-text\">D\u00e9livrance d&rsquo;un prisonnier de la Bastille, par Huyot.<\/figcaption><\/figure>\n<p>L&rsquo;occasion de (re)d\u00e9couvrir nos services en ligne, disponibles <strong>7 jours sur 7 et 24h\/24<\/strong> :<\/p>\n<p>Pour les <em>historiens<\/em>, en <strong>acc\u00e8s libre<\/strong> : la biblioth\u00e8que num\u00e9rique <em><a href=\"https:\/\/www.biusante.parisdescartes.fr\/histoire\/medica\/index.php\" target=\"_blank\" rel=\"noopener noreferrer\">Medic@<\/a><\/em>, la <a title=\"Banque d'images BIU Sant\u00e9\" href=\"https:\/\/www.biusante.parisdescartes.fr\/histoire\/images\/index.php\" target=\"_blank\" rel=\"noopener noreferrer\">Banque d&rsquo;images et de portraits<\/a> (<em>dont est issue l&rsquo;image ci-dessus<\/em>) et pourquoi pas une petite visite du c\u00f4t\u00e9 des <a href=\"https:\/\/www.biusante.parisdescartes.fr\/histoire\/index.php\" target=\"_blank\" rel=\"noopener noreferrer\">expositions virtuelles<\/a>.<\/p>\n<p>Pour les <em>lecteurs de Paris Descartes<\/em>, les <a href=\"https:\/\/www.biusante.parisdescartes.fr\/chercher\/articles\/index.php\" target=\"_blank\" rel=\"noopener noreferrer\">bases de donn\u00e9es<\/a>, les <a href=\"https:\/\/www.biusante.parisdescartes.fr\/chercher\/revues.php\" target=\"_blank\" rel=\"noopener noreferrer\">revues en ligne<\/a> et les <a href=\"https:\/\/www.biusante.parisdescartes.fr\/chercher\/livres-electroniques.php\" target=\"_blank\" rel=\"noopener noreferrer\">livres \u00e9lectroniques<\/a>.<\/p>\n","protected":false},"excerpt":{"rendered":"<p>La BIU Sant\u00e9 sera ferm\u00e9e le vendredi 14 juillet 2017, jour f\u00e9ri\u00e9 (f\u00eate nationale). Mais le p\u00f4le M\u00e9decine de la biblioth\u00e8que sera ouvert normalement le samedi 15 juillet &#8211; de 9h \u00e0 20h (le p\u00f4le Pharmacie n&rsquo;est pas ouvert le samedi en juillet-ao\u00fbt). L&rsquo;occasion de (re)d\u00e9couvrir nos services en ligne, disponibles 7 jours sur 7 &hellip; <a href=\"https:\/\/numerabilis.u-paris.fr\/medica\/blog\/index.php\/fermeture-14-juillet-2017\/\" class=\"more-link\">Continuer la lecture<span class=\"screen-reader-text\"> de &laquo;&nbsp;Fermeture du 14 juillet&nbsp;&raquo;<\/span><\/a><\/p>\n","protected":false},"author":1,"featured_media":0,"comment_status":"open","ping_status":"open","sticky":false,"template":"","format":"standard","meta":{"_monsterinsights_skip_tracking":false,"_monsterinsights_sitenote_active":false,"_monsterinsights_sitenote_note":"","_monsterinsights_sitenote_category":0,"footnotes":""},"categories":[7,14,15],"tags":[43],"class_list":["post-14649","post","type-post","status-publish","format-standard","hentry","category-histoiresante","category-medecine-odontologie","category-pharmacie-biologie-cosmetologie","tag-acces"],"_links":{"self":[{"href":"https:\/\/numerabilis.u-paris.fr\/medica\/blog\/index.php\/wp-json\/wp\/v2\/posts\/14649"}],"collection":[{"href":"https:\/\/numerabilis.u-paris.fr\/medica\/blog\/index.php\/wp-json\/wp\/v2\/posts"}],"about":[{"href":"https:\/\/numerabilis.u-paris.fr\/medica\/blog\/index.php\/wp-json\/wp\/v2\/types\/post"}],"author":[{"embeddable":true,"href":"https:\/\/numerabilis.u-paris.fr\/medica\/blog\/index.php\/wp-json\/wp\/v2\/users\/1"}],"replies":[{"embeddable":true,"href":"https:\/\/numerabilis.u-paris.fr\/medica\/blog\/index.php\/wp-json\/wp\/v2\/comments?post=14649"}],"version-history":[{"count":3,"href":"https:\/\/numerabilis.u-paris.fr\/medica\/blog\/index.php\/wp-json\/wp\/v2\/posts\/14649\/revisions"}],"predecessor-version":[{"id":14656,"href":"https:\/\/numerabilis.u-paris.fr\/medica\/blog\/index.php\/wp-json\/wp\/v2\/posts\/14649\/revisions\/14656"}],"wp:attachment":[{"href":"https:\/\/numerabilis.u-paris.fr\/medica\/blog\/index.php\/wp-json\/wp\/v2\/media?parent=14649"}],"wp:term":[{"taxonomy":"category","embeddable":true,"href":"https:\/\/numerabilis.u-paris.fr\/medica\/blog\/index.php\/wp-json\/wp\/v2\/categories?post=14649"},{"taxonomy":"post_tag","embeddable":true,"href":"https:\/\/numerabilis.u-paris.fr\/medica\/blog\/index.php\/wp-json\/wp\/v2\/tags?post=14649"}],"curies":[{"name":"wp","href":"https:\/\/api.w.org\/{rel}","templated":true}]}}