{"id":15157,"date":"2017-09-13T10:21:41","date_gmt":"2017-09-13T08:21:41","guid":{"rendered":"https:\/\/numerabilis.u-paris.fr\/medica\/blog\/?p=15157"},"modified":"2017-09-13T10:21:41","modified_gmt":"2017-09-13T08:21:41","slug":"conference-poisons-versus-remedes-2109","status":"publish","type":"post","link":"https:\/\/numerabilis.u-paris.fr\/medica\/blog\/index.php\/conference-poisons-versus-remedes-2109\/","title":{"rendered":"Conf\u00e9rence \u00ab\u00a0Poisons versus rem\u00e8des\u00a0\u00bb le 21\/09"},"content":{"rendered":"<blockquote><p><strong>\u00ab\u00a0Morsure de serpent ou contact cutan\u00e9 avec une plante peuvent nous intoxiquer mais suscitent \u00e9galement l\u2019attention des chercheurs pour toutes sortes d\u2019applications m\u00e9dicales. Qu\u2019en est-il des \u00ab\u00a0poisons\u00a0\u00bb qui gu\u00e9rissent ?\u00a0\u00bb<\/strong><\/p><\/blockquote>\n<figure id=\"attachment_15159\" aria-describedby=\"caption-attachment-15159\" style=\"width: 300px\" class=\"wp-caption aligncenter\"><a href=\"https:\/\/numerabilis.u-paris.fr\/medica\/blog\/wp-content\/uploads\/sante-en-question.png\"><img loading=\"lazy\" decoding=\"async\" class=\"size-medium wp-image-15159\" src=\"https:\/\/numerabilis.u-paris.fr\/medica\/blog\/wp-content\/uploads\/sante-en-question-300x206.png\" alt=\"\" width=\"300\" height=\"206\" srcset=\"https:\/\/numerabilis.u-paris.fr\/medica\/blog\/wp-content\/uploads\/sante-en-question-300x206.png 300w, https:\/\/numerabilis.u-paris.fr\/medica\/blog\/wp-content\/uploads\/sante-en-question.png 543w\" sizes=\"(max-width: 300px) 85vw, 300px\" \/><\/a><figcaption id=\"caption-attachment-15159\" class=\"wp-caption-text\">Source : Inserm<\/figcaption><\/figure>\n<p>Dans le cadre du cycle de conf\u00e9rences citoyennes <strong>\u00ab\u00a0Sant\u00e9 en questions\u00a0\u00bb<\/strong>, une pr\u00e9sentation autour des <strong>applications m\u00e9dicales des substances toxiques<\/strong> produites par les animaux et les plantes est coorganis\u00e9e le <strong>jeudi 21 septembre 2017, de 19h \u00e0 20h30<\/strong>,\u00a0\u00e0 la <strong><a href=\"http:\/\/www.cite-sciences.fr\/fr\/accueil\/\" target=\"_blank\" rel=\"noopener noreferrer\">Cit\u00e9 des Sciences et de l&rsquo;Industrie<\/a><\/strong> \u00e0 Paris et au <strong><a href=\"http:\/\/www.museedesconfluences.fr\/\" target=\"_blank\" rel=\"noopener noreferrer\">Mus\u00e9e des Confluences<\/a><\/strong> \u00e0 Lyon, par <strong>l&rsquo;<a href=\"https:\/\/www.inserm.fr\/\" target=\"_blank\" rel=\"noopener noreferrer\">Inserm<\/a><\/strong> et <strong><a href=\"http:\/\/www.universcience.fr\/fr\/accueil\/\" target=\"_blank\" rel=\"noopener noreferrer\">Universcience<\/a><\/strong>.<\/p>\n<p><!--more--><\/p>\n<h2>Intervenants<\/h2>\n<h3><a href=\"https:\/\/numerabilis.u-paris.fr\/medica\/blog\/wp-content\/uploads\/cite-des-sciences.png\"><img loading=\"lazy\" decoding=\"async\" class=\"alignleft wp-image-15164 size-thumbnail\" src=\"https:\/\/numerabilis.u-paris.fr\/medica\/blog\/wp-content\/uploads\/cite-des-sciences-150x150.png\" alt=\"\" width=\"150\" height=\"150\" \/><\/a>A la Cit\u00e9 des Sciences et de l&rsquo;Industrie (Paris)<\/h3>\n<ul>\n<li><strong>Xavier CACHET<\/strong>, pharmacien, ma\u00eetre de conf\u00e9rences en pharmacognosie \u00e0 la facult\u00e9 de Pharmacie de Paris (Universit\u00e9 Paris-Descartes).<\/li>\n<li><strong>Marc LITAUDON<\/strong>, docteur en pharmacie, ing\u00e9nieur de recherche au CNRS, responsable de l&rsquo;extractoth\u00e8que \u00e0 l&rsquo;ICSN-CNRS, et expert en produits naturels bioactifs de plantes.<\/li>\n<\/ul>\n<h3>Au Mus\u00e9e des Confluences (Lyon)<a href=\"https:\/\/numerabilis.u-paris.fr\/medica\/blog\/wp-content\/uploads\/musee-confluences.png\"><img loading=\"lazy\" decoding=\"async\" class=\"alignright wp-image-15165 \" src=\"https:\/\/numerabilis.u-paris.fr\/medica\/blog\/wp-content\/uploads\/musee-confluences-300x115.png\" alt=\"\" width=\"222\" height=\"85\" srcset=\"https:\/\/numerabilis.u-paris.fr\/medica\/blog\/wp-content\/uploads\/musee-confluences-300x115.png 300w, https:\/\/numerabilis.u-paris.fr\/medica\/blog\/wp-content\/uploads\/musee-confluences.png 319w\" sizes=\"(max-width: 222px) 85vw, 222px\" \/><\/a><\/h3>\n<ul>\n<li><strong>\u00c9ric LINGUEGLIA<\/strong>, directeur de recherche Inserm \u00e0 l&rsquo;IPMC de Nice-Sophia Antipolis.<\/li>\n<li><strong>Pascal LUCCIONI<\/strong>, ma\u00eetre de conf\u00e9rences en litt\u00e9rature grecque et romaine \u00e0 l&rsquo;Universit\u00e9 Jean-Moulin-Lyon-III.<\/li>\n<\/ul>\n<h2>Rappel : les Journ\u00e9es du patrimoine le 16\/09 \u00e0 la Facult\u00e9 de pharmacie<\/h2>\n<p style=\"text-align: center;\"><a href=\"https:\/\/numerabilis.u-paris.fr\/medica\/blog\/wp-content\/uploads\/jep.jpg\"><img loading=\"lazy\" decoding=\"async\" class=\"alignright size-medium wp-image-15166\" src=\"https:\/\/numerabilis.u-paris.fr\/medica\/blog\/wp-content\/uploads\/jep-212x300.jpg\" alt=\"\" width=\"212\" height=\"300\" srcset=\"https:\/\/numerabilis.u-paris.fr\/medica\/blog\/wp-content\/uploads\/jep-212x300.jpg 212w, https:\/\/numerabilis.u-paris.fr\/medica\/blog\/wp-content\/uploads\/jep-768x1086.jpg 768w, https:\/\/numerabilis.u-paris.fr\/medica\/blog\/wp-content\/uploads\/jep-724x1024.jpg 724w, https:\/\/numerabilis.u-paris.fr\/medica\/blog\/wp-content\/uploads\/jep-1200x1697.jpg 1200w, https:\/\/numerabilis.u-paris.fr\/medica\/blog\/wp-content\/uploads\/jep.jpg 1240w\" sizes=\"(max-width: 212px) 85vw, 212px\" \/><\/a><\/p>\n<p style=\"text-align: left;\">Et pour les plus impatients d&rsquo;entre vous, le <a href=\"http:\/\/www.pharmacie.parisdescartes.fr\/spip.php?article2648\" target=\"_blank\" rel=\"noopener noreferrer\">Mus\u00e9e Fran\u00e7ois Tillequin<\/a> et la <a href=\"https:\/\/www.biusante.parisdescartes.fr\/\" target=\"_blank\" rel=\"noopener noreferrer\">BIU Sant\u00e9<\/a> vous proposent un parcours d\u00e9couverte sur le th\u00e8me des poisons \u00e0 l&rsquo;occasion des <a href=\"https:\/\/numerabilis.u-paris.fr\/medica\/blog\/index.php\/journees-patrimoine-2017-poisons-arme-crime-remede\/\" target=\"_blank\" rel=\"noopener noreferrer\"><strong>Journ\u00e9es europ\u00e9ennes du patrimoine le 16 septembre<\/strong><\/a>.<\/p>\n<h2>Pour aller plus loin<\/h2>\n<p>Informez-vous sur <a href=\"https:\/\/www.inserm.fr\/actualites\/rubriques\/actualites-evenements\/conference-poisons-vs-remedes\" target=\"_blank\" rel=\"noopener noreferrer\">le site de l&rsquo;Inserm<\/a>.<\/p>\n<p>Informez-vous sur <a href=\"http:\/\/www.cite-sciences.fr\/fr\/au-programme\/animations-spectacles\/conferences\/sante-en-questions\/\" target=\"_blank\" rel=\"noopener noreferrer\">le site de la Cit\u00e9 des Sciences et de l&rsquo;Industrie<\/a>.<\/p>\n<p>Suivez les conf\u00e9rences \u00ab\u00a0Sant\u00e9 en questions\u00a0\u00bb sur Twitter : <a href=\"https:\/\/twitter.com\/hashtag\/confsant\" target=\"_blank\" rel=\"noopener noreferrer\">#confsant<\/a> ou <a href=\"https:\/\/twitter.com\/insermlive\" target=\"_blank\" rel=\"noopener noreferrer\">@InsermLive<\/a><\/p>\n<p>Prenez connaissance de <a href=\"http:\/\/www.cite-sciences.fr\/fr\/au-programme\/lieux-ressources\/cite-de-la-sante\/au-programme\/conferences-sante-en-questions\/la-selection-de-la-cite-de-la-sante-sur-poisons-versus-remedes\/\" target=\"_blank\" rel=\"noopener noreferrer\">la s\u00e9lection documentaire r\u00e9alis\u00e9e par la Cit\u00e9 de la Sant\u00e9<\/a><\/p>\n<div id=\"schema_block\" class=\"schema_event\"><div itemscope itemtype=\"http:\/\/schema.org\/Event\"><div><meta itemprop=\"startDate\" content=\"2017-09-21\">Debut: 09\/21\/2017<\/div><div><meta itemprop=\"endDate\" content=\"2017-09-21:00.000\">Fin: 09\/21\/2017<\/div><div><meta itemprop=\"duration\" content=\"0000-00-00T01:30\">Duree: 1 heures: and 30 minutes<\/div><\/div><div itemprop=\"address\" itemscope itemtype=\"http:\/\/schema.org\/PostalAddress\"><div class=\"street\" itemprop=\"streetAddress\">Cit\u00e9 des Sciences et de l'Industrie - 30, avenue Corentin Cariou<\/div><div class=\"city_state\"><span class=\"locale\" itemprop=\"addressLocality\">Paris<\/span><\/div><div class=\"postalcode\" itemprop=\"postalCode\">75019<\/div><div class=\"country\" itemprop=\"addressCountry\">FR<\/div><\/div><\/div>\n","protected":false},"excerpt":{"rendered":"<p>\u00ab\u00a0Morsure de serpent ou contact cutan\u00e9 avec une plante peuvent nous intoxiquer mais suscitent \u00e9galement l\u2019attention des chercheurs pour toutes sortes d\u2019applications m\u00e9dicales. Qu\u2019en est-il des \u00ab\u00a0poisons\u00a0\u00bb qui gu\u00e9rissent ?\u00a0\u00bb Dans le cadre du cycle de conf\u00e9rences citoyennes \u00ab\u00a0Sant\u00e9 en questions\u00a0\u00bb, une pr\u00e9sentation autour des applications m\u00e9dicales des substances toxiques produites par les animaux et &hellip; <a href=\"https:\/\/numerabilis.u-paris.fr\/medica\/blog\/index.php\/conference-poisons-versus-remedes-2109\/\" class=\"more-link\">Continuer la lecture<span class=\"screen-reader-text\"> de &laquo;&nbsp;Conf\u00e9rence \u00ab\u00a0Poisons versus rem\u00e8des\u00a0\u00bb le 21\/09&nbsp;&raquo;<\/span><\/a><\/p>\n","protected":false},"author":18,"featured_media":0,"comment_status":"open","ping_status":"open","sticky":false,"template":"","format":"standard","meta":{"_monsterinsights_skip_tracking":false,"_monsterinsights_sitenote_active":false,"_monsterinsights_sitenote_note":"","_monsterinsights_sitenote_category":0,"footnotes":""},"categories":[7,15],"tags":[23,12,402,61],"class_list":["post-15157","post","type-post","status-publish","format-standard","hentry","category-histoiresante","category-pharmacie-biologie-cosmetologie","tag-conference","tag-histoire-de-la-pharmacie","tag-poisons","tag-toxicologie"],"_links":{"self":[{"href":"https:\/\/numerabilis.u-paris.fr\/medica\/blog\/index.php\/wp-json\/wp\/v2\/posts\/15157"}],"collection":[{"href":"https:\/\/numerabilis.u-paris.fr\/medica\/blog\/index.php\/wp-json\/wp\/v2\/posts"}],"about":[{"href":"https:\/\/numerabilis.u-paris.fr\/medica\/blog\/index.php\/wp-json\/wp\/v2\/types\/post"}],"author":[{"embeddable":true,"href":"https:\/\/numerabilis.u-paris.fr\/medica\/blog\/index.php\/wp-json\/wp\/v2\/users\/18"}],"replies":[{"embeddable":true,"href":"https:\/\/numerabilis.u-paris.fr\/medica\/blog\/index.php\/wp-json\/wp\/v2\/comments?post=15157"}],"version-history":[{"count":18,"href":"https:\/\/numerabilis.u-paris.fr\/medica\/blog\/index.php\/wp-json\/wp\/v2\/posts\/15157\/revisions"}],"predecessor-version":[{"id":15190,"href":"https:\/\/numerabilis.u-paris.fr\/medica\/blog\/index.php\/wp-json\/wp\/v2\/posts\/15157\/revisions\/15190"}],"wp:attachment":[{"href":"https:\/\/numerabilis.u-paris.fr\/medica\/blog\/index.php\/wp-json\/wp\/v2\/media?parent=15157"}],"wp:term":[{"taxonomy":"category","embeddable":true,"href":"https:\/\/numerabilis.u-paris.fr\/medica\/blog\/index.php\/wp-json\/wp\/v2\/categories?post=15157"},{"taxonomy":"post_tag","embeddable":true,"href":"https:\/\/numerabilis.u-paris.fr\/medica\/blog\/index.php\/wp-json\/wp\/v2\/tags?post=15157"}],"curies":[{"name":"wp","href":"https:\/\/api.w.org\/{rel}","templated":true}]}}