{"id":15433,"date":"2017-11-24T17:30:32","date_gmt":"2017-11-24T16:30:32","guid":{"rendered":"https:\/\/numerabilis.u-paris.fr\/medica\/blog\/?p=15433"},"modified":"2017-12-13T12:14:37","modified_gmt":"2017-12-13T11:14:37","slug":"biu-sante-aux-29e-journees-rndh","status":"publish","type":"post","link":"https:\/\/numerabilis.u-paris.fr\/medica\/blog\/index.php\/biu-sante-aux-29e-journees-rndh\/","title":{"rendered":"La BIU Sant\u00e9 aux 29e journ\u00e9es du RNDH"},"content":{"rendered":"<p>Plusieurs repr\u00e9sentants de la BIU Sant\u00e9 ont eu la chance de participer aux <a href=\"http:\/\/www.rndh.fr\/8\/page\/100016\/Journees_du_RNDH.html\" target=\"_blank\" rel=\"noopener noreferrer\">29e journ\u00e9es du RNDH<\/a> les <strong>12 et 13 octobre 2017<\/strong>.<\/p>\n<ul>\n<li><strong>Catherine Tellaa<\/strong> et <strong>Alexandre Boutet<\/strong> ont anim\u00e9 deux ateliers consacr\u00e9s\u00a0 \u00e0 <em>Zotero<\/em>, qui ont accueilli plus d&rsquo;une trentaine de participants. Le premier de ces ateliers \u00e9tait une pr\u00e9sentation du logiciel de gestion de r\u00e9f\u00e9rences bibliographiques, libre et gratuit, <a href=\"https:\/\/numerabilis.u-paris.fr\/medica\/blog\/index.php\/zotero5-le-nouveau-support-est-en-ligne\/\" target=\"_blank\" rel=\"noopener noreferrer\">dont la version 5.0 a \u00e9t\u00e9 lanc\u00e9e r\u00e9cemment<\/a>. Le second atelier s&rsquo;adressait \u00e0 des utilisateurs chevronn\u00e9s, et a permis des \u00e9changes fructueux sur les fonctionnalit\u00e9s avanc\u00e9es de <em>Zotero<\/em>, comme le travail en groupe ou l&rsquo;utilisation des flux RSS, une des nouveaut\u00e9s de la nouvelle version. <a href=\"https:\/\/www.biusante.parisdescartes.fr\/ressources\/pdf\/zotero-tutoriel-biusante.pdf\" target=\"_blank\" rel=\"noopener noreferrer\">Toutes ces nouveaut\u00e9s sont bien entendu \u00e0 retrouver sur notre tutoriel<\/a> !<\/li>\n<li><strong><img loading=\"lazy\" decoding=\"async\" class=\"alignright size-medium wp-image-15650\" src=\"https:\/\/numerabilis.u-paris.fr\/medica\/blog\/wp-content\/uploads\/DMACGTgUEAAu2tF-300x169.jpg\" alt=\"\" width=\"300\" height=\"169\" srcset=\"https:\/\/numerabilis.u-paris.fr\/medica\/blog\/wp-content\/uploads\/DMACGTgUEAAu2tF-300x169.jpg 300w, https:\/\/numerabilis.u-paris.fr\/medica\/blog\/wp-content\/uploads\/DMACGTgUEAAu2tF-768x432.jpg 768w, https:\/\/numerabilis.u-paris.fr\/medica\/blog\/wp-content\/uploads\/DMACGTgUEAAu2tF-1024x576.jpg 1024w, https:\/\/numerabilis.u-paris.fr\/medica\/blog\/wp-content\/uploads\/DMACGTgUEAAu2tF-1200x675.jpg 1200w, https:\/\/numerabilis.u-paris.fr\/medica\/blog\/wp-content\/uploads\/DMACGTgUEAAu2tF.jpg 1280w\" sizes=\"(max-width: 300px) 85vw, 300px\" \/>\u00c9meline Dalsorg<\/strong> et <strong>J\u00e9r\u00f4me Kalfon<\/strong> (<em>Couperin<\/em>) ont pr\u00e9sent\u00e9 <a href=\"http:\/\/www.couperin.org\/\" target=\"_blank\" rel=\"noopener noreferrer\">le consortium <em>Couperin<\/em><\/a> et ses implications dans le domaine de la sant\u00e9.<\/li>\n<li><strong>David Benoist<\/strong> et <strong>Ludovic H\u00e9ry<\/strong> (<em>Centre hospitalier du Mans \/ FFMP<\/em>) ont cl\u00f4tur\u00e9 les journ\u00e9es en \u00e9voquant les collaborations possibles entre professionnels de la documentation et praticiens.<\/li>\n<\/ul>\n<p><!--more--><\/p>\n<p><iframe loading=\"lazy\" style=\"border: 0;\" src=\"https:\/\/hal.archives-ouvertes.fr\/medihal-01645030\/player\" width=\"600\" height=\"350\" frameborder=\"0\"><\/iframe><\/p>\n<h2>En savoir plus<\/h2>\n<h3>Floril\u00e8ge de tweets li\u00e9s au congr\u00e8s<\/h3>\n<div class=\"storify\"><iframe loading=\"lazy\" src=\"\/\/storify.com\/dbenoist\/biu-sante-rndh29\/embed?border=false\" width=\"100%\" height=\"750\" frameborder=\"no\"><\/iframe><script src=\"\/\/storify.com\/dbenoist\/biu-sante-rndh29.js?border=false\"><\/script><noscript>[<a href=\"\/\/storify.com\/dbenoist\/biu-sante-rndh29\" target=\"_blank\">View the story \u00ab\u00a0BIU Sant\u00e9 #RNDH29\u00a0\u00bb on Storify<\/a>]<\/noscript><\/div>\n","protected":false},"excerpt":{"rendered":"<p>Plusieurs repr\u00e9sentants de la BIU Sant\u00e9 ont eu la chance de participer aux 29e journ\u00e9es du RNDH les 12 et 13 octobre 2017. Catherine Tellaa et Alexandre Boutet ont anim\u00e9 deux ateliers consacr\u00e9s\u00a0 \u00e0 Zotero, qui ont accueilli plus d&rsquo;une trentaine de participants. Le premier de ces ateliers \u00e9tait une pr\u00e9sentation du logiciel de gestion &hellip; <a href=\"https:\/\/numerabilis.u-paris.fr\/medica\/blog\/index.php\/biu-sante-aux-29e-journees-rndh\/\" class=\"more-link\">Continuer la lecture<span class=\"screen-reader-text\"> de &laquo;&nbsp;La BIU Sant\u00e9 aux 29e journ\u00e9es du RNDH&nbsp;&raquo;<\/span><\/a><\/p>\n","protected":false},"author":1,"featured_media":0,"comment_status":"open","ping_status":"open","sticky":false,"template":"","format":"standard","meta":{"_monsterinsights_skip_tracking":false,"_monsterinsights_sitenote_active":false,"_monsterinsights_sitenote_note":"","_monsterinsights_sitenote_category":0,"footnotes":""},"categories":[14,15],"tags":[134,107,22,153],"class_list":["post-15433","post","type-post","status-publish","format-standard","hentry","category-medecine-odontologie","category-pharmacie-biologie-cosmetologie","tag-bibliothecaire","tag-colloque-congres-je","tag-formation","tag-zotero"],"_links":{"self":[{"href":"https:\/\/numerabilis.u-paris.fr\/medica\/blog\/index.php\/wp-json\/wp\/v2\/posts\/15433"}],"collection":[{"href":"https:\/\/numerabilis.u-paris.fr\/medica\/blog\/index.php\/wp-json\/wp\/v2\/posts"}],"about":[{"href":"https:\/\/numerabilis.u-paris.fr\/medica\/blog\/index.php\/wp-json\/wp\/v2\/types\/post"}],"author":[{"embeddable":true,"href":"https:\/\/numerabilis.u-paris.fr\/medica\/blog\/index.php\/wp-json\/wp\/v2\/users\/1"}],"replies":[{"embeddable":true,"href":"https:\/\/numerabilis.u-paris.fr\/medica\/blog\/index.php\/wp-json\/wp\/v2\/comments?post=15433"}],"version-history":[{"count":11,"href":"https:\/\/numerabilis.u-paris.fr\/medica\/blog\/index.php\/wp-json\/wp\/v2\/posts\/15433\/revisions"}],"predecessor-version":[{"id":15779,"href":"https:\/\/numerabilis.u-paris.fr\/medica\/blog\/index.php\/wp-json\/wp\/v2\/posts\/15433\/revisions\/15779"}],"wp:attachment":[{"href":"https:\/\/numerabilis.u-paris.fr\/medica\/blog\/index.php\/wp-json\/wp\/v2\/media?parent=15433"}],"wp:term":[{"taxonomy":"category","embeddable":true,"href":"https:\/\/numerabilis.u-paris.fr\/medica\/blog\/index.php\/wp-json\/wp\/v2\/categories?post=15433"},{"taxonomy":"post_tag","embeddable":true,"href":"https:\/\/numerabilis.u-paris.fr\/medica\/blog\/index.php\/wp-json\/wp\/v2\/tags?post=15433"}],"curies":[{"name":"wp","href":"https:\/\/api.w.org\/{rel}","templated":true}]}}