{"id":15490,"date":"2017-10-31T13:59:13","date_gmt":"2017-10-31T12:59:13","guid":{"rendered":"https:\/\/numerabilis.u-paris.fr\/medica\/blog\/?p=15490"},"modified":"2017-10-31T13:59:13","modified_gmt":"2017-10-31T12:59:13","slug":"seance-commune-shp-groupe-histoire-de-la-chimie-15112017","status":"publish","type":"post","link":"https:\/\/numerabilis.u-paris.fr\/medica\/blog\/index.php\/seance-commune-shp-groupe-histoire-de-la-chimie-15112017\/","title":{"rendered":"S\u00e9ance commune de la SHP et du Groupe d&rsquo;histoire de la chimie, le 15\/11"},"content":{"rendered":"<p style=\"text-align: center;\"><em>De l&rsquo;officine au laboratoire pharmaceutique : la transformation de la fabrique familiale en entreprise internationale au XXe si\u00e8cle.<\/em><\/p>\n<p>L<a href=\"https:\/\/numerabilis.u-paris.fr\/medica\/blog\/wp-content\/uploads\/SHP.jpg\"><img loading=\"lazy\" decoding=\"async\" class=\"alignright wp-image-10115 size-thumbnail\" style=\"border: 1px solid black;\" src=\"https:\/\/numerabilis.u-paris.fr\/medica\/blog\/wp-content\/uploads\/SHP-150x150.jpg\" alt=\"\" width=\"150\" height=\"150\" \/><\/a>e <strong>mercredi 15 novembre 2017 <\/strong>se tiendra la prochaine s\u00e9ance\u00a0(<em>entr\u00e9e libre<\/em>) de la <a href=\"http:\/\/www.shp-asso.org\/\" target=\"_blank\" rel=\"noopener noreferrer\">Soci\u00e9t\u00e9 d&rsquo;histoire de la pharmacie<\/a>, sous la pr\u00e9sidence du Professeur <a href=\"&#x6d;&#97;&#x69;&#x6c;&#116;&#x6f;&#x3a;&#111;&#x6c;&#x69;&#118;&#x69;&#x65;r&#x6c;&#x61;f&#x6f;&#110;t&#x40;&#119;a&#x6e;&#97;d&#x6f;&#111;&#46;&#x66;&#114;\" target=\"_blank\" rel=\"noopener noreferrer\"><strong>Olivier Lafont<\/strong><\/a>, et du <a href=\"http:\/\/www.societechimiquedefrance.fr\/club-histoire-de-la-chimie-15.html\" target=\"_blank\" rel=\"noopener noreferrer\">Groupe d&rsquo;histoire de la chimie<\/a>, sous la pr\u00e9sidence du Professeur <a href=\"&#x6d;&#97;i&#x6c;&#116;o&#x3a;&#112;a&#x74;&#x72;&#105;&#x63;&#x65;&#46;b&#x72;&#101;t&#x40;&#121;a&#x68;&#x6f;&#111;&#x2e;&#x66;&#114;\" target=\"_blank\" rel=\"noopener noreferrer\"><strong>Patrice Bret<\/strong><\/a>.<\/p>\n<p>Elle aura lieu <strong>au si\u00e8ge de la Soci\u00e9t\u00e9 chimique de France (250, rue Saint-Jacques, Paris <\/strong><strong>5<sup>e<\/sup><\/strong><strong>), \u00e0 13h45<\/strong>.<\/p>\n<p><strong>\u00c0 l&rsquo;ordre du jour :<\/strong><\/p>\n<p>14h-14h10 &#8211; <strong>Accueil et introduction<\/strong> par <strong>Danielle Fauque\u00a0<\/strong>(GHC) et <strong>Bruno Bonnemain <\/strong>(SHP).<\/p>\n<figure id=\"attachment_15497\" aria-describedby=\"caption-attachment-15497\" style=\"width: 300px\" class=\"wp-caption alignleft\"><a href=\"https:\/\/numerabilis.u-paris.fr\/medica\/blog\/wp-content\/uploads\/08739.jpg\"><img loading=\"lazy\" decoding=\"async\" class=\"size-medium wp-image-15497\" src=\"https:\/\/numerabilis.u-paris.fr\/medica\/blog\/wp-content\/uploads\/08739-300x240.jpg\" alt=\"\" width=\"300\" height=\"240\" srcset=\"https:\/\/numerabilis.u-paris.fr\/medica\/blog\/wp-content\/uploads\/08739-300x240.jpg 300w, https:\/\/numerabilis.u-paris.fr\/medica\/blog\/wp-content\/uploads\/08739.jpg 711w\" sizes=\"(max-width: 300px) 85vw, 300px\" \/><\/a><figcaption id=\"caption-attachment-15497\" class=\"wp-caption-text\">Maison de Paris, atelier de pilules, granules.<br \/>Source : Medic@<\/figcaption><\/figure>\n<p>14h10-14h45 &#8211; Communication de <strong>C\u00e9cile Raynal <\/strong>(pharmacien, membre de l&rsquo;<a href=\"https:\/\/www.shp-asso.org\/index.php?PAGE=AIHP\" target=\"_blank\" rel=\"noopener noreferrer\">Acad\u00e9mie internationale d&rsquo;Histoire de la Pharmacie<\/a>) : <em>La mutation du Laboratoire J. Rati\u00e9, des pilules de beaut\u00e9 aux m\u00e9dicaments<\/em>.<\/p>\n<p>14h45-15h20 &#8211; Communication d&rsquo;<strong>Andr\u00e9 Frogerais<\/strong> (pharmacien, secr\u00e9taire g\u00e9n\u00e9ral adjoint de la SHP) : <em>La Cooper au service des sp\u00e9cialit\u00e9s fabriqu\u00e9es par les pharmaciens d&rsquo;officine<\/em>.<\/p>\n<p>15h20-15h55 &#8211; Communication de <strong>Pierre Laszlo<\/strong> (professeur \u00e9m\u00e9rite de l&rsquo;<a href=\"https:\/\/www.uliege.be\/cms\/c_8699436\/fr\/portail-uliege\" target=\"_blank\" rel=\"noopener noreferrer\">Universit\u00e9 de Li\u00e8ge<\/a> et de l&rsquo;\u00c9cole polytechnique, GHC) : <em>Une boutique en aval d&rsquo;une usine<\/em>.<\/p>\n<p>15h55-16h15 &#8211; Pause.<\/p>\n<figure id=\"attachment_15499\" aria-describedby=\"caption-attachment-15499\" style=\"width: 300px\" class=\"wp-caption alignright\"><a href=\"https:\/\/numerabilis.u-paris.fr\/medica\/blog\/wp-content\/uploads\/08703.jpg\"><img loading=\"lazy\" decoding=\"async\" class=\"size-medium wp-image-15499\" src=\"https:\/\/numerabilis.u-paris.fr\/medica\/blog\/wp-content\/uploads\/08703-300x208.jpg\" alt=\"\" width=\"300\" height=\"208\" srcset=\"https:\/\/numerabilis.u-paris.fr\/medica\/blog\/wp-content\/uploads\/08703-300x208.jpg 300w, https:\/\/numerabilis.u-paris.fr\/medica\/blog\/wp-content\/uploads\/08703-768x532.jpg 768w, https:\/\/numerabilis.u-paris.fr\/medica\/blog\/wp-content\/uploads\/08703.jpg 1000w\" sizes=\"(max-width: 300px) 85vw, 300px\" \/><\/a><figcaption id=\"caption-attachment-15499\" class=\"wp-caption-text\">Usine de Courbevoie, atelier des produits chimiques.<br \/>Source : Medic@<\/figcaption><\/figure>\n<p>16h15-16h50 &#8211; Communication d&rsquo;<strong>Yves M\u00e9nillet<\/strong> (ancien collaborateur des laboratoires Faure) et de <strong>Michel Faure<\/strong> (pharmacien, directeur scientifique des laboratoires Faure) : <em>Les laboratoires H. Faure, laboratoires ard\u00e9chois sp\u00e9cialis\u00e9s en ophtalmologie, de l&rsquo;officine \u00e0 l&rsquo;industrie<\/em>.<\/p>\n<p>16h50-17h25 &#8211; Communication de <strong>Thierry Lefebvre<\/strong> (pharmacien, ma\u00eetre de conf\u00e9rences \u00e0 l&rsquo;<a href=\"https:\/\/www.univ-paris-diderot.fr\/\" target=\"_blank\" rel=\"noopener noreferrer\">Universit\u00e9 Paris-Diderot<\/a>, membre de l&rsquo;<a href=\"https:\/\/www.shp-asso.org\/index.php?PAGE=AIHP\" target=\"_blank\" rel=\"noopener noreferrer\">Acad\u00e9mie internationale d&rsquo;Histoire de la Pharmacie<\/a> et vice-pr\u00e9sident de la SHP) : <em>Les cha\u00eenes de fabrication d\u00e9voil\u00e9es par le cin\u00e9ma<\/em>.<\/p>\n<p>17h25-18h &#8211; Communication de <strong>Jean-Pierre Poirier<\/strong> (m\u00e9decin, historien de la chimie) : <em>Quel avenir pour l&rsquo;industrie pharmaceutique en France ?<\/em><\/p>\n<p><strong>Date<\/strong> : <strong>Mercredi 15 novembre, \u00e0 13h45.<br \/>\n<\/strong><\/p>\n<p><strong><a href=\"https:\/\/numerabilis.u-paris.fr\/medica\/blog\/wp-content\/uploads\/Capture.png\" rel=\"attachment wp-att-12339\"><img loading=\"lazy\" decoding=\"async\" class=\"size-medium wp-image-12339 alignleft\" style=\"border: 1px solid black;\" src=\"https:\/\/numerabilis.u-paris.fr\/medica\/blog\/wp-content\/uploads\/Capture-300x80.png\" alt=\"Soci\u00e9t\u00e9 chimique de France\" width=\"300\" height=\"80\" srcset=\"https:\/\/numerabilis.u-paris.fr\/medica\/blog\/wp-content\/uploads\/Capture-300x80.png 300w, https:\/\/numerabilis.u-paris.fr\/medica\/blog\/wp-content\/uploads\/Capture.png 369w\" sizes=\"(max-width: 300px) 85vw, 300px\" \/><\/a>Lieu<\/strong> : si\u00e8ge de la Soci\u00e9t\u00e9 chimique de France (<em>250, rue Saint-Jacques, 75005 Paris<\/em>), l&rsquo;entr\u00e9e est libre.<\/p>\n<p>Si vous souhaitez assister \u00e0 cette s\u00e9ance, vous pouvez contacter <a href=\"m&#97;&#x69;&#x6c;&#x74;o&#58;&#x64;&#x61;&#x6e;i&#101;&#x6c;&#x6c;&#x65;&#46;&#102;&#x61;&#x75;&#x71;u&#101;&#x40;&#x75;&#x2d;p&#115;&#x75;&#x64;&#x2e;f&#114;\" target=\"_blank\" rel=\"noopener noreferrer\">Danielle Fauque<\/a> et <a href=\"&#x6d;&#97;i&#x6c;&#116;o&#x3a;&#111;l&#x69;&#118;i&#x65;&#114;l&#x61;&#x66;o&#x6e;&#x74;&#64;&#x77;&#x61;&#110;&#x61;&#x64;&#111;o&#x2e;&#102;r\" target=\"_blank\" rel=\"noopener noreferrer\">Olivier Lafont<\/a>.<\/p>\n<p style=\"text-align: right;\"><a href=\"&#109;a&#x69;l&#x74;o&#x3a;&#115;&#x69;&#100;&#x6f;&#110;i&#x65;&#46;&#x76;i&#x63;&#101;&#x74;&#64;&#x62;&#105;&#x75;&#115;a&#x6e;t&#x65;&#46;&#x70;&#97;&#x72;&#105;&#x73;&#100;&#x65;&#115;c&#x61;r&#x74;e&#x73;&#46;&#x66;&#114;\" target=\"_blank\" rel=\"noopener noreferrer\">Sidonie Vicet<\/a><\/p>\n<p style=\"text-align: left;\"><div id=\"schema_block\" class=\"schema_event\"><div itemscope itemtype=\"http:\/\/schema.org\/Event\"><div class=\"schema_name\" itemprop=\"name\">S\u00e9ance commune SHP et GHC<\/div><div><meta itemprop=\"startDate\" content=\"2017-11-15T13:45\">Debut: 11\/15\/2017 01:45 pm<\/div><div><meta itemprop=\"duration\" content=\"0000-00-00T04:15\">Duree: 4 heures: and 15 minutes<\/div><\/div><div itemprop=\"address\" itemscope itemtype=\"http:\/\/schema.org\/PostalAddress\"><div class=\"street\" itemprop=\"streetAddress\">250, rue Saint-Jacques<\/div><div class=\"city_state\"><span class=\"locale\" itemprop=\"addressLocality\">Paris<\/span><\/div><div class=\"postalcode\" itemprop=\"postalCode\">75005<\/div><div class=\"country\" itemprop=\"addressCountry\">FR<\/div><\/div><\/div><\/p>\n","protected":false},"excerpt":{"rendered":"<p>De l&rsquo;officine au laboratoire pharmaceutique : la transformation de la fabrique familiale en entreprise internationale au XXe si\u00e8cle. Le mercredi 15 novembre 2017 se tiendra la prochaine s\u00e9ance\u00a0(entr\u00e9e libre) de la Soci\u00e9t\u00e9 d&rsquo;histoire de la pharmacie, sous la pr\u00e9sidence du Professeur Olivier Lafont, et du Groupe d&rsquo;histoire de la chimie, sous la pr\u00e9sidence du Professeur &hellip; <a href=\"https:\/\/numerabilis.u-paris.fr\/medica\/blog\/index.php\/seance-commune-shp-groupe-histoire-de-la-chimie-15112017\/\" class=\"more-link\">Continuer la lecture<span class=\"screen-reader-text\"> de &laquo;&nbsp;S\u00e9ance commune de la SHP et du Groupe d&rsquo;histoire de la chimie, le 15\/11&nbsp;&raquo;<\/span><\/a><\/p>\n","protected":false},"author":18,"featured_media":0,"comment_status":"open","ping_status":"open","sticky":false,"template":"","format":"standard","meta":{"_monsterinsights_skip_tracking":false,"_monsterinsights_sitenote_active":false,"_monsterinsights_sitenote_note":"","_monsterinsights_sitenote_category":0,"footnotes":""},"categories":[7,15],"tags":[54,190,23,418,321,12,173,289,367],"class_list":["post-15490","post","type-post","status-publish","format-standard","hentry","category-histoiresante","category-pharmacie-biologie-cosmetologie","tag-20e-s","tag-cinema","tag-conference","tag-groupe-dhistoire-de-la-chimie","tag-histoire-de-la-chimie","tag-histoire-de-la-pharmacie","tag-officine","tag-ophtalmologie","tag-societe-dhistoire-de-la-pharmacie"],"_links":{"self":[{"href":"https:\/\/numerabilis.u-paris.fr\/medica\/blog\/index.php\/wp-json\/wp\/v2\/posts\/15490"}],"collection":[{"href":"https:\/\/numerabilis.u-paris.fr\/medica\/blog\/index.php\/wp-json\/wp\/v2\/posts"}],"about":[{"href":"https:\/\/numerabilis.u-paris.fr\/medica\/blog\/index.php\/wp-json\/wp\/v2\/types\/post"}],"author":[{"embeddable":true,"href":"https:\/\/numerabilis.u-paris.fr\/medica\/blog\/index.php\/wp-json\/wp\/v2\/users\/18"}],"replies":[{"embeddable":true,"href":"https:\/\/numerabilis.u-paris.fr\/medica\/blog\/index.php\/wp-json\/wp\/v2\/comments?post=15490"}],"version-history":[{"count":5,"href":"https:\/\/numerabilis.u-paris.fr\/medica\/blog\/index.php\/wp-json\/wp\/v2\/posts\/15490\/revisions"}],"predecessor-version":[{"id":15518,"href":"https:\/\/numerabilis.u-paris.fr\/medica\/blog\/index.php\/wp-json\/wp\/v2\/posts\/15490\/revisions\/15518"}],"wp:attachment":[{"href":"https:\/\/numerabilis.u-paris.fr\/medica\/blog\/index.php\/wp-json\/wp\/v2\/media?parent=15490"}],"wp:term":[{"taxonomy":"category","embeddable":true,"href":"https:\/\/numerabilis.u-paris.fr\/medica\/blog\/index.php\/wp-json\/wp\/v2\/categories?post=15490"},{"taxonomy":"post_tag","embeddable":true,"href":"https:\/\/numerabilis.u-paris.fr\/medica\/blog\/index.php\/wp-json\/wp\/v2\/tags?post=15490"}],"curies":[{"name":"wp","href":"https:\/\/api.w.org\/{rel}","templated":true}]}}