{"id":15530,"date":"2017-11-09T15:19:10","date_gmt":"2017-11-09T14:19:10","guid":{"rendered":"https:\/\/numerabilis.u-paris.fr\/medica\/blog\/?p=15530"},"modified":"2017-11-09T15:19:10","modified_gmt":"2017-11-09T14:19:10","slug":"dieuvx-novembre-vie-mort-marie-chaufour","status":"publish","type":"post","link":"https:\/\/numerabilis.u-paris.fr\/medica\/blog\/index.php\/dieuvx-novembre-vie-mort-marie-chaufour\/","title":{"rendered":"Calendrier des dievx de novembre : la vie, la mort et Marie Chaufour"},"content":{"rendered":"<p><a href=\"https:\/\/numerabilis.u-paris.fr\/medica\/blog\/wp-content\/uploads\/calendrier-novembre-2017.pdf\" target=\"_blank\" rel=\"noopener noreferrer\"><img loading=\"lazy\" decoding=\"async\" class=\"alignleft size-medium wp-image-15571\" src=\"https:\/\/numerabilis.u-paris.fr\/medica\/blog\/wp-content\/uploads\/novembre-212x300.jpg\" alt=\"\" width=\"212\" height=\"300\" srcset=\"https:\/\/numerabilis.u-paris.fr\/medica\/blog\/wp-content\/uploads\/novembre-212x300.jpg 212w, https:\/\/numerabilis.u-paris.fr\/medica\/blog\/wp-content\/uploads\/novembre.jpg 444w\" sizes=\"(max-width: 212px) 85vw, 212px\" \/><\/a>En ces lendemains de Toussaint, les DIEVX invitent \u00e0 nouveau un jeune chercheur. <a href=\"https:\/\/u-bourgogne.academia.edu\/MarieChaufour\" target=\"_blank\" rel=\"noopener noreferrer\">Marie Chaufour<\/a> nous fait le plaisir d\u2019\u00e9voquer l\u2019<a href=\"https:\/\/www.biusante.parisdescartes.fr\/histmed\/medica\/cote?42038\" target=\"_blank\" rel=\"noopener noreferrer\">Histoire de la vie &amp; de la mort<\/a> de <strong>Francis Bacon<\/strong> \u00e0 travers l\u2019analyse du frontispice de la version fran\u00e7aise traduite par l\u2019acad\u00e9micien<a href=\"#_ftn1\" name=\"_ftnref1\"><sup>[1]<\/sup><\/a> et polygraphe du XVIIe si\u00e8cle, <strong>Jean Baudoin<\/strong>.<\/p>\n<p><a href=\"https:\/\/numerabilis.u-paris.fr\/medica\/blog\/wp-content\/uploads\/calendrier-novembre-2017.pdf\" target=\"_blank\" rel=\"noopener noreferrer\">T\u00e9l\u00e9charger le calendrier de novembre 2017<\/a>.<\/p>\n<p><img loading=\"lazy\" decoding=\"async\" class=\"alignright size-full wp-image-15531\" src=\"https:\/\/numerabilis.u-paris.fr\/medica\/blog\/wp-content\/uploads\/MarieChaufour.jpg\" alt=\"\" width=\"139\" height=\"379\" srcset=\"https:\/\/numerabilis.u-paris.fr\/medica\/blog\/wp-content\/uploads\/MarieChaufour.jpg 139w, https:\/\/numerabilis.u-paris.fr\/medica\/blog\/wp-content\/uploads\/MarieChaufour-110x300.jpg 110w\" sizes=\"(max-width: 139px) 85vw, 139px\" \/>Marie Chaufour est docteur en histoire de l\u2019art moderne et chercheur associ\u00e9 au <a href=\"http:\/\/cptc.u-bourgogne.fr\/\" target=\"_blank\" rel=\"noopener noreferrer\">Centre Pluridisciplinaire Textes et Cultures<\/a> de l\u2019universit\u00e9 de Bourgogne Franche-Comt\u00e9. Elle a soutenu en 2013 une th\u00e8se intitul\u00e9e <a href=\"http:\/\/revuesshs.u-bourgogne.fr\/lisit491\/document.php?id=1105\" target=\"_blank\" rel=\"noopener noreferrer\">Le moraliste et les images :\u00a0 recherches sur l\u2019expression embl\u00e9matique chez Jean Baudoin<\/a>, sous la direction de Paulette Chon\u00e9. Elle s\u2019int\u00e9resse de mani\u00e8re plus g\u00e9n\u00e9rale \u00e0 l\u2019embl\u00e8me, \u00e0 l\u2019image symbolique et \u00e0 l\u2019iconographie.<\/p>\n<p>Elle fait partie du comit\u00e9 scientifique de l\u2019<a href=\"https:\/\/aeef.hypotheses.org\/\" target=\"_blank\" rel=\"noopener noreferrer\">Association des \u00e9tudes embl\u00e9mistes en France<\/a> et a co-organis\u00e9 le 11e congr\u00e8s de la <a href=\"http:\/\/www.emblemstudies.org\/\" target=\"_blank\" rel=\"noopener noreferrer\">Society for Emblem Studies<\/a> qui s\u2019est tenu \u00e0 Nancy en juillet 2017.<\/p>\n<p>Ceux qui souhaiteraient l\u2019entendre pourront la retrouver lors de la journ\u00e9e d\u2019\u00e9tude <a href=\"http:\/\/www.lesamisdetristan.org\/?page_id=485\" target=\"_blank\" rel=\"noopener noreferrer\"><em>Minerve pensive. La r\u00e9flexion sur la guerre au temps de Tristan L&rsquo;Hermite<\/em><\/a><em>,<\/em> le <strong>23 f\u00e9vrier 2018<\/strong>, \u00e0 l\u2019universit\u00e9 Paris-Sorbonne. Son intervention portera sur \u00ab<em>Le motif du guerrier dans la culture visuelle de l\u2019\u00e9poque Louis\u00a0XIII<\/em>\u00bb.<\/p>\n<p><a href=\"#_ftnref1\" name=\"_ftn1\"><sup>[1]<\/sup><\/a> Ce qui nous prive d\u00e9finitivement de qualifier notre invit\u00e9e de chercheu.r.se.<\/p>\n<h2>L\u2019Art est long, &amp; la Vie est courte\u00a0!<a href=\"#_ftn1\" name=\"_ftnref1\">[1]<\/a><\/h2>\n<p><a href=\"https:\/\/numerabilis.u-paris.fr\/medica\/blog\/wp-content\/uploads\/bacon.jpg\"><img loading=\"lazy\" decoding=\"async\" class=\"alignleft wp-image-15568 size-medium\" style=\"border: 1px solid black;\" src=\"https:\/\/numerabilis.u-paris.fr\/medica\/blog\/wp-content\/uploads\/bacon-256x300.jpg\" alt=\"\" width=\"256\" height=\"300\" srcset=\"https:\/\/numerabilis.u-paris.fr\/medica\/blog\/wp-content\/uploads\/bacon-256x300.jpg 256w, https:\/\/numerabilis.u-paris.fr\/medica\/blog\/wp-content\/uploads\/bacon.jpg 347w\" sizes=\"(max-width: 256px) 85vw, 256px\" \/><\/a>L&rsquo;image choisie pour le calendrier ce mois-ci provient de l\u2019<a href=\"https:\/\/www.biusante.parisdescartes.fr\/histmed\/medica\/cote?42038\" target=\"_blank\" rel=\"noopener noreferrer\"><em>Histoire de la Vie &amp; de la Mort<\/em><\/a> du chancelier <a href=\"https:\/\/www.biusante.parisdescartes.fr\/histoire\/biographies\/?cle=544\" target=\"_blank\" rel=\"noopener noreferrer\"><strong>Francis Bacon<\/strong><\/a> (1561-1626) traduite en 1647 par <strong>Jean Baudoin<\/strong><a href=\"#_ftn2\" name=\"_ftnref2\">[2]<\/a> \u2013 l\u2019un des premiers acad\u00e9miciens fran\u00e7ais, traducteur de la fameuse <em>Iconologia<\/em> de <strong>Cesare Ripa<\/strong> et \u00ab<em>restaurateur<\/em>\u00bb du genre embl\u00e9matique en France au XVII<sup>e<\/sup> si\u00e8cle. C\u2019est lui qui introduisit la philosophie baconienne en France. Il avait en effet obtenu un privil\u00e8ge lui accordant \u00ab<em>de faire imprimer par tel imprimeur qu\u2019il voudra choisir, toutes les \u0152uvres du Chancelier Bacon par lui traduittes, en un ou plusieurs volume<\/em>\u00bb, chose plut\u00f4t rare et qui d\u00e9notait le grand int\u00e9r\u00eat de Baudoin pour la pens\u00e9e de l\u2019homme de lettres et philosophe anglais et plus encore l\u2019int\u00e9r\u00eat du public fran\u00e7ais pour des textes scientifiques. Il \u00e9tait donc clairement question de \u00ab<em>faire parler le fran\u00e7ais aux sciences<\/em><a href=\"#_ftn3\" name=\"_ftnref3\">[3]<\/a>\u00bb.<\/p>\n<p><a href=\"https:\/\/numerabilis.u-paris.fr\/medica\/blog\/wp-content\/uploads\/0005-2.jpg\"><img loading=\"lazy\" decoding=\"async\" class=\"alignright wp-image-15569 size-medium\" src=\"https:\/\/numerabilis.u-paris.fr\/medica\/blog\/wp-content\/uploads\/0005-2-199x300.jpg\" alt=\"\" width=\"199\" height=\"300\" srcset=\"https:\/\/numerabilis.u-paris.fr\/medica\/blog\/wp-content\/uploads\/0005-2-199x300.jpg 199w, https:\/\/numerabilis.u-paris.fr\/medica\/blog\/wp-content\/uploads\/0005-2.jpg 434w\" sizes=\"(max-width: 199px) 85vw, 199px\" \/><\/a>Bacon consacra une grande partie de son \u0153uvre \u00e0 la promotion et \u00e0 la restauration de la <strong>science<\/strong>. Ses recherches le conduisirent \u00e0 proposer une <em>nouvelle philosophie<\/em> fond\u00e9e en partie sur la r\u00e9forme des savoirs en s\u2019appuyant sur l\u2019observation et l\u2019exp\u00e9rimentation. Il exposa son point de vue dans plusieurs ouvrages, tels <em>the Advancement of Learnings <\/em>ou le<em> De Saptientia Veterum <\/em>dans lequel il donnait une interpr\u00e9tation scientifique aux mythes antiques. Puis il se consacra \u00e0 l\u2019<strong>histoire naturelle<\/strong> et publia notamment, en 1623, l\u2019<em>Histoire de la Vie et de la Mort<\/em> dans laquelle il \u00e9tudia la long\u00e9vit\u00e9 des mondes min\u00e9ral, v\u00e9g\u00e9tal et animal\u00a0; avant d\u2019examiner la vie humaine. Dans ce livre, Bacon ne propose nullement des rem\u00e8des aux maladies, mais des m\u00e9thodes afin de prolonger la vie offerte par Dieu, qui \u00e9tait pour lui la partie la plus noble de l\u2019art m\u00e9dical.<\/p>\n<p><a href=\"https:\/\/numerabilis.u-paris.fr\/medica\/blog\/wp-content\/uploads\/chandelles.jpg\"><img loading=\"lazy\" decoding=\"async\" class=\"alignleft wp-image-15573 size-medium\" src=\"https:\/\/numerabilis.u-paris.fr\/medica\/blog\/wp-content\/uploads\/chandelles-300x195.jpg\" alt=\"\" width=\"300\" height=\"195\" srcset=\"https:\/\/numerabilis.u-paris.fr\/medica\/blog\/wp-content\/uploads\/chandelles-300x195.jpg 300w, https:\/\/numerabilis.u-paris.fr\/medica\/blog\/wp-content\/uploads\/chandelles-768x500.jpg 768w, https:\/\/numerabilis.u-paris.fr\/medica\/blog\/wp-content\/uploads\/chandelles-1024x667.jpg 1024w, https:\/\/numerabilis.u-paris.fr\/medica\/blog\/wp-content\/uploads\/chandelles-1200x781.jpg 1200w, https:\/\/numerabilis.u-paris.fr\/medica\/blog\/wp-content\/uploads\/chandelles.jpg 1278w\" sizes=\"(max-width: 300px) 85vw, 300px\" \/><\/a>En choisissant d\u2019occuper l\u2019espace par un <strong>autel<\/strong> d\u2019une grande simplicit\u00e9 \u2013 orn\u00e9 de colonnettes ioniques, le graveur accentue la dimension religieuse de la philosophie scientifique de Bacon, tout en proposant au lecteur une m\u00e9ditation sur la <em>fugacit\u00e9 de la vie<\/em>. Deux <strong>chandelles<\/strong> prennent place sur la plate-forme de l\u2019autel recouvert d\u2019un tapis richement brod\u00e9. La premi\u00e8re bougie vient \u00e0 peine d\u2019\u00eatre allum\u00e9e, tandis que la seconde est en train de s\u2019\u00e9teindre en fumant. Ce motif est \u00e9galement pr\u00e9sent dans les <em>Emblemata politica<\/em> (1618) de Jacob a Bruck Angermundt, accompagn\u00e9 du <em>motto<\/em> \u00ab<em>Transeundum<\/em>\u00bb afin de souligner l\u2019instabilit\u00e9 des choses terrestres. Dans le langage embl\u00e9matique, la chandelle qui se consume nous rappelle que notre mort commence \u00e0 l\u2019instant o\u00f9 nous arrivons sur terre<a href=\"#_ftn4\" name=\"_ftnref4\">[4]<\/a>.<\/p>\n<p><a href=\"https:\/\/numerabilis.u-paris.fr\/medica\/blog\/wp-content\/uploads\/soleil.jpg\"><img loading=\"lazy\" decoding=\"async\" class=\"alignright wp-image-15574 size-medium\" src=\"https:\/\/numerabilis.u-paris.fr\/medica\/blog\/wp-content\/uploads\/soleil-300x215.jpg\" alt=\"\" width=\"300\" height=\"215\" srcset=\"https:\/\/numerabilis.u-paris.fr\/medica\/blog\/wp-content\/uploads\/soleil-300x215.jpg 300w, https:\/\/numerabilis.u-paris.fr\/medica\/blog\/wp-content\/uploads\/soleil-768x550.jpg 768w, https:\/\/numerabilis.u-paris.fr\/medica\/blog\/wp-content\/uploads\/soleil-1024x733.jpg 1024w, https:\/\/numerabilis.u-paris.fr\/medica\/blog\/wp-content\/uploads\/soleil-1200x859.jpg 1200w, https:\/\/numerabilis.u-paris.fr\/medica\/blog\/wp-content\/uploads\/soleil.jpg 1278w\" sizes=\"(max-width: 300px) 85vw, 300px\" \/><\/a>La <strong>fragilit\u00e9 de la vie humaine<\/strong> est \u00e9galement mise en sc\u00e8ne par la <em>frise florale<\/em> brod\u00e9e sur le tapis d\u2019autel. \u00c0 droite des fleurs fan\u00e9es et des chardons se substituent aux bouquets de tulipes, de roses ou de pivoines \u00e9panouies, fleurs \u00e9ph\u00e9m\u00e8res par excellence. Bon nombre de natures mortes m\u00ealent des fleurs commen\u00e7ant \u00e0 s\u2019\u00e9tioler \u00e0 d\u2019autres parfaitement fra\u00eeches afin d\u2019accentuer la caducit\u00e9 des biens terrestres devant la mort. Ici, il peut \u00e9galement s\u2019agir de d\u00e9voiler la lutte contre le vieillissement ou plut\u00f4t pour \u00ab<em>le rajeunissement des corps vieillis<\/em>\u00bb ainsi que l\u2019\u00e9crit Bacon. La bri\u00e8vet\u00e9 de la vie est encore mise en sc\u00e8ne par la <em>course du soleil<\/em> qui appara\u00eet sur les deux devises entre les colonnes de l\u2019autel, la premi\u00e8re ayant pour corps un lever de soleil accompagn\u00e9 du <em>motto<\/em> \u00ab<em>surgit que<\/em>\u00bb, tandis que la seconde est compos\u00e9e d\u2019un soleil couchant et du mot \u00ab<em>cadit que<\/em>\u00bb, m\u00e9taphore de la vie qui file inexorablement. Enfin la sentence d\u00e9velopp\u00e9e sur l\u2019autel propose une <em>m\u00e9ditation<\/em> sur l\u2019implacabilit\u00e9 de la mort et ach\u00e8ve de transformer ce frontispice en un parfait <em>Memento mori.<\/em><\/p>\n<p style=\"text-align: right;\">Marie Chaufour<\/p>\n<p style=\"text-align: right;\">Universit\u00e9 Bourgogne Franche-Comt\u00e9<\/p>\n<p><a href=\"#_ftnref1\" name=\"_ftn1\">[1]<\/a> F. Bacon, <em>Histoire de la Vie et de la Mort<\/em>, Introduction, n.p.<\/p>\n<p><a href=\"#_ftnref2\" name=\"_ftn2\">[2]<\/a> J. Baudoin, <em>Histoire de la Vie et de la Mort, O\u00f9 il est traitt\u00e9 de la longue et de la courte dur\u00e9e de toute sorte de Corps\u00a0; Des causes de leur decadence\u00a0; et des moyens d\u2019en reparer les defauts, autant qu\u2019il se peut. Compos\u00e9 par Mre Fran\u00e7ois Bacon, Grand Chancelier d\u2019Angleterre, et fidelement traduitte par J. Baudoin<\/em>, Paris, Guillaume Loyson, 1647.<\/p>\n<p><a href=\"#_ftnref3\" name=\"_ftn3\">[3]<\/a> M. Le D\u0153uff, \u00ab\u00a0Bacon chez les grands au si\u00e8cle de Louis XIII\u00a0\u00bb, Fattori, Marta (dir.), <em>Francis Bacon\u00a0: terminologia e fortuna nel <\/em><em>xvii secolo<\/em>, Rome, Edizioni dell\u2019Ateneo, 1984, p. 155-178, p. 160.<\/p>\n<p><a href=\"#_ftnref4\" name=\"_ftn4\">[4]<\/a> Paulette Chon\u00e9, <em>L\u2019atelier des nuits<\/em>, Presses universitaires de Nancy, 1992, p. 82<\/p>\n","protected":false},"excerpt":{"rendered":"<p>En ces lendemains de Toussaint, les DIEVX invitent \u00e0 nouveau un jeune chercheur. Marie Chaufour nous fait le plaisir d\u2019\u00e9voquer l\u2019Histoire de la vie &amp; de la mort de Francis Bacon \u00e0 travers l\u2019analyse du frontispice de la version fran\u00e7aise traduite par l\u2019acad\u00e9micien[1] et polygraphe du XVIIe si\u00e8cle, Jean Baudoin. T\u00e9l\u00e9charger le calendrier de novembre &hellip; <a href=\"https:\/\/numerabilis.u-paris.fr\/medica\/blog\/index.php\/dieuvx-novembre-vie-mort-marie-chaufour\/\" class=\"more-link\">Continuer la lecture<span class=\"screen-reader-text\"> de &laquo;&nbsp;Calendrier des dievx de novembre : la vie, la mort et Marie Chaufour&nbsp;&raquo;<\/span><\/a><\/p>\n","protected":false},"author":1,"featured_media":0,"comment_status":"open","ping_status":"open","sticky":false,"template":"","format":"standard","meta":{"_monsterinsights_skip_tracking":false,"_monsterinsights_sitenote_active":false,"_monsterinsights_sitenote_note":"","_monsterinsights_sitenote_category":0,"footnotes":""},"categories":[7],"tags":[87,167,322,284,63],"class_list":["post-15530","post","type-post","status-publish","format-standard","hentry","category-histoiresante","tag-17e-s","tag-anatomie","tag-calendrier","tag-histoire-de-lart","tag-philosophie"],"_links":{"self":[{"href":"https:\/\/numerabilis.u-paris.fr\/medica\/blog\/index.php\/wp-json\/wp\/v2\/posts\/15530"}],"collection":[{"href":"https:\/\/numerabilis.u-paris.fr\/medica\/blog\/index.php\/wp-json\/wp\/v2\/posts"}],"about":[{"href":"https:\/\/numerabilis.u-paris.fr\/medica\/blog\/index.php\/wp-json\/wp\/v2\/types\/post"}],"author":[{"embeddable":true,"href":"https:\/\/numerabilis.u-paris.fr\/medica\/blog\/index.php\/wp-json\/wp\/v2\/users\/1"}],"replies":[{"embeddable":true,"href":"https:\/\/numerabilis.u-paris.fr\/medica\/blog\/index.php\/wp-json\/wp\/v2\/comments?post=15530"}],"version-history":[{"count":10,"href":"https:\/\/numerabilis.u-paris.fr\/medica\/blog\/index.php\/wp-json\/wp\/v2\/posts\/15530\/revisions"}],"predecessor-version":[{"id":15585,"href":"https:\/\/numerabilis.u-paris.fr\/medica\/blog\/index.php\/wp-json\/wp\/v2\/posts\/15530\/revisions\/15585"}],"wp:attachment":[{"href":"https:\/\/numerabilis.u-paris.fr\/medica\/blog\/index.php\/wp-json\/wp\/v2\/media?parent=15530"}],"wp:term":[{"taxonomy":"category","embeddable":true,"href":"https:\/\/numerabilis.u-paris.fr\/medica\/blog\/index.php\/wp-json\/wp\/v2\/categories?post=15530"},{"taxonomy":"post_tag","embeddable":true,"href":"https:\/\/numerabilis.u-paris.fr\/medica\/blog\/index.php\/wp-json\/wp\/v2\/tags?post=15530"}],"curies":[{"name":"wp","href":"https:\/\/api.w.org\/{rel}","templated":true}]}}