{"id":15536,"date":"2017-11-07T14:08:33","date_gmt":"2017-11-07T13:08:33","guid":{"rendered":"https:\/\/numerabilis.u-paris.fr\/medica\/blog\/?p=15536"},"modified":"2017-11-07T14:08:33","modified_gmt":"2017-11-07T13:08:33","slug":"exposition-champignons-pole-pharmacie","status":"publish","type":"post","link":"https:\/\/numerabilis.u-paris.fr\/medica\/blog\/index.php\/exposition-champignons-pole-pharmacie\/","title":{"rendered":"Exposition Champignons au p\u00f4le Pharmacie"},"content":{"rendered":"<p><a href=\"https:\/\/numerabilis.u-paris.fr\/medica\/blog\/wp-content\/uploads\/Affiche-2.jpg\"><img loading=\"lazy\" decoding=\"async\" class=\"size-medium wp-image-15542 alignleft\" src=\"https:\/\/numerabilis.u-paris.fr\/medica\/blog\/wp-content\/uploads\/Affiche-2-212x300.jpg\" alt=\"\" width=\"212\" height=\"300\" srcset=\"https:\/\/numerabilis.u-paris.fr\/medica\/blog\/wp-content\/uploads\/Affiche-2-212x300.jpg 212w, https:\/\/numerabilis.u-paris.fr\/medica\/blog\/wp-content\/uploads\/Affiche-2-768x1086.jpg 768w, https:\/\/numerabilis.u-paris.fr\/medica\/blog\/wp-content\/uploads\/Affiche-2-724x1024.jpg 724w, https:\/\/numerabilis.u-paris.fr\/medica\/blog\/wp-content\/uploads\/Affiche-2.jpg 794w\" sizes=\"(max-width: 212px) 85vw, 212px\" \/><\/a><strong>Le jeudi 9 novembre prochain a lieu la d\u00e9sormais traditionnelle \u00ab\u00a0<a href=\"https:\/\/www.facebook.com\/events\/131287480905952\/\" target=\"_blank\" rel=\"noopener noreferrer\">Exposition Champignons\u00a0\u00bb<\/a> <span class=\"_4n-j _fbReactionComponent__eventDetailsContentTags fsl\" data-testid=\"event-permalink-details\">organis\u00e9e par les \u00e9tudiants de l\u2019UELC \u00ab\u00a0<em>Exposition Champignons<\/em>\u00a0\u00bb et les mycologues du service de Pharmacognosie et Biologie V\u00e9g\u00e9tale<\/span> de la <a href=\"http:\/\/www.pharmacie.parisdescartes.fr\/\" target=\"_blank\" rel=\"noopener noreferrer\">Facult\u00e9 de pharmacie de Paris<\/a>. \u00c0 cette occasion, le p\u00f4le Pharmacie de la <a href=\"https:\/\/www.biusante.parisdescartes.fr\/\" target=\"_blank\" rel=\"noopener noreferrer\">BIU Sant\u00e9<\/a> pr\u00e9sente une s\u00e9lection d&rsquo;ouvrages et objets anciens et contemporains consacr\u00e9s \u00e0 la mycologie en salle Dorveaux, du lundi 6 novembre au vendredi 22 d\u00e9cembre 2017.<br \/>\n<\/strong><\/p>\n<p>Les ouvrages issus du fonds patrimonial du p\u00f4le Pharmacie de la BIU Sant\u00e9 vous offrent un aper\u00e7u de <strong>l&rsquo;\u00e9volution de la repr\u00e9sentation et de la classification des champignons<\/strong> \u00e0 travers l&rsquo;histoire, tandis que les ouvrages r\u00e9cents apportent un \u00e9clairage contemporain sur le sujet.<\/p>\n<ul>\n<li>\n<figure id=\"attachment_15543\" aria-describedby=\"caption-attachment-15543\" style=\"width: 185px\" class=\"wp-caption alignright\"><a href=\"https:\/\/numerabilis.u-paris.fr\/medica\/blog\/wp-content\/uploads\/0390.jpg\"><img loading=\"lazy\" decoding=\"async\" class=\"wp-image-15543 size-medium\" src=\"https:\/\/numerabilis.u-paris.fr\/medica\/blog\/wp-content\/uploads\/0390-185x300.jpg\" alt=\"\" width=\"185\" height=\"300\" srcset=\"https:\/\/numerabilis.u-paris.fr\/medica\/blog\/wp-content\/uploads\/0390-185x300.jpg 185w, https:\/\/numerabilis.u-paris.fr\/medica\/blog\/wp-content\/uploads\/0390.jpg 444w\" sizes=\"(max-width: 185px) 85vw, 185px\" \/><\/a><figcaption id=\"caption-attachment-15543\" class=\"wp-caption-text\">Agaric. Mattioli, Les Commentaires sur les six livres de Pedacius Dioscoride&#8230;.\u00a0Lyon, 1627<\/figcaption><\/figure>\n<p>MATTIOLI, Pierandrea. <em>Commentaires de M. P. Andr\u00e9 Matthiolus, medecin senois, sur les six livres de Pedacius Dioscoride Anazarbeen de la matiere medecinale\u2026<\/em> A Lyon, a l&rsquo;Escu de Milan, par la Vefve de feu Gabriel Cotier, 1572. Cote\u00a0: <a href=\"https:\/\/www.biusante.parisdescartes.fr\/ppn?144744988\" target=\"_blank\" rel=\"noopener noreferrer\">RES 110565<\/a><\/li>\n<li>LETELLIER, Jean-Baptiste. <em>Figures de champignons servant de suppl\u00e9ment aux planches de Bulliard, peintes d\u2019apr\u00e8s nature et lithographi\u00e9es. <\/em>Paris\u00a0: Meilhac, 1838. Cote\u00a0: <a href=\"https:\/\/www.biusante.parisdescartes.fr\/ppn?051601117\" target=\"_blank\" rel=\"noopener noreferrer\">458<\/a><\/li>\n<\/ul>\n<ul>\n<li style=\"text-align: left;\">MICHELI, Pier Antonio. <em>Nova plantarum genera iuxta Tournefortii methodum\u2026 <\/em>Florence, Typis Bernardi Paperinii, 1729. Cote\u00a0: <a href=\"https:\/\/www.biusante.parisdescartes.fr\/ppn?042870445\" target=\"_blank\" rel=\"noopener noreferrer\">5433<\/a><\/li>\n<\/ul>\n<ul>\n<li>CLUB PHARMACEUTIQUE D&rsquo;EDUCATION POUR LA SANTE. <em>Les informations de la sant\u00e9<\/em>. N\u00b067, 1983. <a href=\"http:\/\/www.calames.abes.fr\/pub\/#details?id=Calames-2012530155189231\" target=\"_blank\" rel=\"noopener noreferrer\">MS 201 (3)<\/a><\/li>\n<\/ul>\n<ul>\n<li>KIOSQUE EDUPHARMA. <em>Les champignons<\/em> [brochure]. Fin du XXe si\u00e8cle. Cote\u00a0: <a href=\"http:\/\/www.calames.abes.fr\/pub\/#details?id=Calames-2012530155189231\" target=\"_blank\" rel=\"noopener noreferrer\">MS 201 (3)<\/a><\/li>\n<\/ul>\n<p>Des <strong>moulages en r\u00e9sine<\/strong> de champignons (ann\u00e9es 1960) sont \u00e9galement pr\u00e9sent\u00e9s \u00e0 cette occasion. Ils nous ont \u00e9t\u00e9 aimablement pr\u00eat\u00e9s par Fran\u00e7ois-Hugues Por\u00e9e, ma\u00eetre de Conf\u00e9rences au laboratoire de Pharmacognosie.<\/p>\n<p>Si les champignons ont une <strong>place de choix<\/strong> dans le cursus des \u00e9tudiants de pharmacie (cours de mycologie des 3e ann\u00e9e, des 5e et 6e ann\u00e9e de la fili\u00e8re Officine, sorties p\u00e9dagogiques en for\u00eats avec les enseignants) et dans les collections de la biblioth\u00e8que, c\u2019est non seulement en raison de leur <strong>int\u00e9r\u00eat pour la recherche et la pharmacognosie<\/strong>, mais aussi pour les <strong>propri\u00e9t\u00e9s toxiques<\/strong> de nombre d\u2019entre eux. Les <strong>appels \u00e0 la <a href=\"http:\/\/solidarites-sante.gouv.fr\/actualites\/presse\/communiques-de-presse\/article\/augmentation-des-intoxications-liees-a-la-consommation-de-champignons-restez\" target=\"_blank\" rel=\"noopener noreferrer\">vigilance <\/a><\/strong>des autorit\u00e9s sanitaires sont d&rsquo;ailleurs r\u00e9currents et abondamment relay\u00e9s en cette p\u00e9riode de l&rsquo;ann\u00e9e propice aux balades en for\u00eat. Une augmentation des <strong>cas d&rsquo;intoxication<\/strong> est malheureusement constat\u00e9e cette ann\u00e9e, ainsi que l&rsquo;indique une <a href=\"http:\/\/www.ordre.pharmacien.fr\/Communications\/Les-actualites\/Forte-hausse-des-intoxications-graves-par-des-champignons-le-role-du-pharmacien-est-essentiel\" target=\"_blank\" rel=\"noopener noreferrer\">publication r\u00e9cente<\/a> du Conseil national de l&rsquo;Ordre des Pharmaciens (<a href=\"http:\/\/www.ordre.pharmacien.fr\/\" target=\"_blank\" rel=\"noopener noreferrer\">CNOP<\/a>).<\/p>\n<p>En compl\u00e9ment de la s\u00e9lection d&rsquo;ouvrages actuellement pr\u00e9sent\u00e9e en salle de lecture, nous vous renvoyons \u00e9galement \u00e0 une <a href=\"https:\/\/numerabilis.u-paris.fr\/medica\/blog\/index.php\/exposition-champignons-2016\/\" target=\"_blank\" rel=\"noopener noreferrer\">bibliographie<\/a> r\u00e9alis\u00e9e \u00e0 l&rsquo;occasion de l&rsquo;exposition l&rsquo;ann\u00e9e derni\u00e8re.<\/p>\n<p>Enfin, pour bien faire le tri apr\u00e8s votre cueillette, vous pouvez consulter la <a href=\"http:\/\/communaute-universitaire.univ-rouen.fr\/mooc-champignons-le-premier-mooc-produit-a-100-par-l-universite-de-rouen-normandie--573657.kjsp\" target=\"_blank\" rel=\"noopener noreferrer\">formation en ligne<\/a> (MOOC) propos\u00e9e par l&rsquo;Universit\u00e9 de Rouen et vous rendre bien s\u00fbr dans la pharmacie la plus proche de chez vous.<\/p>\n<p style=\"text-align: right;\"><a href=\"&#x6d;&#x61;&#x69;&#x6c;&#x74;&#x6f;&#x3a;&#x63;&#x61;&#x74;&#x68;&#x65;&#x72;&#x69;&#x6e;&#x65;&#x2e;&#x62;&#x6c;&#x75;&#x6d;&#x40;&#x62;&#x69;&#x75;&#x73;&#x61;&#x6e;&#x74;&#x65;&#x2e;&#x70;&#x61;&#x72;&#x69;&#x73;&#x64;&#x65;&#x73;&#x63;&#x61;&#x72;&#x74;&#x65;&#x73;&#x2e;&#x66;&#x72;\" target=\"_blank\" rel=\"noopener noreferrer\">Catherine Blum<\/a><\/p>\n<div id=\"schema_block\" class=\"schema_event\"><div itemscope itemtype=\"http:\/\/schema.org\/Event\"><div class=\"schema_name\" itemprop=\"name\">Exposition Champignons<\/div><div><meta itemprop=\"startDate\" content=\"2017-11-06\">Debut: 11\/06\/2017<\/div><div><meta itemprop=\"endDate\" content=\"2017-12-22:00.000\">Fin: 12\/22\/2017<\/div><\/div><div itemprop=\"address\" itemscope itemtype=\"http:\/\/schema.org\/PostalAddress\"><div class=\"street\" itemprop=\"streetAddress\">4 avenue de l'Observatoire<\/div><div class=\"city_state\"><span class=\"locale\" itemprop=\"addressLocality\">Paris<\/span><\/div><div class=\"postalcode\" itemprop=\"postalCode\">75006<\/div><\/div><\/div>\n","protected":false},"excerpt":{"rendered":"<p>Le jeudi 9 novembre prochain a lieu la d\u00e9sormais traditionnelle \u00ab\u00a0Exposition Champignons\u00a0\u00bb organis\u00e9e par les \u00e9tudiants de l\u2019UELC \u00ab\u00a0Exposition Champignons\u00a0\u00bb et les mycologues du service de Pharmacognosie et Biologie V\u00e9g\u00e9tale de la Facult\u00e9 de pharmacie de Paris. \u00c0 cette occasion, le p\u00f4le Pharmacie de la BIU Sant\u00e9 pr\u00e9sente une s\u00e9lection d&rsquo;ouvrages et objets anciens et &hellip; <a href=\"https:\/\/numerabilis.u-paris.fr\/medica\/blog\/index.php\/exposition-champignons-pole-pharmacie\/\" class=\"more-link\">Continuer la lecture<span class=\"screen-reader-text\"> de &laquo;&nbsp;Exposition Champignons au p\u00f4le Pharmacie&nbsp;&raquo;<\/span><\/a><\/p>\n","protected":false},"author":19,"featured_media":0,"comment_status":"open","ping_status":"open","sticky":false,"template":"","format":"standard","meta":{"_monsterinsights_skip_tracking":false,"_monsterinsights_sitenote_active":false,"_monsterinsights_sitenote_note":"","_monsterinsights_sitenote_category":0,"footnotes":""},"categories":[7,15],"tags":[315,10,420,30,419],"class_list":["post-15536","post","type-post","status-publish","format-standard","hentry","category-histoiresante","category-pharmacie-biologie-cosmetologie","tag-champignons","tag-exposition","tag-faculte-de-pharmacie","tag-pharmacognosie","tag-salle-dorveaux"],"_links":{"self":[{"href":"https:\/\/numerabilis.u-paris.fr\/medica\/blog\/index.php\/wp-json\/wp\/v2\/posts\/15536"}],"collection":[{"href":"https:\/\/numerabilis.u-paris.fr\/medica\/blog\/index.php\/wp-json\/wp\/v2\/posts"}],"about":[{"href":"https:\/\/numerabilis.u-paris.fr\/medica\/blog\/index.php\/wp-json\/wp\/v2\/types\/post"}],"author":[{"embeddable":true,"href":"https:\/\/numerabilis.u-paris.fr\/medica\/blog\/index.php\/wp-json\/wp\/v2\/users\/19"}],"replies":[{"embeddable":true,"href":"https:\/\/numerabilis.u-paris.fr\/medica\/blog\/index.php\/wp-json\/wp\/v2\/comments?post=15536"}],"version-history":[{"count":24,"href":"https:\/\/numerabilis.u-paris.fr\/medica\/blog\/index.php\/wp-json\/wp\/v2\/posts\/15536\/revisions"}],"predecessor-version":[{"id":15567,"href":"https:\/\/numerabilis.u-paris.fr\/medica\/blog\/index.php\/wp-json\/wp\/v2\/posts\/15536\/revisions\/15567"}],"wp:attachment":[{"href":"https:\/\/numerabilis.u-paris.fr\/medica\/blog\/index.php\/wp-json\/wp\/v2\/media?parent=15536"}],"wp:term":[{"taxonomy":"category","embeddable":true,"href":"https:\/\/numerabilis.u-paris.fr\/medica\/blog\/index.php\/wp-json\/wp\/v2\/categories?post=15536"},{"taxonomy":"post_tag","embeddable":true,"href":"https:\/\/numerabilis.u-paris.fr\/medica\/blog\/index.php\/wp-json\/wp\/v2\/tags?post=15536"}],"curies":[{"name":"wp","href":"https:\/\/api.w.org\/{rel}","templated":true}]}}