{"id":15579,"date":"2017-12-13T17:45:14","date_gmt":"2017-12-13T16:45:14","guid":{"rendered":"https:\/\/numerabilis.u-paris.fr\/medica\/blog\/?p=15579"},"modified":"2017-12-13T17:45:14","modified_gmt":"2017-12-13T16:45:14","slug":"bibliographie-fibromyalgie-une-telle-douleur","status":"publish","type":"post","link":"https:\/\/numerabilis.u-paris.fr\/medica\/blog\/index.php\/bibliographie-fibromyalgie-une-telle-douleur\/","title":{"rendered":"Fibromyalgie : une telle douleur&#8230; (bibliographie)"},"content":{"rendered":"<p>La <strong>fibromyalgie<\/strong>, du latin <em>fibro<\/em>, tissu fibreux, du grec <em>myo<\/em> muscle, et <em>algie<\/em> douleur, est une <em>affection chronique<\/em> caract\u00e9ris\u00e9e par une douleur diffuse ou des sensations de br\u00fblure dans tout le corps, accompagn\u00e9es d\u2019une fatigue profonde, de troubles du sommeil,\u00a0 de la sexualit\u00e9 par cons\u00e9quence, et d&rsquo;un \u00e9tat anxio-d\u00e9pressif r\u00e9actionnel.<\/p>\n<p><img loading=\"lazy\" decoding=\"async\" class=\"size-medium aligncenter\" src=\"http:\/\/s1.lprs1.fr\/images\/2016\/10\/19\/6226956_istock-32171180-500a1103354-original_940x500.jpg\" width=\"940\" height=\"500\" \/><\/p>\n<h2>Histoire de la maladie<\/h2>\n<p>La <a href=\"https:\/\/fr.wikipedia.org\/wiki\/Fibromyalgie\" target=\"_blank\" rel=\"noopener noreferrer\">fibromyalgie<\/a>,\u00a0 <span class=\"citation\">\u00ab<em>rhumatisme musculaire<\/em>\u00bb <\/span>\u00e9tudi\u00e9 depuis le XVIII<sup>e<\/sup> si\u00e8cle, sera\u00a0 class\u00e9e dans les hyst\u00e9ries f\u00e9minines, et toujours consid\u00e9r\u00e9e comme <em>maladie psychiatrique<\/em> dans les ann\u00e9es 1970-80.\u00a0 Elle est reconnue par l&rsquo;OMS\u00a0 comme <em>maladie rhumatologique<\/em> (<span class=\"nowrap\">M 79.0)\u00a0<\/span> en 1992, comme maladie \u00e0 part enti\u00e8re en 2006 (M79.7) sous son propre nom , et comme syndrome seulement en 2007 par l&rsquo;Acad\u00e9mie de M\u00e9decine. La fibromyalgie manque d&rsquo;une d\u00e9finition clinique qui permette d&rsquo;envisager la prise en charge de la douleur et des sympt\u00f4mes associ\u00e9s, dont l&rsquo;impact sur les capacit\u00e9s fonctionnelles du patient demeure s\u00e9v\u00e8re.<\/p>\n<p>C&rsquo;est une<a href=\"https:\/\/www.orpha.net\/data\/patho\/Pub\/fr\/Fribromyalgie-FRfrPub10465.pdf\" target=\"_blank\" rel=\"noopener noreferrer\"> maladie rare<\/a>,\u00a0 qui touche surtout les femmes (<em>80 \u00e0 90%<\/em>) d&rsquo;\u00e2ge moyen (<em>40 \u00e0 50 ans<\/em>), dont la <strong>pr\u00e9valence<\/strong> dans la population fran\u00e7aise serait \u00e9valu\u00e9e \u00e0 2,2%.<\/p>\n<h2>Que sait-on de la fibromyalgie ?<\/h2>\n<p>Ce pourrait \u00eatre\u00a0 une maladie li\u00e9e \u00e0 un dysfonctionnement du <strong>syst\u00e8me nerveux central<\/strong>,\u00a0 trouble de la perception (<a href=\"http:\/\/www.sciencedirect.com\/science\/article\/pii\/S1169833004001875\" target=\"_blank\" rel=\"noopener noreferrer\">allodynie ou hyperalg\u00e9sie<\/a>) et de la transmission de la douleur. L&rsquo;imagerie moderne du syst\u00e8me nerveux central (<em>IRM, TEP-Scan<\/em>) a montr\u00e9 dans la fibromyalgie des modifications des neurom\u00e9diateurs de la douleur. Cependant, aucune l\u00e9sion nerveuse objectivable par l&rsquo;examen clinique ou para-clinique\u00a0 n&rsquo;a\u00a0 \u00e9t\u00e9 observ\u00e9e.<\/p>\n<p>Il pourrait s&rsquo;agir d&rsquo;un d\u00e9ficit en neurohormones, notamment en <strong>s\u00e9rotonine<\/strong>. Les neurohormones sont des substances pr\u00e9sentes en quantit\u00e9 infime au niveau du syst\u00e8me nerveux, impliqu\u00e9es dans des fonctions telles que le sommeil, l\u2019humeur et la douleur mais \u00e9galement dans diverses fonctions sensorielles, motrices et cognitives.<\/p>\n<p><!--more--><\/p>\n<p>Afin de stimuler la recherche et de tirer un signal d&rsquo;alarme, une commission d&rsquo;enqu\u00eate\u00a0 a pr\u00e9sent\u00e9 un <a href=\"http:\/\/www2.assemblee-nationale.fr\/14\/autres-commissions\/commissions-d-enquete\/fibromyalgie\/(block)\/32448\" target=\"_blank\" rel=\"noopener noreferrer\">rapport sur la fibromyalgie<\/a> sous la direction de M. <strong>Patrice Carvalho<\/strong> en octobre 2016, \u00e0 l&rsquo;Assembl\u00e9e Nationale.<\/p>\n<h2>Un diagnostic difficile<\/h2>\n<p><img loading=\"lazy\" decoding=\"async\" class=\"size-medium alignleft\" src=\"http:\/\/www.homeopathyclinik.com\/images\/Fibromyalgia4.jpg\" width=\"204\" height=\"247\" \/>L&rsquo;examen clinique, pauvre en renseignements positifs, mais riche en renseignements n\u00e9gatifs demeure indispensable, m\u00eame si les crit\u00e8res de diagnostic datant de 1990 de l&rsquo;ACR (<em>American College of Rheumatology<\/em>), les 18 points douloureux \u00e0 la stimulation, sont sujets \u00e0 caution. Cependant, les points sensibles, de part et d&rsquo;autre de la colonne vert\u00e9brale (<em>nuque,\u00a0 \u00e9paules,\u00a0 r\u00e9gion inter-scapulaire, omoplates, bas du dos, hanches<\/em>), mais aussi genoux, plante des pieds et\u00a0 mains avec une impression de gonflement, sensation d&rsquo;avoir mal partout, orientent le diagnostic.<\/p>\n<p><img loading=\"lazy\" decoding=\"async\" class=\"size-medium alignright\" src=\"http:\/\/3.bp.blogspot.com\/-_6QfYWZGLu8\/UT4VOaKtt5I\/AAAAAAAABYc\/QlggyKhVcDY\/s400\/x120.JPG\" width=\"207\" height=\"270\" \/>Ce qui est d\u00e9routant, dans la fibromyalgie, c&rsquo;est que tous les <strong>examens<\/strong>,\u00a0 biologiques, radiologiques, et \u00e9ventuellement hormonaux sont normaux, mais ils sont utiles au moins une fois afin d&rsquo;\u00e9liminer d&rsquo;autres maladies, causes de douleurs tr\u00e8s proches de celle de la fibromyalgie. Les malades consultent aussi bien en gastro-ent\u00e9rologie, en psychiatrie, en rhumatologie qu\u2019en m\u00e9decine interne. N&rsquo;est pos\u00e9, pourtant, en g\u00e9n\u00e9ral, qu&rsquo;un diagnostic diff\u00e9rentiel.<\/p>\n<h2>Quels traitements proposer aux patients ?<\/h2>\n<p>L\u00e0 encore, ils visent \u00e0 soulager les sympt\u00f4mes, r\u00e9habilitation physique, prise en charge psychologique, \u00e9ventuels traitements m\u00e9dicamenteux.<\/p>\n<p>La r\u00e9ponse aux traitements est variable selon chaque patient : antalgiques, anticonvulsivants, antid\u00e9presseurs&#8230; peuvent \u00e9ventuellement, et selon les cas, apporter quelque aide.<\/p>\n<p><img loading=\"lazy\" decoding=\"async\" class=\"size-medium alignleft\" src=\"http:\/\/en.bagnolesdelorne.com\/medias-tourisme\/drupal\/bagnoles_orne\/scale_and_crop\/310\/196\/255_255_255\/aHR0cDovL21lZGlhcy50b3VyaXNtLXN5c3RlbS5mci80L2YvMjA2MDAwX2Zvcm11bGVzX2NvYWNoaW5nLmpwZw==\/fd9449870212960a40f3390f0924e139\" width=\"310\" height=\"196\" \/><\/p>\n<p>Dans les <a href=\"http:\/\/www.association-aide-victimes.fr\/centre-anti-douleur-Ile-de-France.htm\" target=\"_blank\" rel=\"noopener noreferrer\">centres anti-douleurs<\/a>, des programmes de <strong>r\u00e9adaptation \u00e0 l&rsquo;effort<\/strong> visent \u00e0 une prise en\u00a0 charge multidisciplinaire, information et \u00e9ducation sur la maladie, exercices cibl\u00e9s et progressifs, accompagnement psychologique. La kin\u00e9sith\u00e9rapie, le stretching postural, la baln\u00e9oth\u00e9rapie, la natation en piscine (<em>l&rsquo;eau doit \u00eatre \u00e0 28\u00b0 minimum<\/em>), la marche quotidienne apportent un soulagement si les efforts sont doux et r\u00e9guliers, associ\u00e9s \u00e0 la notion de plaisir.<\/p>\n<p>Les <a href=\"https:\/\/fibromyalgiesos.fr\/rdv2\/therapies\/cures-thermales\/\" target=\"_blank\" rel=\"noopener noreferrer\">cures thermales<\/a> rhumatologiques, comprenant une orientation fibromyalgie, s&rsquo;av\u00e8rent b\u00e9n\u00e9fiques.<\/p>\n<p><img loading=\"lazy\" decoding=\"async\" class=\"size-medium alignnone\" src=\"http:\/\/www.chainethermale.fr\/media\/catalog\/product\/c\/m\/cm2015-llb-079bd.jpg\" width=\"1308\" height=\"872\" \/><\/p>\n<p>Enfin, les approches psycho-corporelles,\u00a0<a href=\"https:\/\/fr.wikipedia.org\/wiki\/Th%C3%A9rapie_cognitivo-comportementale\" target=\"_blank\" rel=\"noopener noreferrer\"> th\u00e9rapies comportementales et cognitives<\/a>, relaxation, <a href=\"http:\/\/www.orgadia.com\/hypnotherapeute-paris\/hypnotherapie-temoignages\/hypnose-fibromyalgie-douleur-chronique-tcc.htm\" target=\"_blank\" rel=\"noopener noreferrer\">hypnoth\u00e9rapie<\/a>, yoga, Qi Gong, musicoth\u00e9rapie, sophrologie, acupuncture, th\u00e9rapie de pleine conscience&#8230; favorisent\u00a0 la mobilit\u00e9 tout en portant une\u00a0 attention r\u00e9elle \u00e0 la relation avec le sujet souffrant et \u00e0 sa propre implication. Le patient apprend \u00e0\u00a0 reprendre confiance en \u00ab<em>son potentiel propre de gu\u00e9rison<\/em>\u00bb.<\/p>\n<h2><img loading=\"lazy\" decoding=\"async\" class=\"size-medium aligncenter\" src=\"https:\/\/www.clinicasobesitas.com\/wp-content\/uploads\/2013\/07\/verano-sin-stress-1.jpg\" width=\"600\" height=\"300\" \/><\/h2>\n<h2>Vivre avec la fibromyalgie<\/h2>\n<p>Une reconnaissance d&rsquo;invalidit\u00e9 ou de handicap peut \u00eatre n\u00e9cessaire en lien avec l&rsquo;activit\u00e9 professionnelle.\u00a0 Cependant, la fibromyalgie ne fait pas partie de la liste des 30 affections prises en charge \u00e0 100% par la <a href=\"http:\/\/fibroactions.fr\/fibromyalgie-la-cpam-un-travaille-dequipe\/\" target=\"_blank\" rel=\"noopener noreferrer\">CPAM<\/a> (<em>Caisse Primaire d&rsquo;Assurance Maladie<\/em>), et du fait qu&rsquo;aucune\u00a0 l\u00e9sion visible n&rsquo;est d\u00e9celable, le parcours \u00ab<em>m\u00e9dico-social<\/em>\u00bb des fibromyalgiques est souvent tr\u00e8s \u00e9prouvant, dans la mesure o\u00f9 ils doivent souvent convaincre de leur souffrance.<\/p>\n<p>Si la fibromyalgie demeure un myst\u00e8re quant \u00e0 sa pathog\u00e9nie, le r\u00f4le des <a href=\"http:\/\/www.doctissimo.fr\/html\/dossiers\/fibromyalgie\/10294-fribromyalgie-contacts-associations.htm\" target=\"_blank\" rel=\"noopener noreferrer\">associations<\/a> de malades et celui de l&rsquo;entourage proche, ainsi que des \u00e9quipes m\u00e9dicales des centres anti-douleur, notamment, demeure primordial.<\/p>\n<p><img loading=\"lazy\" decoding=\"async\" class=\"alignnone size-medium\" src=\"http:\/\/fibromyalgiesos.fr\/rdv2\/wp-content\/uploads\/2013\/04\/logo-fibro-Original.-png.png\" width=\"2496\" height=\"1974\" \/><\/p>\n<p>Le CeNAF (<a href=\"http:\/\/www.cenaf.org\/\" target=\"_blank\" rel=\"noopener noreferrer\"><em>Centre National des Associations de Fibromyalgiques<\/em><\/a>), agr\u00e9\u00e9 par le minist\u00e8re des Affaires Sociales et de la Sant\u00e9, regroupe des <a href=\"http:\/\/fibroactions.fr\/\" target=\"_blank\" rel=\"noopener noreferrer\">associations<\/a> r\u00e9gionales de fibromyalgiques pr\u00e9sentes dans toute la France. <a href=\"http:\/\/www.fibromyalgie-france.org\/\" target=\"_blank\" rel=\"noopener noreferrer\">Fibromyalgie France<\/a> et <a href=\"https:\/\/fibromyalgiesos.fr\/rdv2\/la-fibromyalgiesfc\/generalites-2\/\" target=\"_blank\" rel=\"noopener noreferrer\">FibromyalgieSOS<\/a>, entre autres, agissent \u00e9galement aupr\u00e8s des patients et pour la reconnaissance de la maladie.<\/p>\n<p style=\"text-align: right;\"><a href=\"&#109;&#x61;&#105;&#x6c;&#116;&#x6f;&#58;&#x65;m&#x6d;a&#x6e;u&#x65;l&#108;&#x65;&#46;&#x70;&#114;&#x65;&#118;&#x6f;&#115;&#x74;&#64;&#x62;i&#x75;s&#x61;n&#116;&#x65;&#46;&#x70;&#97;&#x72;&#105;&#x73;&#100;&#x65;s&#x63;a&#x72;t&#x65;s&#46;&#x66;&#114;\" target=\"_blank\" rel=\"noopener noreferrer\">Emmanuelle Prevost<\/a> &amp; <a href=\"&#x6d;a&#x69;&#108;&#x74;&#111;:&#x63;&#97;&#x74;&#104;e&#x72;&#105;&#x6e;&#101;&#46;&#x74;e&#x6c;&#108;&#x61;&#x61;&#64;&#x62;&#105;&#x75;&#115;a&#x6e;&#116;&#x65;&#46;p&#x61;r&#x69;&#115;d&#x65;s&#x63;&#97;&#x72;&#116;e&#x73;&#46;&#x66;&#114;\" target=\"_blank\" rel=\"noopener noreferrer\">Catherine Tellaa<\/a><\/p>\n<h2>Bibliographie<\/h2>\n<p><em><strong>Pour aller plus loin<\/strong><\/em>, nous vous proposons une bibliographie de documents disponibles \u00e0 la BIU Sant\u00e9 ou d&rsquo;acc\u00e8s libre en ligne.<\/p>\n<h3><em>Travaux d\u2019associations et documents officiels<\/em><\/h3>\n<p>Bulteau S, Carvalho P. Rapport d\u2019enqu\u00eate de M. Patrice Carvalho sur la fibromyalgie \u2013 XIVe\u00a0l\u00e9gislature &#8211; Assembl\u00e9e nationale. Assembl\u00e9e nationale ; 2016 oct. Report No.: 4110. Disponible sur : <a href=\"http:\/\/www2.assemblee-nationale.fr\/documents\/notice\/14\/rap-enq\/r4110\/(index)\/depots\">http:\/\/www2.assemblee-nationale.fr\/documents\/notice\/14\/rap-enq\/r4110\/(index)\/depots<\/a><\/p>\n<p>Carvalho P. Fibromyalgie &#8211; Remise officielle du rapport au Pr\u00e9sident de l\u2019Assembl\u00e9e nationale. Assembl\u00e9e nationale. 2016. Disponible sur : <a href=\"http:\/\/www2.assemblee-nationale.fr\/14\/autres-commissions\/commissions-d-enquete\/fibromyalgie\/(block)\/32448\">http:\/\/www2.assemblee-nationale.fr\/14\/autres-commissions\/commissions-d-enquete\/fibromyalgie\/(block)\/32448<\/a><\/p>\n<p>Fibromyalgie France\u202f: association. 2001. Disponible sur : <a href=\"http:\/\/www.fibromyalgie-france.org\/\">http:\/\/www.fibromyalgie-france.org\/<\/a><\/p>\n<p>Fibro\u2019Actions\u202f:\u00a0Collectif d\u2019associations. Fibro\u2019Actions &#8211; Collectif d\u2019Associations. 2014. Disponible sur\u00a0: <a href=\"http:\/\/fibroactions.fr\/\">http:\/\/fibroactions.fr\/<\/a><\/p>\n<p>Journ\u00e9e mondiale fibromyalgie douleur. Disponible sur : <a href=\"http:\/\/fibromyalgie-france-journee-mondiale.e-monsite.com\/\">http:\/\/fibromyalgie-france-journee-mondiale.e-monsite.com\/<\/a><\/p>\n<h3><em>Diagnostic<\/em><\/h3>\n<p>Baek S-H, Seok HY, Koo YS, Kim B-J. Lengthened Cutaneous Silent Period in Fibromyalgia Suggesting Central Sensitization as a Pathogenesis. PLoS ONE. 2016;11(2):e0149248. Disponible sur : <a href=\"http:\/\/journals.plos.org\/plosone\/article?id=10.1371\/journal.pone.0149248\">http:\/\/journals.plos.org\/plosone\/article?id=10.1371\/journal.pone.0149248<\/a><\/p>\n<p>Bazzichi L, Giacomelli C, Consensi A, Atzeni F, Batticciotto A, Di Franco M, et al. One year in review 2016: fibromyalgia. Clin. Exp. Rheumatol. avr 2016;34(2 Suppl 96):S145-149. Disponible sur : <a href=\"http:\/\/www.clinexprheumatol.org\/article.asp?a=10624\">http:\/\/www.clinexprheumatol.org\/article.asp?a=10624<\/a><\/p>\n<p>Bernstein J. Not the Last Word: Fibromyalgia is Real. Clin. Orthop. Relat. Res. f\u00e9vr 2016;474(2):304\u20119. <a href=\"https:\/\/link.springer.com\/content\/pdf\/10.1007%2Fs11999-015-4670-6.pdf\">https:\/\/link.springer.com\/content\/pdf\/10.1007%2Fs11999-015-4670-6.pdf<\/a><\/p>\n<p>Cozon G-J-N, Brunet J-L. Syndrome de fatigue chronique et fibromyalgie\u202f: aspects cliniques et hypoth\u00e8ses immunologiques. RFL &#8211; Revue francophone des laboratoires. 18 juill 2008;Vol.\u00a038(N\u00b0 404):25\u201130. Consultable en ligne sur place \u00e0 la BIU Sant\u00e9<\/p>\n<p>Gayraud M. Conduite \u00e0 tenir devant des polyalgies. AKOS (Trait\u00e9 de M\u00e9decine) . 13 sept 2012 ; Disponible en ligne sur place \u00e0 la BIU Sant\u00e9<\/p>\n<p>Giamberardino MA, Affaitati G, Martelletti P, Tana C, Negro A, Lapenna D, et al. Impact of migraine on fibromyalgia symptoms. J Headache Pain. 2015;17:28. Disponible sur : <a href=\"https:\/\/www.ncbi.nlm.nih.gov\/pmc\/articles\/PMC4803717\/pdf\/10194_2016_Article_619.pdf\">https:\/\/www.ncbi.nlm.nih.gov\/pmc\/articles\/PMC4803717\/pdf\/10194_2016_Article_619.pdf<\/a><\/p>\n<p>H\u00e4user W, Ablin J, Perrot S, Fitzcharles M-A. Management of fibromyalgia: practical guides from recent evidence-based guidelines. Polish Archives of Internal Medicine. 04\u00a02017;127(1):47\u201156. Disponible sur : <a href=\"http:\/\/pamw.pl\/en\/issue\/article\/28075425\">http:\/\/pamw.pl\/en\/issue\/article\/28075425<\/a><\/p>\n<p>Lukkahatai N, Walitt B, Espina A, Gelio A, Saligan LN. Understanding the Association of Fatigue With Other Symptoms of Fibromyalgia: Development of a Cluster Model. Arthritis Care Res (Hoboken). janv 2016;68(1):99\u2011107. Disponible sur : <a href=\"http:\/\/onlinelibrary.wiley.com\/doi\/10.1002\/acr.22626\/full\">http:\/\/onlinelibrary.wiley.com\/doi\/10.1002\/acr.22626\/full<\/a><\/p>\n<p>Markkula RA, Kalso EA, Kaprio JA. Predictors of fibromyalgia: a population-based twin cohort study. BMC Musculoskelet Disord. 15 janv 2016;17:29. Disponible sur : <a href=\"https:\/\/bmcmusculoskeletdisord.biomedcentral.com\/articles\/10.1186\/s12891-016-0873-6\">https:\/\/bmcmusculoskeletdisord.biomedcentral.com\/articles\/10.1186\/s12891-016-0873-6<\/a><\/p>\n<p>Oudejans L, He X, Niesters M, Dahan A, Brines M, van Velzen M. Cornea nerve fiber quantification and construction of phenotypes in patients with fibromyalgia. Sci Rep. 23\u00a0mars 2016;6:23573. Disponible sur : <a href=\"https:\/\/www.nature.com\/articles\/srep23573\">https:\/\/www.nature.com\/articles\/srep23573<\/a><\/p>\n<p>Pejovic S, Natelson BH, Basta M, Fernandez-Mendoza J, Mahr F, Vgontzas AN. Chronic fatigue syndrome and fibromyalgia in diagnosed sleep disorders: a further test of the \u00ab\u00a0unitary\u00a0\u00bb hypothesis. BMC Neurol. 12 avr 2015;15:53. Disponible sur\u00a0: <a href=\"https:\/\/bmcneurol.biomedcentral.com\/articles\/10.1186\/s12883-015-0308-2\">https:\/\/bmcneurol.biomedcentral.com\/articles\/10.1186\/s12883-015-0308-2<\/a><\/p>\n<p>Serra \u00c9. Fibromyalgie, maladie ou mod\u00e8le. Douleurs. 10 mars 2009;Vol. 10(N\u00b0 S1):73\u20118. Consultable en ligne sur place \u00e0 la BIU Sant\u00e9<\/p>\n<p>Talotta R, Bazzichi L, Di Franco M, Casale R, Batticciotto A, Gerardi MC, et al. One year in review 2017: fibromyalgia. Clin. Exp. Rheumatol. juin 2017;35 Suppl 105(3):6\u201112. Disponible sur : <a href=\"http:\/\/www.clinexprheumatol.org\/article.asp?a=11849\">http:\/\/www.clinexprheumatol.org\/article.asp?a=11849<\/a><\/p>\n<h3><em>Pr\u00e9valence<\/em><\/h3>\n<p>Blanchet V, Boureau F, Laroche F. La fibromyalgie. Nouvelle \u00e9d. Paris: \u00c9d. scientifiques L &amp; C [pour] Sanofi Aventis; 2012. Consultable sur place \u00e0 la BIU Sant\u00e9\u00a0: <a href=\"https:\/\/www.biusante.parisdescartes.fr\/ppn?164214178\">https:\/\/www.biusante.parisdescartes.fr\/ppn?164214178<\/a><\/p>\n<p>Bodin L. La fibromyalgie et le syndrome de fatigue chronique. 4e \u00e9d. Paris: \u00c9d. du Dauphin; 2014. Consultable sur place \u00e0 la BIU Sant\u00e9\u00a0: <a href=\"https:\/\/www.biusante.parisdescartes.fr\/ppn?181899132\">https:\/\/www.biusante.parisdescartes.fr\/ppn?181899132<\/a><\/p>\n<p>Cohen C. La fibromyalgie\u202f: un \u00e9tat douloureux enfin reconnu et pris au s\u00e9rieux. 2e \u00e9d. Paris: \u00c9d. J. Lyon; 2012. Consultable sur place \u00e0 la BIU Sant\u00e9\u00a0: <a href=\"https:\/\/www.biusante.parisdescartes.fr\/ppn?164540695\">https:\/\/www.biusante.parisdescartes.fr\/ppn?164540695<\/a><\/p>\n<p>Coquart J. Fibromyalgie. L\u2019invisible douleur. Science et Sant\u00e9. 2017;(35):4\u20115. Disponible sur : <a href=\"https:\/\/www.inserm.fr\/information-en-sante\/magazine-scienceetsante\/science%26sante-ndeg35\">https:\/\/www.inserm.fr\/information-en-sante\/magazine-scienceetsante\/science%26sante-ndeg35<\/a><\/p>\n<p>De Mol J, Lucas P, Stehman M. Les troubles somatoformes\u202f: aspects m\u00e9dico-l\u00e9gaux. Limal (Belgique): Anthemis; 2014. Consultable sur place \u00e0 la BIU Sant\u00e9\u00a0: <a href=\"https:\/\/www.biusante.parisdescartes.fr\/ppn?182395863\">https:\/\/www.biusante.parisdescartes.fr\/ppn?182395863<\/a><\/p>\n<p>Dictionnaire m\u00e9dical de l\u2019Acad\u00e9mie de M\u00e9decine. Fibromyalgie. Disponible sur : <a href=\"http:\/\/dictionnaire.academie-medecine.fr\/?q=fibromyalgie\">http:\/\/dictionnaire.academie-medecine.fr\/?q=fibromyalgie<\/a><\/p>\n<p>Jones GT, Atzeni F, Beasley M, Fl\u00fc\u00df E, Sarzi-Puttini P, Macfarlane GJ. The prevalence of fibromyalgia in the general population: a comparison of the American College of Rheumatology 1990, 2010, and modified 2010 classification criteria. Arthritis &amp; Rheumatology (Hoboken, N.J.). f\u00e9vr 2015;67(2):568\u201175. Disponible sur : <a href=\"http:\/\/onlinelibrary.wiley.com\/doi\/10.1002\/art.38905\/pdf\">http:\/\/onlinelibrary.wiley.com\/doi\/10.1002\/art.38905\/pdf<\/a><\/p>\n<p>Laroche F, Gu\u00e9rin J. Fibromyalgie\u202f: o\u00f9 en est-on en 2015\u202f? Douleur et Analg\u00e9sie.\u00a0 Mars\u00a02015;28(1):31\u20119. Consultable en ligne sur place \u00e0 la BIU Sant\u00e9<\/p>\n<p>Perrot S, Schaefer C, Knight T, Hufstader M, Chandran AB, Zlateva G. Societal and individual burden of illness among fibromyalgia patients in France: association between disease severity and OMERACT core domains. BMC Musculoskelet Disord. 17 f\u00e9vr 2012;13:22. <a href=\"https:\/\/bmcmusculoskeletdisord.biomedcentral.com\/articles\/10.1186\/1471-2474-13-22\">https:\/\/bmcmusculoskeletdisord.biomedcentral.com\/articles\/10.1186\/1471-2474-13-22<\/a><\/p>\n<p>Perrot S, Vicaut E, Servant D, Ravaud P. Prevalence of fibromyalgia in France: a multi-step study research combining national screening and clinical confirmation: The DEFI study (Determination of Epidemiology of Fibromyalgia). BMC Musculoskelet Disord. 7 oct 2011;12:224. <a href=\"https:\/\/bmcmusculoskeletdisord.biomedcentral.com\/articles\/10.1186\/1471-2474-12-224\">https:\/\/bmcmusculoskeletdisord.biomedcentral.com\/articles\/10.1186\/1471-2474-12-224<\/a><\/p>\n<p>Ribinik P, Genty M. Syndromes douloureux chroniques en m\u00e9decine physique et de r\u00e9adaptation. Paris Berlin Heidelberg [etc.]: Springer; 2013. Consultable sur place \u00e0 la BIU Sant\u00e9\u00a0: <a href=\"https:\/\/www.biusante.parisdescartes.fr\/ppn?169936600\">https:\/\/www.biusante.parisdescartes.fr\/ppn?169936600<\/a><\/p>\n<p>Walitt B, Nahin RL, Katz RS, Bergman MJ, Wolfe F. The Prevalence and Characteristics of Fibromyalgia in the 2012 National Health Interview Survey. Disponible sur :<\/p>\n<p>PLoS ONE. 2015;10(9):e0138024. <a href=\"http:\/\/journals.plos.org\/plosone\/article?id=10.1371\/journal.pone.0138024\">http:\/\/journals.plos.org\/plosone\/article?id=10.1371\/journal.pone.0138024<\/a><\/p>\n<h3><em>Th\u00e9rapie, soins<\/em><\/h3>\n<p>Cohen EM, Morley-Fletcher A, Mehta DH, Lee YC. A systematic review of psychosocial therapies for children with rheumatic diseases. Pediatr Rheumatol Online J. 17 janv 2017;15(1):6. Disponible sur : <a href=\"https:\/\/ped-rheum.biomedcentral.com\/track\/pdf\/10.1186\/s12969-016-0133-1?site=ped-rheum.biomedcentral.com\">https:\/\/ped-rheum.biomedcentral.com\/track\/pdf\/10.1186\/s12969-016-0133-1?site=ped-rheum.biomedcentral.com<\/a><\/p>\n<p>Macfarlane GJ, Beasley M, Prescott G, McNamee P, Keeley P, Artus M, et al. The Maintaining Musculoskeletal Health (MAmMOTH) Study: Protocol for a randomised trial of cognitive behavioural therapy versus usual care for the prevention of chronic widespread pain. BMC Musculoskelet Disord. 26 avr 2016;17:179. Disponible sur : <a href=\"https:\/\/bmcmusculoskeletdisord.biomedcentral.com\/articles\/10.1186\/s12891-016-1037-4\">https:\/\/bmcmusculoskeletdisord.biomedcentral.com\/articles\/10.1186\/s12891-016-1037-4<\/a><\/p>\n<p>Macian N, Pereira B, Shinjo C, Dubray C, Pickering G. Fibromyalgia, milnacipran and experimental pain modulation: study protocol for a double blind randomized controlled trial. Trials. 3 avr 2015;16:134. Disponible sur\u00a0: <a href=\"https:\/\/trialsjournal.biomedcentral.com\/articles\/10.1186\/s13063-015-0659-4\">https:\/\/trialsjournal.biomedcentral.com\/articles\/10.1186\/s13063-015-0659-4<\/a><\/p>\n<p>Sanada K, D\u00edez MA, Valero MS, P\u00e9rez-Yus MC, Demarzo MMP, Garc\u00eda-Toro M, et al. Effects of non-pharmacological interventions on inflammatory biomarker expression in patients with fibromyalgia: a systematic review. Arthritis Res. Ther. 26 sept 2015;17:272. Disponible sur\u00a0: <a href=\"https:\/\/arthritis-research.biomedcentral.com\/articles\/10.1186\/s13075-015-0789-9\">https:\/\/arthritis-research.biomedcentral.com\/articles\/10.1186\/s13075-015-0789-9<\/a><\/p>\n<p>Sichere P. Le syndrome fibromyalgique\u202f: strat\u00e9gies th\u00e9rapeutiques. Douleurs\u202f: \u00e9valuation, diagnostic, traitement. 2013;14(6):292\u2011301. Consultable en ligne sur place \u00e0 la BIU Sant\u00e9<\/p>\n<p>Theoharides TC, Tsilioni I, Arbetman L, Panagiotidou S, Stewart JM, Gleason RM, et al. Fibromyalgia syndrome in need of effective treatments. J. Pharmacol. Exp. Ther. nov 2015;355(2):255\u201163. Disponible sur : <a href=\"http:\/\/jpet.aspetjournals.org\/content\/355\/2\/255\">http:\/\/jpet.aspetjournals.org\/content\/355\/2\/255<\/a><\/p>\n<p>Walitt B, Urr\u00fatia G, Nishishinya MB, Cantrell SE, H\u00e4user W. Selective serotonin reuptake inhibitors for fibromyalgia syndrome. Cochrane Database Syst Rev. 5 juin 2015;(6):CD011735. Disponible sur : <a href=\"http:\/\/onlinelibrary.wiley.com\/doi\/10.1002\/14651858.CD011735\/epdf\">http:\/\/onlinelibrary.wiley.com\/doi\/10.1002\/14651858.CD011735\/epdf<\/a><\/p>\n<p>White HD, Robinson TD. A novel use for testosterone to treat central sensitization of chronic pain in fibromyalgia patients. Int. Immunopharmacol. ao\u00fbt 2015;27(2):244\u20118. Disponible <a href=\"sur\">sur<\/a> : <a href=\"https:\/\/doi-org.hellebore.biusante.parisdescartes.fr\/10.1016\/j.intimp.2015.05.020\">https:\/\/doi.org\/10.1016\/j.intimp.2015.05.020<\/a><\/p>\n<p>Zhu C-E, Yu B, Zhang W, Chen W-H, Qi Q, Miao Y. Effiectiveness and safety of transcranial direct current stimulation in fibromyalgia: A systematic review and meta-analysis. J Rehabil Med. 19 janv 2017;49(1):2\u20119. Disponible sur\u00a0: <a href=\"https:\/\/www.medicaljournals.se\/jrm\/content\/abstract\/10.2340\/16501977-2179\">https:\/\/www.medicaljournals.se\/jrm\/content\/abstract\/10.2340\/16501977-2179<\/a><\/p>\n<p>Les eaux thermales | Agence r\u00e9gionale de sant\u00e9 Hauts-de-France. 2017. Disponible sur : <a href=\"https:\/\/www.hauts-de-france.ars.sante.fr\/les-eaux-thermales\">https:\/\/www.hauts-de-france.ars.sante.fr\/les-eaux-thermales<\/a>.<\/p>\n","protected":false},"excerpt":{"rendered":"<p>La fibromyalgie, du latin fibro, tissu fibreux, du grec myo muscle, et algie douleur, est une affection chronique caract\u00e9ris\u00e9e par une douleur diffuse ou des sensations de br\u00fblure dans tout le corps, accompagn\u00e9es d\u2019une fatigue profonde, de troubles du sommeil,\u00a0 de la sexualit\u00e9 par cons\u00e9quence, et d&rsquo;un \u00e9tat anxio-d\u00e9pressif r\u00e9actionnel. Histoire de la maladie La &hellip; <a href=\"https:\/\/numerabilis.u-paris.fr\/medica\/blog\/index.php\/bibliographie-fibromyalgie-une-telle-douleur\/\" class=\"more-link\">Continuer la lecture<span class=\"screen-reader-text\"> de &laquo;&nbsp;Fibromyalgie : une telle douleur&#8230; (bibliographie)&nbsp;&raquo;<\/span><\/a><\/p>\n","protected":false},"author":27,"featured_media":0,"comment_status":"open","ping_status":"open","sticky":false,"template":"","format":"standard","meta":{"_monsterinsights_skip_tracking":false,"_monsterinsights_sitenote_active":false,"_monsterinsights_sitenote_note":"","_monsterinsights_sitenote_category":0,"footnotes":""},"categories":[14],"tags":[65,38,385,208],"class_list":["post-15579","post","type-post","status-publish","format-standard","hentry","category-medecine-odontologie","tag-bibliographie","tag-douleur","tag-maladies","tag-neurologie"],"_links":{"self":[{"href":"https:\/\/numerabilis.u-paris.fr\/medica\/blog\/index.php\/wp-json\/wp\/v2\/posts\/15579"}],"collection":[{"href":"https:\/\/numerabilis.u-paris.fr\/medica\/blog\/index.php\/wp-json\/wp\/v2\/posts"}],"about":[{"href":"https:\/\/numerabilis.u-paris.fr\/medica\/blog\/index.php\/wp-json\/wp\/v2\/types\/post"}],"author":[{"embeddable":true,"href":"https:\/\/numerabilis.u-paris.fr\/medica\/blog\/index.php\/wp-json\/wp\/v2\/users\/27"}],"replies":[{"embeddable":true,"href":"https:\/\/numerabilis.u-paris.fr\/medica\/blog\/index.php\/wp-json\/wp\/v2\/comments?post=15579"}],"version-history":[{"count":34,"href":"https:\/\/numerabilis.u-paris.fr\/medica\/blog\/index.php\/wp-json\/wp\/v2\/posts\/15579\/revisions"}],"predecessor-version":[{"id":15786,"href":"https:\/\/numerabilis.u-paris.fr\/medica\/blog\/index.php\/wp-json\/wp\/v2\/posts\/15579\/revisions\/15786"}],"wp:attachment":[{"href":"https:\/\/numerabilis.u-paris.fr\/medica\/blog\/index.php\/wp-json\/wp\/v2\/media?parent=15579"}],"wp:term":[{"taxonomy":"category","embeddable":true,"href":"https:\/\/numerabilis.u-paris.fr\/medica\/blog\/index.php\/wp-json\/wp\/v2\/categories?post=15579"},{"taxonomy":"post_tag","embeddable":true,"href":"https:\/\/numerabilis.u-paris.fr\/medica\/blog\/index.php\/wp-json\/wp\/v2\/tags?post=15579"}],"curies":[{"name":"wp","href":"https:\/\/api.w.org\/{rel}","templated":true}]}}