{"id":15691,"date":"2017-12-15T14:59:07","date_gmt":"2017-12-15T13:59:07","guid":{"rendered":"https:\/\/numerabilis.u-paris.fr\/medica\/blog\/?p=15691"},"modified":"2017-12-15T15:28:15","modified_gmt":"2017-12-15T14:28:15","slug":"madeleine-pelletier-psychiatre-militante","status":"publish","type":"post","link":"https:\/\/numerabilis.u-paris.fr\/medica\/blog\/index.php\/madeleine-pelletier-psychiatre-militante\/","title":{"rendered":"Madeleine Pelletier, psychiatre et militante"},"content":{"rendered":"<figure id=\"attachment_15735\" aria-describedby=\"caption-attachment-15735\" style=\"width: 189px\" class=\"wp-caption alignright\"><a href=\"http:\/\/gallica.bnf.fr\/ark:\/12148\/btv1b53114341d\"><img loading=\"lazy\" decoding=\"async\" class=\"wp-image-15735 size-full\" src=\"https:\/\/numerabilis.u-paris.fr\/medica\/blog\/wp-content\/uploads\/mp.jpg\" alt=\"\" width=\"189\" height=\"299\" \/><\/a><figcaption id=\"caption-attachment-15735\" class=\"wp-caption-text\">Photo Gallica<\/figcaption><\/figure>\n<p>\u00ab<em>Mon costume dit \u00e0 l\u2019homme\u00a0: je suis ton \u00e9gal.<\/em>\u00bb<\/p>\n<p>Avec son costume, sa canne, et son chapeau melon, elle fait passer un message fort.<\/p>\n<p>Premi\u00e8re femme interne en psychiatrie, <a href=\"https:\/\/www.biusante.parisdescartes.fr\/histoire\/biographies\/?cle=2392\" target=\"_blank\" rel=\"noopener noreferrer\">Madeleine Pelletier<\/a> (1874-1939) est connue pour son combat moral et politique en faveur de la lutte des femmes.<\/p>\n<p>N\u00e9e de parents pauvres, elle se voit refuser l\u2019inscription au concours des internats des asiles en 1902, sous pr\u00e9texte qu\u2019elle est une femme. Elle d\u00e9crochera finalement ce concours l\u2019ann\u00e9e qui suit, avec l\u2019aide du journal f\u00e9ministe <em>La Fronde<\/em>, fond\u00e9 par <a href=\"https:\/\/fr.wikipedia.org\/wiki\/Marguerite_Durand_(f%C3%A9ministe)\" target=\"_blank\" rel=\"noopener noreferrer\"><strong>Marguerite Durand<\/strong><\/a>.<\/p>\n<p><a href=\"https:\/\/numerabilis.u-paris.fr\/medica\/blog\/wp-content\/uploads\/0087.jpg\"><img loading=\"lazy\" decoding=\"async\" class=\"alignleft size-medium wp-image-15739\" src=\"https:\/\/numerabilis.u-paris.fr\/medica\/blog\/wp-content\/uploads\/0087-227x300.jpg\" alt=\"\" width=\"227\" height=\"300\" srcset=\"https:\/\/numerabilis.u-paris.fr\/medica\/blog\/wp-content\/uploads\/0087-227x300.jpg 227w, https:\/\/numerabilis.u-paris.fr\/medica\/blog\/wp-content\/uploads\/0087-768x1015.jpg 768w, https:\/\/numerabilis.u-paris.fr\/medica\/blog\/wp-content\/uploads\/0087-775x1024.jpg 775w, https:\/\/numerabilis.u-paris.fr\/medica\/blog\/wp-content\/uploads\/0087.jpg 806w\" sizes=\"(max-width: 227px) 85vw, 227px\" \/><\/a>Parall\u00e8lement \u00e0 son m\u00e9tier de psychiatre, Madeleine fr\u00e9quente les mouvements communistes et anarchistes, o\u00f9 elle tente de faire entendre ses id\u00e9es. Droit de vote des femmes, droit \u00e0 l\u2019avortement, mais aussi destruction du mod\u00e8le familial sont ses chevaux de bataille. Elle, qui assume une chastet\u00e9 militante, affiche des prises de position jug\u00e9es extr\u00eames, m\u00eame chez les f\u00e9ministes.<\/p>\n<p>Ironie du sort, 30 ans apr\u00e8s ses \u00e9tudes \u00e0 Saint-Anne, elle est <strong>intern\u00e9e<\/strong>, jug\u00e9e coupable de \u00ab<em>crime d\u2019avortement<\/em>\u00bb sur une fille de 13 ans. Elle mourra quelques mois plus tard.<\/p>\n<p>On doit \u00e0 Madeleine Pelletier de nombreuses publications telles que : <em>la femme en lutte pour ses droits<\/em> (1908), <a href=\"http:\/\/gallica.bnf.fr\/ark:\/12148\/bpt6k82278k.r=madeleine%20pelletier?rk=257512;0\" target=\"_blank\" rel=\"noopener noreferrer\"><em>L\u2019\u00e9mancipation sexuelle de la femme <\/em><\/a>(1911), ou encore <em><a href=\"http:\/\/gallica.bnf.fr\/ark:\/12148\/bpt6k815634.r=mon%20voyage%20aventureux%20en%20russie%20communiste?rk=21459;2\" target=\"_blank\" rel=\"noopener noreferrer\">Mon voyage aventureux en Russie communiste<\/a> <\/em>(1922). Elle cr\u00e9\u00e9 m\u00eame sa propre revue mensuelle, <em>La suffragiste, <\/em>en 1907.<\/p>\n<p>Vous trouverez dans les collections de la BIU sant\u00e9 sa th\u00e8se d\u2019exercice : <a href=\"https:\/\/www.biusante.parisdescartes.fr\/chercher\/theses\/medecine.php?auteur=&amp;univ=&amp;toutindex=pelletier+madeleine&amp;annee\" target=\"_blank\" rel=\"noopener noreferrer\"><em>L&rsquo;association des id\u00e9es dans la manie aigu\u00eb et dans la d\u00e9bilit\u00e9 mentale<\/em><\/a>, ainsi qu\u2019un ouvrage qui lui est consacr\u00e9 : <a href=\"http:\/\/catalogue.biusante.parisdescartes.fr\/ipac20\/ipac.jsp?&amp;index=.PPN&amp;term=00279067X\" target=\"_blank\" rel=\"noopener noreferrer\"><em>Madeleine Pelletier, une f\u00e9ministe dans l&rsquo;ar\u00e8ne politique.<\/em><\/a><\/p>\n<p>Si vous voulez en savoir plus <em>France culture<\/em> lui a r\u00e9cemment d\u00e9di\u00e9 un portrait :<br \/>\n<iframe loading=\"lazy\" src=\"https:\/\/www.franceculture.fr\/player\/export-reecouter?content=7c4a9cb4-8856-450d-9884-55025b156021\" width=\"481\" height=\"137\" frameborder=\"0\" scrolling=\"no\"><\/iframe><\/p>\n<p style=\"text-align: right;\"><a href=\"&#x6d;&#x61;&#x69;&#108;&#116;&#111;:f&#x61;&#x62;&#x69;&#x65;&#110;&#46;la&#x66;&#x61;&#x67;&#x65;&#64;&#98;iu&#x73;&#x61;&#x6e;&#x74;&#101;&#46;&#112;ar&#x69;&#x73;&#x64;&#x65;&#115;&#99;ar&#x74;&#x65;&#x73;&#x2e;&#102;&#114;\" target=\"_blank\" rel=\"noopener noreferrer\">Fabien LAFAGE<\/a><\/p>\n<h2 style=\"text-align: left;\">En savoir plus<\/h2>\n<p><a href=\"https:\/\/www.franceculture.fr\/emissions\/une-vie-une-oeuvre\/madeleine-pelletier-1874-1939-une-femme-davant-garde\" target=\"_blank\" rel=\"noopener noreferrer\">Madeleine Pelletier (1874 \u2013 1939), une femme d\u2019avant-garde<\/a>, sur le site de France Culture<\/p>\n<p class=\"headline__title\"><a href=\"http:\/\/www.huffingtonpost.fr\/2014\/12\/19\/femme-travestie-madeleine-pelletier-premiere-interne-psychiatrie_n_6338930.html\" target=\"_blank\" rel=\"noopener noreferrer\">Femme travestie en homme et morte il y a 75 ans, Madeleine Pelletier \u00e9tait la premi\u00e8re interne en psychiatrie<\/a> (HuffPost, 2014)<\/p>\n<p style=\"text-align: right;\">\n","protected":false},"excerpt":{"rendered":"<p>\u00abMon costume dit \u00e0 l\u2019homme\u00a0: je suis ton \u00e9gal.\u00bb Avec son costume, sa canne, et son chapeau melon, elle fait passer un message fort. Premi\u00e8re femme interne en psychiatrie, Madeleine Pelletier (1874-1939) est connue pour son combat moral et politique en faveur de la lutte des femmes. N\u00e9e de parents pauvres, elle se voit refuser &hellip; <a href=\"https:\/\/numerabilis.u-paris.fr\/medica\/blog\/index.php\/madeleine-pelletier-psychiatre-militante\/\" class=\"more-link\">Continuer la lecture<span class=\"screen-reader-text\"> de &laquo;&nbsp;Madeleine Pelletier, psychiatre et militante&nbsp;&raquo;<\/span><\/a><\/p>\n","protected":false},"author":30,"featured_media":0,"comment_status":"open","ping_status":"open","sticky":false,"template":"","format":"standard","meta":{"_monsterinsights_skip_tracking":false,"_monsterinsights_sitenote_active":false,"_monsterinsights_sitenote_note":"","_monsterinsights_sitenote_category":0,"footnotes":""},"categories":[7],"tags":[53,54,255,28,81,64],"class_list":["post-15691","post","type-post","status-publish","format-standard","hentry","category-histoiresante","tag-19e-s","tag-20e-s","tag-genre","tag-histoire-de-la-medecine","tag-medecin","tag-psychiatrie"],"_links":{"self":[{"href":"https:\/\/numerabilis.u-paris.fr\/medica\/blog\/index.php\/wp-json\/wp\/v2\/posts\/15691"}],"collection":[{"href":"https:\/\/numerabilis.u-paris.fr\/medica\/blog\/index.php\/wp-json\/wp\/v2\/posts"}],"about":[{"href":"https:\/\/numerabilis.u-paris.fr\/medica\/blog\/index.php\/wp-json\/wp\/v2\/types\/post"}],"author":[{"embeddable":true,"href":"https:\/\/numerabilis.u-paris.fr\/medica\/blog\/index.php\/wp-json\/wp\/v2\/users\/30"}],"replies":[{"embeddable":true,"href":"https:\/\/numerabilis.u-paris.fr\/medica\/blog\/index.php\/wp-json\/wp\/v2\/comments?post=15691"}],"version-history":[{"count":15,"href":"https:\/\/numerabilis.u-paris.fr\/medica\/blog\/index.php\/wp-json\/wp\/v2\/posts\/15691\/revisions"}],"predecessor-version":[{"id":15817,"href":"https:\/\/numerabilis.u-paris.fr\/medica\/blog\/index.php\/wp-json\/wp\/v2\/posts\/15691\/revisions\/15817"}],"wp:attachment":[{"href":"https:\/\/numerabilis.u-paris.fr\/medica\/blog\/index.php\/wp-json\/wp\/v2\/media?parent=15691"}],"wp:term":[{"taxonomy":"category","embeddable":true,"href":"https:\/\/numerabilis.u-paris.fr\/medica\/blog\/index.php\/wp-json\/wp\/v2\/categories?post=15691"},{"taxonomy":"post_tag","embeddable":true,"href":"https:\/\/numerabilis.u-paris.fr\/medica\/blog\/index.php\/wp-json\/wp\/v2\/tags?post=15691"}],"curies":[{"name":"wp","href":"https:\/\/api.w.org\/{rel}","templated":true}]}}