{"id":15752,"date":"2017-12-12T10:24:18","date_gmt":"2017-12-12T09:24:18","guid":{"rendered":"https:\/\/numerabilis.u-paris.fr\/medica\/blog\/?p=15752"},"modified":"2017-12-12T10:24:18","modified_gmt":"2017-12-12T09:24:18","slug":"fermetures-fin-2017","status":"publish","type":"post","link":"https:\/\/numerabilis.u-paris.fr\/medica\/blog\/index.php\/fermetures-fin-2017\/","title":{"rendered":"Fermetures fin 2017"},"content":{"rendered":"<p>En raison des <strong>vacances<\/strong> universitaires de fin d\u2019ann\u00e9e, les deux sites de la BIU Sant\u00e9 seront ferm\u00e9s, ainsi que le <a title=\"Lien vers BIUMInfo\" href=\"https:\/\/www.biusante.parisdescartes.fr\/aide\/biuminfo\" target=\"_blank\" rel=\"noopener noreferrer\">service de questions-r\u00e9ponses en ligne <em>Biuminfo<\/em><\/a> :<\/p>\n<ul>\n<li>\u00e0 partir du <strong>vendredi 22 d\u00e9cembre 2017 \u00e0 20h<\/strong> pour tous les sites.<\/li>\n<li>le <em>p\u00f4le M\u00e9decine-Odontologie<\/em> rouvrira le <strong>mercredi 3 janvier 2018 \u00e0 9h<\/strong>.<\/li>\n<li>le <em>p\u00f4le Pharmacie-Biologie-Cosm\u00e9tologie<\/em> rouvrira le <strong>lundi 8 janvier 2018 \u00e0 9h<\/strong>.<\/li>\n<\/ul>\n<p><a title=\"No\u00ebl\" href=\"https:\/\/www.biusante.parisdescartes.fr\/histmed\/image?CISA0563\" target=\"_blank\" rel=\"noopener noreferrer\"><img loading=\"lazy\" decoding=\"async\" class=\"aligncenter size-full wp-image-6558\" title=\"CISA0563\" src=\"https:\/\/numerabilis.u-paris.fr\/medica\/blog\/wp-content\/uploads\/CISA0563.jpg\" alt=\"\" width=\"531\" height=\"327\" srcset=\"https:\/\/numerabilis.u-paris.fr\/medica\/blog\/wp-content\/uploads\/CISA0563.jpg 531w, https:\/\/numerabilis.u-paris.fr\/medica\/blog\/wp-content\/uploads\/CISA0563-300x184.jpg 300w\" sizes=\"(max-width: 531px) 85vw, 531px\" \/><\/a>La tr\u00eave des confiseurs sera l&rsquo;occasion de (re)d\u00e9couvrir nos services en ligne,<em> disponibles 7 jours sur 7 et 24h\/24<\/em>, m\u00eame en p\u00e9riode de f\u00eates :<\/p>\n<p>Pour les <em>historiens<\/em>, en <strong>acc\u00e8s libre<\/strong> : la biblioth\u00e8que num\u00e9rique <em><a href=\"https:\/\/www.biusante.parisdescartes.fr\/histoire\/medica\" target=\"_blank\" rel=\"noopener noreferrer\">Medic@<\/a><\/em>, la <a title=\"Banque d'images BIU Sant\u00e9\" href=\"https:\/\/www.biusante.parisdescartes.fr\/histoire\/images\/index.php\" target=\"_blank\" rel=\"noopener noreferrer\">Banque d&rsquo;images et de portraits<\/a>, et pourquoi pas une petite visite du c\u00f4t\u00e9 <a href=\"https:\/\/www.biusante.parisdescartes.fr\/histoire\/index.php\" target=\"_blank\" rel=\"noopener noreferrer\">des expositions virtuelles<\/a>.<\/p>\n<p>Pour les <em>lecteurs de Paris Descartes<\/em>, <a href=\"https:\/\/www.biusante.parisdescartes.fr\/chercher\/articles\/index.php\" target=\"_blank\" rel=\"noopener noreferrer\">les <strong>bases de donn\u00e9es<\/strong><\/a>, les <a href=\"https:\/\/www.biusante.parisdescartes.fr\/chercher\/revues.php\" target=\"_blank\" rel=\"noopener noreferrer\">revues \u00e9lectroniques<\/a> et les <a href=\"https:\/\/www.biusante.parisdescartes.fr\/chercher\/livres-electroniques.php\" target=\"_blank\" rel=\"noopener noreferrer\"><strong>livres \u00e9lectroniques<\/strong><\/a>.<\/p>\n<p>Et pour patienter en attendant le 24 d\u00e9cembre, vous pouvez consulter <a title=\"Calendrier Avent Biens Communs\" href=\"http:\/\/www.aventdudomainepublic.org\/\" target=\"_blank\" rel=\"noopener noreferrer\">le <em>calendrier de l&rsquo;Avent du domaine public<\/em><\/a>, pour d\u00e9couvrir quels auteurs passeront dans le domaine public l&rsquo;ann\u00e9e prochaine.<\/p>\n<p><em>D&rsquo;ici l\u00e0, l\u2019\u00e9quipe de la BIU Sant\u00e9 vous souhaite \u00e0 tous de bonnes f\u00eates de fin d\u2019ann\u00e9e<\/em>.<\/p>\n","protected":false},"excerpt":{"rendered":"<p>En raison des vacances universitaires de fin d\u2019ann\u00e9e, les deux sites de la BIU Sant\u00e9 seront ferm\u00e9s, ainsi que le service de questions-r\u00e9ponses en ligne Biuminfo : \u00e0 partir du vendredi 22 d\u00e9cembre 2017 \u00e0 20h pour tous les sites. le p\u00f4le M\u00e9decine-Odontologie rouvrira le mercredi 3 janvier 2018 \u00e0 9h. le p\u00f4le Pharmacie-Biologie-Cosm\u00e9tologie rouvrira &hellip; <a href=\"https:\/\/numerabilis.u-paris.fr\/medica\/blog\/index.php\/fermetures-fin-2017\/\" class=\"more-link\">Continuer la lecture<span class=\"screen-reader-text\"> de &laquo;&nbsp;Fermetures fin 2017&nbsp;&raquo;<\/span><\/a><\/p>\n","protected":false},"author":1,"featured_media":0,"comment_status":"open","ping_status":"open","sticky":false,"template":"","format":"standard","meta":{"_monsterinsights_skip_tracking":false,"_monsterinsights_sitenote_active":false,"_monsterinsights_sitenote_note":"","_monsterinsights_sitenote_category":0,"footnotes":""},"categories":[7,14,15],"tags":[43],"class_list":["post-15752","post","type-post","status-publish","format-standard","hentry","category-histoiresante","category-medecine-odontologie","category-pharmacie-biologie-cosmetologie","tag-acces"],"_links":{"self":[{"href":"https:\/\/numerabilis.u-paris.fr\/medica\/blog\/index.php\/wp-json\/wp\/v2\/posts\/15752"}],"collection":[{"href":"https:\/\/numerabilis.u-paris.fr\/medica\/blog\/index.php\/wp-json\/wp\/v2\/posts"}],"about":[{"href":"https:\/\/numerabilis.u-paris.fr\/medica\/blog\/index.php\/wp-json\/wp\/v2\/types\/post"}],"author":[{"embeddable":true,"href":"https:\/\/numerabilis.u-paris.fr\/medica\/blog\/index.php\/wp-json\/wp\/v2\/users\/1"}],"replies":[{"embeddable":true,"href":"https:\/\/numerabilis.u-paris.fr\/medica\/blog\/index.php\/wp-json\/wp\/v2\/comments?post=15752"}],"version-history":[{"count":3,"href":"https:\/\/numerabilis.u-paris.fr\/medica\/blog\/index.php\/wp-json\/wp\/v2\/posts\/15752\/revisions"}],"predecessor-version":[{"id":15770,"href":"https:\/\/numerabilis.u-paris.fr\/medica\/blog\/index.php\/wp-json\/wp\/v2\/posts\/15752\/revisions\/15770"}],"wp:attachment":[{"href":"https:\/\/numerabilis.u-paris.fr\/medica\/blog\/index.php\/wp-json\/wp\/v2\/media?parent=15752"}],"wp:term":[{"taxonomy":"category","embeddable":true,"href":"https:\/\/numerabilis.u-paris.fr\/medica\/blog\/index.php\/wp-json\/wp\/v2\/categories?post=15752"},{"taxonomy":"post_tag","embeddable":true,"href":"https:\/\/numerabilis.u-paris.fr\/medica\/blog\/index.php\/wp-json\/wp\/v2\/tags?post=15752"}],"curies":[{"name":"wp","href":"https:\/\/api.w.org\/{rel}","templated":true}]}}