{"id":15863,"date":"2017-12-21T11:37:10","date_gmt":"2017-12-21T10:37:10","guid":{"rendered":"https:\/\/numerabilis.u-paris.fr\/medica\/blog\/?p=15863"},"modified":"2017-12-21T11:37:10","modified_gmt":"2017-12-21T10:37:10","slug":"revues-springer-interruption-abonnement-2018","status":"publish","type":"post","link":"https:\/\/numerabilis.u-paris.fr\/medica\/blog\/index.php\/revues-springer-interruption-abonnement-2018\/","title":{"rendered":"Revues Springer : interruption de l&rsquo;abonnement en 2018"},"content":{"rendered":"<p><img loading=\"lazy\" decoding=\"async\" class=\"size-medium wp-image-15861 alignleft\" style=\"border: 1px solid black;\" src=\"https:\/\/numerabilis.u-paris.fr\/medica\/blog\/wp-content\/uploads\/5652af4b0a023-300x120.jpg\" alt=\"\" width=\"300\" height=\"120\" srcset=\"https:\/\/numerabilis.u-paris.fr\/medica\/blog\/wp-content\/uploads\/5652af4b0a023-300x120.jpg 300w, https:\/\/numerabilis.u-paris.fr\/medica\/blog\/wp-content\/uploads\/5652af4b0a023-768x306.jpg 768w, https:\/\/numerabilis.u-paris.fr\/medica\/blog\/wp-content\/uploads\/5652af4b0a023.jpg 788w\" sizes=\"(max-width: 300px) 85vw, 300px\" \/>La <strong>n\u00e9gociation nationale<\/strong> entre l&rsquo;\u00e9diteur <a href=\"http:\/\/www.springernature.com\/gp\/\" target=\"_blank\" rel=\"noopener noreferrer\">Springer Nature<\/a> et le consortium <a href=\"http:\/\/www.couperin.org\/\" target=\"_blank\" rel=\"noopener noreferrer\">Couperin.org<\/a> (<em>rassemblant les \u00e9tablissements d&rsquo;enseignement sup\u00e9rieur et de recherche<\/em>) pour les <strong>revues Springer<\/strong> (<em>1080 titres<\/em>) n&rsquo;a pas abouti pour l&rsquo;ann\u00e9e 2018.<\/p>\n<p>Alors que de plus en plus d&rsquo;articles sont publi\u00e9s en <em>Open Access<\/em> dans les revues hybrides <em>Springer<\/em>, l&rsquo;\u00e9diteur demande une <strong>augmentation tarifaire<\/strong>.<\/p>\n<p>Pour sortir de cette spirale inflationniste qui se prolonge depuis plus d&rsquo;une d\u00e9cennie, <em>Couperin.org<\/em> a re\u00e7u mandat de la part de ses membres, y compris <a href=\"http:\/\/www.cnrs.fr\/insmi\/spip.php?article2442\" target=\"_blank\" rel=\"noopener noreferrer\">le CNRS<\/a>, pour continuer la n\u00e9gociation en 2018 et obtenir une baisse tarifaire. Cela s&rsquo;inscrit dans une d\u00e9marche internationale de rupture des accords traditionnels, <a href=\"http:\/\/www.bib.umontreal.ca\/communiques\/20160505-DC-annulation-springer.htm\" target=\"_blank\" rel=\"noopener noreferrer\">par exemple \u00e0 l&rsquo;Universit\u00e9 de Montr\u00e9al<\/a>.<\/p>\n<p>La BIU Sant\u00e9 soutient enti\u00e8rement le consortium <em>Couperin.org<\/em> dans son action.<\/p>\n<p><strong>L&rsquo;abonnement liant la BIU Sant\u00e9 \u00e0 l&rsquo;\u00e9diteur Springer Nature est de ce fait termin\u00e9 au 31 d\u00e9cembre 2017 et ne reprendra que lorsqu&rsquo;un accord national sera trouv\u00e9.<\/strong><\/p>\n<p>En cons\u00e9quence, \u00e0 partir du <strong>1er janvier 2018<\/strong>, l&rsquo;acc\u00e8s pourra \u00eatre interrompu \u00e0 un certain nombre d&rsquo;articles des revues <em>Springer<\/em>.<\/p>\n<p>En d\u00e9tail, resteront accessibles:<\/p>\n<p>&#8211; les titres acquis en <a href=\"https:\/\/www.licencesnationales.fr\/\" target=\"_blank\" rel=\"noopener noreferrer\">licence nationale<\/a> des origines \u00e0 2014.<\/p>\n<p>&#8211; les titres souscrits par la BIU Sant\u00e9 des origines \u00e0 2017 <a href=\"https:\/\/numerabilis.u-paris.fr\/medica\/blog\/wp-content\/uploads\/Revues_Springer_2018.xlsx\" target=\"_blank\" rel=\"noopener noreferrer\">\u200b(voir la liste des titres).<\/a><\/p>\n<p><strong>Les articles publi\u00e9s \u00e0 partir de 2018 sur la plateforme <em><a href=\"http:\/\/hellebore.biusante.parisdescartes.fr\/login?url=http:\/\/link.springer.com\">SpringerLink<\/a><\/em> ne seront accessibles qu&rsquo;\u00e0 partir de voies alternatives : d\u00e9p\u00f4ts de preprints institutionnels, r\u00e9seaux sociaux acad\u00e9miques, etc.<\/strong><\/p>\n<p><em>Nous vous tiendrons inform\u00e9s de la suite de la n\u00e9gociation d\u00e9but 2018.<\/em><\/p>\n<p>En attendant l&rsquo;\u00e9quipe de la BIU Sant\u00e9 est \u00e0 votre disposition pour toute question et information compl\u00e9mentaire: <a href=\"m&#97;&#105;&#x6c;&#x74;&#x6f;:&#112;&#101;&#x72;&#x69;&#x6f;-m&#101;&#x64;&#x40;&#x62;iu&#115;&#97;&#x6e;&#x74;&#x65;&#46;&#112;&#97;&#x72;&#x69;&#x73;d&#101;&#115;&#x63;&#x61;&#x72;te&#115;&#x2e;&#x66;&#x72;\" target=\"_blank\" rel=\"noopener noreferrer\">p&#101;&#114;&#x69;&#x6f;&#x2d;m&#101;&#100;&#x40;&#x62;&#x69;us&#97;&#x6e;&#x74;&#x65;&#46;p&#97;&#114;&#x69;&#x73;&#x64;e&#115;&#99;&#x61;&#x72;&#x74;e&#115;&#46;&#x66;&#x72;<\/a> et <a href=\"&#109;&#x61;&#105;&#x6c;&#116;&#x6f;:&#x70;e&#x72;i&#111;&#x2d;&#112;&#x68;&#97;&#x72;&#109;&#x61;&#64;&#x62;i&#x75;s&#97;&#x6e;&#116;&#x65;&#46;&#x70;&#97;&#x72;i&#x73;d&#x65;s&#99;&#x61;&#114;&#x74;&#101;&#x73;&#46;&#x66;r\" target=\"_blank\" rel=\"noopener noreferrer\">&#x70;e&#x72;&#105;&#x6f;&#45;&#x70;&#x68;a&#x72;&#109;&#x61;&#64;&#x62;&#105;u&#x73;&#97;&#x6e;&#116;&#x65;&#46;p&#x61;&#114;&#x69;&#115;&#x64;&#101;s&#x63;a&#x72;&#116;&#x65;&#115;&#46;&#x66;r<\/a><\/p>\n<h2>En savoir plus<\/h2>\n<p><a href=\"https:\/\/www.soundofscience.fr\/755\" target=\"_blank\" rel=\"noopener noreferrer\">Difficiles n\u00e9gociations entre la recherche fran\u00e7aise et Springer<\/a> (<em>The Sound of Science<\/em>)<\/p>\n<p class=\"crayon article-titre-2442 \"><a href=\"http:\/\/www.cnrs.fr\/insmi\/spip.php?article2442\" target=\"_blank\" rel=\"noopener noreferrer\">Point d\u2019actualit\u00e9 sur les n\u00e9gociations de Couperin avec Springer<\/a><\/p>\n","protected":false},"excerpt":{"rendered":"<p>La n\u00e9gociation nationale entre l&rsquo;\u00e9diteur Springer Nature et le consortium Couperin.org (rassemblant les \u00e9tablissements d&rsquo;enseignement sup\u00e9rieur et de recherche) pour les revues Springer (1080 titres) n&rsquo;a pas abouti pour l&rsquo;ann\u00e9e 2018. Alors que de plus en plus d&rsquo;articles sont publi\u00e9s en Open Access dans les revues hybrides Springer, l&rsquo;\u00e9diteur demande une augmentation tarifaire. Pour sortir &hellip; <a href=\"https:\/\/numerabilis.u-paris.fr\/medica\/blog\/index.php\/revues-springer-interruption-abonnement-2018\/\" class=\"more-link\">Continuer la lecture<span class=\"screen-reader-text\"> de &laquo;&nbsp;Revues Springer : interruption de l&rsquo;abonnement en 2018&nbsp;&raquo;<\/span><\/a><\/p>\n","protected":false},"author":31,"featured_media":0,"comment_status":"open","ping_status":"open","sticky":false,"template":"","format":"standard","meta":{"_monsterinsights_skip_tracking":false,"_monsterinsights_sitenote_active":false,"_monsterinsights_sitenote_note":"","_monsterinsights_sitenote_category":0,"footnotes":""},"categories":[14,15],"tags":[43,426,46,36,425],"class_list":["post-15863","post","type-post","status-publish","format-standard","hentry","category-medecine-odontologie","category-pharmacie-biologie-cosmetologie","tag-acces","tag-couperin","tag-open-access","tag-revues","tag-springer"],"_links":{"self":[{"href":"https:\/\/numerabilis.u-paris.fr\/medica\/blog\/index.php\/wp-json\/wp\/v2\/posts\/15863"}],"collection":[{"href":"https:\/\/numerabilis.u-paris.fr\/medica\/blog\/index.php\/wp-json\/wp\/v2\/posts"}],"about":[{"href":"https:\/\/numerabilis.u-paris.fr\/medica\/blog\/index.php\/wp-json\/wp\/v2\/types\/post"}],"author":[{"embeddable":true,"href":"https:\/\/numerabilis.u-paris.fr\/medica\/blog\/index.php\/wp-json\/wp\/v2\/users\/31"}],"replies":[{"embeddable":true,"href":"https:\/\/numerabilis.u-paris.fr\/medica\/blog\/index.php\/wp-json\/wp\/v2\/comments?post=15863"}],"version-history":[{"count":11,"href":"https:\/\/numerabilis.u-paris.fr\/medica\/blog\/index.php\/wp-json\/wp\/v2\/posts\/15863\/revisions"}],"predecessor-version":[{"id":15875,"href":"https:\/\/numerabilis.u-paris.fr\/medica\/blog\/index.php\/wp-json\/wp\/v2\/posts\/15863\/revisions\/15875"}],"wp:attachment":[{"href":"https:\/\/numerabilis.u-paris.fr\/medica\/blog\/index.php\/wp-json\/wp\/v2\/media?parent=15863"}],"wp:term":[{"taxonomy":"category","embeddable":true,"href":"https:\/\/numerabilis.u-paris.fr\/medica\/blog\/index.php\/wp-json\/wp\/v2\/categories?post=15863"},{"taxonomy":"post_tag","embeddable":true,"href":"https:\/\/numerabilis.u-paris.fr\/medica\/blog\/index.php\/wp-json\/wp\/v2\/tags?post=15863"}],"curies":[{"name":"wp","href":"https:\/\/api.w.org\/{rel}","templated":true}]}}