{"id":15997,"date":"2018-01-17T11:39:53","date_gmt":"2018-01-17T10:39:53","guid":{"rendered":"https:\/\/numerabilis.u-paris.fr\/medica\/blog\/?p=15997"},"modified":"2018-01-17T11:39:53","modified_gmt":"2018-01-17T10:39:53","slug":"salle-fialon-fermee-1801","status":"publish","type":"post","link":"https:\/\/numerabilis.u-paris.fr\/medica\/blog\/index.php\/salle-fialon-fermee-1801\/","title":{"rendered":"Salle Fialon ferm\u00e9e (le 18\/01)"},"content":{"rendered":"<p>Au p\u00f4le <strong>Pharmacie-Biologie-Cosm\u00e9tologie<\/strong> (<em>4, avenue de l\u2019Observatoire<\/em>) la <strong>salle Fialon<\/strong> sera ferm\u00e9e\u00a0<em><strong>le jeudi 18 janvier 2018<\/strong><\/em>, en raison d&rsquo;un tournage.<\/p>\n<p><strong>La salle Dorveaux<\/strong> (salle de lecture principale) demeure ouverte, vous pouvez donc venir travailler au p\u00f4le Pharmacie<em>, de 9h \u00e0 20h en semaine et de 9h \u00e0 18h30 le samedi.<\/em><\/p>\n<p><img loading=\"lazy\" decoding=\"async\" class=\"aligncenter size-full wp-image-4031\" title=\"Fialon\" src=\"https:\/\/numerabilis.u-paris.fr\/medica\/blog\/wp-content\/uploads\/Fialon.jpg\" sizes=\"(max-width: 404px) 85vw, 404px\" srcset=\"https:\/\/numerabilis.u-paris.fr\/medica\/blog\/wp-content\/uploads\/Fialon.jpg 404w, https:\/\/numerabilis.u-paris.fr\/medica\/blog\/wp-content\/uploads\/Fialon-300x253.jpg 300w\" alt=\"\" width=\"404\" height=\"342\" \/><\/p>\n<p><strong>La salle Fialon rouvrira normalement \u00e0 9h, vendredi 19 janvier 2018<\/strong>.<\/p>\n<p><em>Nous vous prions de nous excuser pour la g\u00eane occasionn\u00e9e<\/em>.<\/p>\n","protected":false},"excerpt":{"rendered":"<p>Au p\u00f4le Pharmacie-Biologie-Cosm\u00e9tologie (4, avenue de l\u2019Observatoire) la salle Fialon sera ferm\u00e9e\u00a0le jeudi 18 janvier 2018, en raison d&rsquo;un tournage. La salle Dorveaux (salle de lecture principale) demeure ouverte, vous pouvez donc venir travailler au p\u00f4le Pharmacie, de 9h \u00e0 20h en semaine et de 9h \u00e0 18h30 le samedi. La salle Fialon rouvrira normalement &hellip; <a href=\"https:\/\/numerabilis.u-paris.fr\/medica\/blog\/index.php\/salle-fialon-fermee-1801\/\" class=\"more-link\">Continuer la lecture<span class=\"screen-reader-text\"> de &laquo;&nbsp;Salle Fialon ferm\u00e9e (le 18\/01)&nbsp;&raquo;<\/span><\/a><\/p>\n","protected":false},"author":18,"featured_media":0,"comment_status":"open","ping_status":"open","sticky":false,"template":"","format":"standard","meta":{"_monsterinsights_skip_tracking":false,"_monsterinsights_sitenote_active":false,"_monsterinsights_sitenote_note":"","_monsterinsights_sitenote_category":0,"footnotes":""},"categories":[15],"tags":[43,133],"class_list":["post-15997","post","type-post","status-publish","format-standard","hentry","category-pharmacie-biologie-cosmetologie","tag-acces","tag-bibliotheque"],"_links":{"self":[{"href":"https:\/\/numerabilis.u-paris.fr\/medica\/blog\/index.php\/wp-json\/wp\/v2\/posts\/15997"}],"collection":[{"href":"https:\/\/numerabilis.u-paris.fr\/medica\/blog\/index.php\/wp-json\/wp\/v2\/posts"}],"about":[{"href":"https:\/\/numerabilis.u-paris.fr\/medica\/blog\/index.php\/wp-json\/wp\/v2\/types\/post"}],"author":[{"embeddable":true,"href":"https:\/\/numerabilis.u-paris.fr\/medica\/blog\/index.php\/wp-json\/wp\/v2\/users\/18"}],"replies":[{"embeddable":true,"href":"https:\/\/numerabilis.u-paris.fr\/medica\/blog\/index.php\/wp-json\/wp\/v2\/comments?post=15997"}],"version-history":[{"count":2,"href":"https:\/\/numerabilis.u-paris.fr\/medica\/blog\/index.php\/wp-json\/wp\/v2\/posts\/15997\/revisions"}],"predecessor-version":[{"id":15999,"href":"https:\/\/numerabilis.u-paris.fr\/medica\/blog\/index.php\/wp-json\/wp\/v2\/posts\/15997\/revisions\/15999"}],"wp:attachment":[{"href":"https:\/\/numerabilis.u-paris.fr\/medica\/blog\/index.php\/wp-json\/wp\/v2\/media?parent=15997"}],"wp:term":[{"taxonomy":"category","embeddable":true,"href":"https:\/\/numerabilis.u-paris.fr\/medica\/blog\/index.php\/wp-json\/wp\/v2\/categories?post=15997"},{"taxonomy":"post_tag","embeddable":true,"href":"https:\/\/numerabilis.u-paris.fr\/medica\/blog\/index.php\/wp-json\/wp\/v2\/tags?post=15997"}],"curies":[{"name":"wp","href":"https:\/\/api.w.org\/{rel}","templated":true}]}}