{"id":16434,"date":"2018-03-29T13:21:32","date_gmt":"2018-03-29T11:21:32","guid":{"rendered":"https:\/\/numerabilis.u-paris.fr\/medica\/blog\/?p=16434"},"modified":"2018-03-30T16:41:17","modified_gmt":"2018-03-30T14:41:17","slug":"exposition-lart-potiers-detain-a-bauge","status":"publish","type":"post","link":"https:\/\/numerabilis.u-paris.fr\/medica\/blog\/index.php\/exposition-lart-potiers-detain-a-bauge\/","title":{"rendered":"Exposition \u00ab\u00a0L&rsquo;art des potiers d&rsquo;\u00e9tain\u00a0\u00bb \u00e0 Baug\u00e9-en-Anjou"},"content":{"rendered":"<p><a href=\"https:\/\/numerabilis.u-paris.fr\/medica\/blog\/wp-content\/uploads\/affiche.png\"><img loading=\"lazy\" decoding=\"async\" class=\"size-medium wp-image-16435 alignleft\" src=\"https:\/\/numerabilis.u-paris.fr\/medica\/blog\/wp-content\/uploads\/affiche-211x300.png\" alt=\"\" width=\"211\" height=\"300\" srcset=\"https:\/\/numerabilis.u-paris.fr\/medica\/blog\/wp-content\/uploads\/affiche-211x300.png 211w, https:\/\/numerabilis.u-paris.fr\/medica\/blog\/wp-content\/uploads\/affiche.png 553w\" sizes=\"(max-width: 211px) 85vw, 211px\" \/><\/a><strong>Du 7 avril au 30 septembre 2018<\/strong>, l&rsquo;<a href=\"https:\/\/www.chateau-bauge.fr\/hotel-dieu\/la-visite\/\" target=\"_blank\" rel=\"noopener noreferrer\"><strong>H\u00f4tel-Dieu<\/strong><\/a> de la ville de <a href=\"https:\/\/goo.gl\/maps\/qTQ3XdYL9x22\" target=\"_blank\" rel=\"noopener noreferrer\"><strong>Baug\u00e9-en-Anjou<\/strong><\/a> accueille une exposition temporaire intitul\u00e9e \u00ab<strong>L&rsquo;art des potiers d&rsquo;\u00e9tain au service de la sant\u00e9<\/strong>\u00bb. Cette exposition a pour objectif de montrer au grand public comme aux initi\u00e9s les <strong>nombreux usages de l&rsquo;\u00e9tain dans un H\u00f4tel-Dieu, aussi bien dans la vie quotidienne qu&rsquo;en usage m\u00e9dical et pharmaceutique<\/strong>.<\/p>\n<p>&nbsp;<\/p>\n<p>&nbsp;<\/p>\n<p>&nbsp;<\/p>\n<p><!--more--><\/p>\n<blockquote>\n<figure id=\"attachment_16460\" aria-describedby=\"caption-attachment-16460\" style=\"width: 205px\" class=\"wp-caption alignright\"><a href=\"https:\/\/numerabilis.u-paris.fr\/medica\/blog\/wp-content\/uploads\/seringues.png\"><img loading=\"lazy\" decoding=\"async\" class=\"wp-image-16460 size-medium\" src=\"https:\/\/numerabilis.u-paris.fr\/medica\/blog\/wp-content\/uploads\/seringues-205x300.png\" alt=\"\" width=\"205\" height=\"300\" srcset=\"https:\/\/numerabilis.u-paris.fr\/medica\/blog\/wp-content\/uploads\/seringues-205x300.png 205w, https:\/\/numerabilis.u-paris.fr\/medica\/blog\/wp-content\/uploads\/seringues.png 237w\" sizes=\"(max-width: 205px) 85vw, 205px\" \/><\/a><figcaption id=\"caption-attachment-16460\" class=\"wp-caption-text\">Source : Medic@<\/figcaption><\/figure>\n<p><span style=\"font-size: 12pt;\">Utilis\u00e9 depuis des si\u00e8cles pour l&rsquo;alimentation, les soins ou le confort des maladies, l&rsquo;\u00e9tain trouvait sa place dans tous les H\u00f4tels-Dieu. Cet alliage r\u00e9sistant offrait tous les avantages pour le quotidien des malades et du personnel.<\/span><span style=\"font-size: 12pt;\"><br \/>\nLa plupart du temps les potiers d&rsquo;\u00e9tain ont fa\u00e7onn\u00e9 ce m\u00e9tal avec sobri\u00e9t\u00e9 mais ils ont parfois mis tout leur talent \u00e0 produire des objets somptueusement ouvrag\u00e9s.<br \/>\nPlus de 150 instruments m\u00e9dicaux et de sant\u00e9 sont \u00e0 d\u00e9couvrir : pots \u00e0 bouillon, biberons, seringues \u00e0 clyst\u00e8res ou palettes \u00e0 saigner, t\u00e9tines, assiettes, cuill\u00e8res \u00e0 potion&#8230;<br \/>\nCes objets, pour certains rares ou originaux, sont issus de collections priv\u00e9es mais aussi du Fonds de Dotation pour la valorisation du patrimoine de l&rsquo;Ordre des Pharmaciens.<br \/>\nCe sont de pr\u00e9cieux supports pour \u00e9voquer les actes m\u00e9dicaux, la fabrication et la conservation des m\u00e9dicaments, les soins \u00e0 appliquer aux femmes et aux enfants, l&rsquo;hygi\u00e8ne ou encore l&rsquo;alimentation dans les anciens h\u00f4pitaux.<\/span><\/p><\/blockquote>\n<p>L&rsquo;inauguration de l&rsquo;exposition se fera en pr\u00e9sence de Philippe Chalopin, maire de Baug\u00e9, et de Jacques Grav\u00e9, pr\u00e9sident de l\u2019association\u00a0<strong> <a href=\"http:\/\/www.patrimoine-pharmaceutique.org\" target=\"_blank\" rel=\"noopener noreferrer\">\u00abSauvegarde du Patrimoine Pharmaceutique\u00bb<\/a> <\/strong>. Cette association a \u00e9t\u00e9 fond\u00e9e en 1995 <strong>sous l&rsquo;\u00e9gide de l&rsquo;<a href=\"http:\/\/www.ordre.pharmacien.fr\/\" target=\"_blank\" rel=\"noopener noreferrer\">Ordre National des Pharmaciens<\/a> et de la <a href=\"http:\/\/www.shp-asso.org\/\" target=\"_blank\" rel=\"noopener noreferrer\">Soci\u00e9t\u00e9 d&rsquo;Histoire de la Pharmacie<\/a><\/strong>. Elle est charg\u00e9e <strong>de la valorisation et de la conservation de tout objet utile \u00e0 la connaissance de l&rsquo;histoire de la pharmacie et des sciences<\/strong>, afin de <strong>sensibiliser la profession pharmaceutique<\/strong> envers son patrimoine historique et de <strong>valoriser la profession<\/strong> au regard du grand public \u00e0 travers des expositions, des conf\u00e9rences et des publications.<a href=\"https:\/\/numerabilis.u-paris.fr\/medica\/blog\/wp-content\/uploads\/logo.png\"><img loading=\"lazy\" decoding=\"async\" class=\"wp-image-16436 aligncenter\" src=\"https:\/\/numerabilis.u-paris.fr\/medica\/blog\/wp-content\/uploads\/logo-300x93.png\" alt=\"\" width=\"348\" height=\"108\" srcset=\"https:\/\/numerabilis.u-paris.fr\/medica\/blog\/wp-content\/uploads\/logo-300x93.png 300w, https:\/\/numerabilis.u-paris.fr\/medica\/blog\/wp-content\/uploads\/logo-768x239.png 768w, https:\/\/numerabilis.u-paris.fr\/medica\/blog\/wp-content\/uploads\/logo.png 781w\" sizes=\"(max-width: 348px) 85vw, 348px\" \/><\/a><\/p>\n<h2>Informations pratiques<\/h2>\n<p>Exposition visible tous les jours.<\/p>\n<ul>\n<li>Du <strong>7 avril au 17 juin : de 14h \u00e0 18h<\/strong>.<\/li>\n<li>Du <strong>18 juin au 2 septembre : de 10h \u00e0 12h30 et de 13h30 \u00e0 18h<\/strong>.<\/li>\n<li>Du <strong>3 au 14 septembre : de 14h \u00e0 18h<\/strong>.<\/li>\n<li>Les <strong>15 et 16 septembre<\/strong> (<em>Journ\u00e9es Europ\u00e9ennes du Patrimoine<\/em>) <strong>: de 10h \u00e0 12h30 et de 13h30 \u00e0 18h<\/strong>.<\/li>\n<\/ul>\n<p>Tarifs :<\/p>\n<ul>\n<li>Exposition seule : 3 \u20ac.<\/li>\n<li>Exposition et visite de l&rsquo;H\u00f4tel-Dieu : 7,50 \u20ac pour un adulte en plein tarif, 6 \u20ac pour un adulte en tarif r\u00e9duit, 3 \u20ac pour un enfant de 7 \u00e0 14 ans et 18 \u20ac pour une famille comptant deux adultes et deux enfants.<\/li>\n<\/ul>\n<h2>Pour aller plus loin<\/h2>\n<figure id=\"attachment_16463\" aria-describedby=\"caption-attachment-16463\" style=\"width: 300px\" class=\"wp-caption alignleft\"><a href=\"https:\/\/numerabilis.u-paris.fr\/medica\/blog\/wp-content\/uploads\/tubes.png\"><img loading=\"lazy\" decoding=\"async\" class=\"size-medium wp-image-16463\" src=\"https:\/\/numerabilis.u-paris.fr\/medica\/blog\/wp-content\/uploads\/tubes-300x193.png\" alt=\"\" width=\"300\" height=\"193\" srcset=\"https:\/\/numerabilis.u-paris.fr\/medica\/blog\/wp-content\/uploads\/tubes-300x193.png 300w, https:\/\/numerabilis.u-paris.fr\/medica\/blog\/wp-content\/uploads\/tubes.png 628w\" sizes=\"(max-width: 300px) 85vw, 300px\" \/><\/a><figcaption id=\"caption-attachment-16463\" class=\"wp-caption-text\">Source : Medic@<\/figcaption><\/figure>\n<p>Retrouvez le dossier de presse de l&rsquo;inauguration : <a href=\"https:\/\/numerabilis.u-paris.fr\/medica\/blog\/wp-content\/uploads\/Inauguration-Dossier-de-Presse.pdf\" target=\"_blank\" rel=\"noopener noreferrer\">ici<\/a>.<\/p>\n<p>Consultez le site internet du ch\u00e2teau et de l&rsquo;apothicairerie de Baug\u00e9-en-Anjou : <a href=\"http:\/\/www.chateau-bauge.fr\/\" target=\"_blank\" rel=\"noopener noreferrer\">ici<\/a>.<\/p>\n<p>Quelques ouvrages sur <strong>les potiers d&rsquo;\u00e9tains et l&rsquo;utilisation de l&rsquo;\u00e9tain<\/strong> \u00e0 la BIU Sant\u00e9 :<\/p>\n<ul>\n<li style=\"list-style-type: none;\">\n<ul>\n<li>ARTCURIAL. <em>Objets de pharmacie (collection \u00c9mile Monal et \u00e0 divers), histoire naturelle, \u00e9tain : vente no 2981, Paris, H\u00f4tel Drouot, lundi 11 avril 2016<\/em>. Paris : Artcurial, 2016, 62 p. <a href=\"https:\/\/www.biusante.parisdescartes.fr\/ppn?192533045\" target=\"_blank\" rel=\"noopener noreferrer\">Cote au p\u00f4le Pharmacie : 120639<\/a>.<\/li>\n<li>RENNER, Claude. <em>Histoire illustr\u00e9e des \u00e9tains m\u00e9dicaux<\/em>. Paris : \u00c9ditions g\u00e9n\u00e9alogiques de la Vo\u00fbte, 2010, 80 p. <a href=\"https:\/\/www.biusante.parisdescartes.fr\/ppn?14677342X\" target=\"_blank\" rel=\"noopener noreferrer\">Cote au p\u00f4le Pharmacie : 119915 ; cote au p\u00f4le M\u00e9decine : 156766\/378-10<\/a>.<a href=\"https:\/\/numerabilis.u-paris.fr\/medica\/blog\/wp-content\/uploads\/Capture-3.png\"><img loading=\"lazy\" decoding=\"async\" class=\"size-medium wp-image-16483 alignright\" src=\"https:\/\/numerabilis.u-paris.fr\/medica\/blog\/wp-content\/uploads\/Capture-3-122x300.png\" alt=\"\" width=\"122\" height=\"300\" srcset=\"https:\/\/numerabilis.u-paris.fr\/medica\/blog\/wp-content\/uploads\/Capture-3-122x300.png 122w, https:\/\/numerabilis.u-paris.fr\/medica\/blog\/wp-content\/uploads\/Capture-3.png 334w\" sizes=\"(max-width: 122px) 85vw, 122px\" \/><\/a><\/li>\n<li>F\u00c9LIX, Jules. <em>Des avantages du pansement m\u00e9tallique \u00e0 feuilles d&rsquo;\u00e9tain dans la chirurgie des arm\u00e9es<br \/>\n<\/em>. Gand : Imprimerie Eug. Vanderhaeghen, 1884, 36 p. <a href=\"https:\/\/www.biusante.parisdescartes.fr\/ppn?117822043\" target=\"_blank\" rel=\"noopener noreferrer\">Cote au p\u00f4le M\u00e9decine : 90958 t. 888 n. 11<\/a>.<\/li>\n<li><em>G<\/em>OBLEY, Nicolas Th\u00e9odore. <em>Recherches sur la poterie d&rsquo;\u00e9tain et les \u00e9tamages<\/em>. Paris : J.-B. Bailli\u00e8re, 1868. <a href=\"https:\/\/www.biusante.parisdescartes.fr\/ppn?115756531\" target=\"_blank\" rel=\"noopener noreferrer\">Cote au p\u00f4le Pharmacie\u00a0 : 17442 ; cote au p\u00f4le M\u00e9decine : 90954 t. 13 n. 3<\/a>.<\/li>\n<li><em>S<\/em>AGE, Balthasar-Georges. <em>Observations sur l&#8217;emploi du zinc : preuves de l&rsquo;innocuit\u00e9 de ce m\u00e9tal ; n\u00e9cessit\u00e9 de le substituer au cuivre, au bismuth et au plomb, avec lesquels les Potiers d&rsquo;\u00e9tain allient ce m\u00e9tal pour lui procurer plus de solidit\u00e9<\/em>. Paris : H. Agasse, 1809. <a href=\"https:\/\/www.biusante.parisdescartes.fr\/ppn?12102833X\" target=\"_blank\" rel=\"noopener noreferrer\">Cote au p\u00f4le Pharmacie : 34545 (4)<\/a>.<\/li>\n<li><em>Sentence du Pr\u00e9vots de Paris du 10 juillet 1606. Confirm\u00e9e par arrest de la Cour de parlement du 18 mars 1608. au profit des maistres et gardes espiciers et apothicaires-espiciers de Paris, contre les jurez potiers-d&rsquo;estain de laditte ville pour la visite de leurs poids.\u00a0<\/em>1608, 3p. <a href=\"https:\/\/www.biusante.parisdescartes.fr\/ppn?140362894\" target=\"_blank\" rel=\"noopener noreferrer\">Cote au p\u00f4le Pharmacie : 20339<\/a>.<\/li>\n<\/ul>\n<\/li>\n<\/ul>\n<div id=\"schema_block\" class=\"schema_event\"><div itemscope itemtype=\"http:\/\/schema.org\/Event\"><div class=\"schema_name\" itemprop=\"name\">L'art des potiers d'\u00e9tain au service de la sant\u00e9<\/div><div class=\"schema_description\" itemprop=\"description\">Exposition temporaire<\/div><div><meta itemprop=\"startDate\" content=\"2018-04-07\">Debut: 04\/07\/2018<\/div><div><meta itemprop=\"endDate\" content=\"2018-09-30:00.000\">Fin: 09\/30\/2018<\/div><\/div><div itemprop=\"address\" itemscope itemtype=\"http:\/\/schema.org\/PostalAddress\"><div class=\"street\" itemprop=\"streetAddress\">Place de l'Europe<\/div><div class=\"city_state\"><span class=\"locale\" itemprop=\"addressLocality\">Baug\u00e9<\/span><\/div><div class=\"postalcode\" itemprop=\"postalCode\">49150<\/div><div class=\"country\" itemprop=\"addressCountry\">FR<\/div><\/div><\/div>\n","protected":false},"excerpt":{"rendered":"<p>Du 7 avril au 30 septembre 2018, l&rsquo;H\u00f4tel-Dieu de la ville de Baug\u00e9-en-Anjou accueille une exposition temporaire intitul\u00e9e \u00abL&rsquo;art des potiers d&rsquo;\u00e9tain au service de la sant\u00e9\u00bb. Cette exposition a pour objectif de montrer au grand public comme aux initi\u00e9s les nombreux usages de l&rsquo;\u00e9tain dans un H\u00f4tel-Dieu, aussi bien dans la vie quotidienne qu&rsquo;en &hellip; <a href=\"https:\/\/numerabilis.u-paris.fr\/medica\/blog\/index.php\/exposition-lart-potiers-detain-a-bauge\/\" class=\"more-link\">Continuer la lecture<span class=\"screen-reader-text\"> de &laquo;&nbsp;Exposition \u00ab\u00a0L&rsquo;art des potiers d&rsquo;\u00e9tain\u00a0\u00bb \u00e0 Baug\u00e9-en-Anjou&nbsp;&raquo;<\/span><\/a><\/p>\n","protected":false},"author":18,"featured_media":0,"comment_status":"open","ping_status":"open","sticky":false,"template":"","format":"standard","meta":{"_monsterinsights_skip_tracking":false,"_monsterinsights_sitenote_active":false,"_monsterinsights_sitenote_note":"","_monsterinsights_sitenote_category":0,"footnotes":""},"categories":[7,15],"tags":[10,12],"class_list":["post-16434","post","type-post","status-publish","format-standard","hentry","category-histoiresante","category-pharmacie-biologie-cosmetologie","tag-exposition","tag-histoire-de-la-pharmacie"],"_links":{"self":[{"href":"https:\/\/numerabilis.u-paris.fr\/medica\/blog\/index.php\/wp-json\/wp\/v2\/posts\/16434"}],"collection":[{"href":"https:\/\/numerabilis.u-paris.fr\/medica\/blog\/index.php\/wp-json\/wp\/v2\/posts"}],"about":[{"href":"https:\/\/numerabilis.u-paris.fr\/medica\/blog\/index.php\/wp-json\/wp\/v2\/types\/post"}],"author":[{"embeddable":true,"href":"https:\/\/numerabilis.u-paris.fr\/medica\/blog\/index.php\/wp-json\/wp\/v2\/users\/18"}],"replies":[{"embeddable":true,"href":"https:\/\/numerabilis.u-paris.fr\/medica\/blog\/index.php\/wp-json\/wp\/v2\/comments?post=16434"}],"version-history":[{"count":20,"href":"https:\/\/numerabilis.u-paris.fr\/medica\/blog\/index.php\/wp-json\/wp\/v2\/posts\/16434\/revisions"}],"predecessor-version":[{"id":16511,"href":"https:\/\/numerabilis.u-paris.fr\/medica\/blog\/index.php\/wp-json\/wp\/v2\/posts\/16434\/revisions\/16511"}],"wp:attachment":[{"href":"https:\/\/numerabilis.u-paris.fr\/medica\/blog\/index.php\/wp-json\/wp\/v2\/media?parent=16434"}],"wp:term":[{"taxonomy":"category","embeddable":true,"href":"https:\/\/numerabilis.u-paris.fr\/medica\/blog\/index.php\/wp-json\/wp\/v2\/categories?post=16434"},{"taxonomy":"post_tag","embeddable":true,"href":"https:\/\/numerabilis.u-paris.fr\/medica\/blog\/index.php\/wp-json\/wp\/v2\/tags?post=16434"}],"curies":[{"name":"wp","href":"https:\/\/api.w.org\/{rel}","templated":true}]}}