{"id":16445,"date":"2018-03-26T15:16:07","date_gmt":"2018-03-26T13:16:07","guid":{"rendered":"https:\/\/numerabilis.u-paris.fr\/medica\/blog\/?p=16445"},"modified":"2018-03-28T12:47:36","modified_gmt":"2018-03-28T10:47:36","slug":"fermeture-pole-medecine-a-15h-293","status":"publish","type":"post","link":"https:\/\/numerabilis.u-paris.fr\/medica\/blog\/index.php\/fermeture-pole-medecine-a-15h-293\/","title":{"rendered":"Fermeture de la BIU Sant\u00e9 (29\/3 apr\u00e8s-midi)"},"content":{"rendered":"<p><strong>Attention, <\/strong>le <strong>p\u00f4le M\u00e9decine<\/strong> de la Biblioth\u00e8que Interuniversitaire de Sant\u00e9 (<em>12, rue de l\u2019\u00c9cole-de-M\u00e9decine)<\/em> <strong>fermera exceptionnellement \u00e0 15h <\/strong>au lieu de 20h,<strong> le jeudi 29 mars 2018<\/strong>.<\/p>\n<p>Le <strong>p\u00f4le Pharmacie<\/strong> (4, avenue de l&rsquo;Observatoire) <strong>fermera exceptionnellement \u00e0 17h\u00a0<\/strong>au lieu de 20h,<strong>\u00a0le jeudi 29 mars 2018<\/strong>.<\/p>\n<p>La Salle Fialon fermera \u00e0 18h.<\/p>\n<p><a class=\"fancybox image\" href=\"https:\/\/numerabilis.u-paris.fr\/medica\/blog\/wp-content\/uploads\/medecine-ext-600.jpg\"><img loading=\"lazy\" decoding=\"async\" class=\"aligncenter size-full wp-image-6632\" title=\"medecine-ext-600\" src=\"https:\/\/numerabilis.u-paris.fr\/medica\/blog\/wp-content\/uploads\/medecine-ext-600.jpg\" sizes=\"(max-width: 709px) 85vw, (max-width: 909px) 67vw, (max-width: 984px) 61vw, (max-width: 1362px) 45vw, 600px\" srcset=\"https:\/\/numerabilis.u-paris.fr\/medica\/blog\/wp-content\/uploads\/medecine-ext-600.jpg 600w, https:\/\/numerabilis.u-paris.fr\/medica\/blog\/wp-content\/uploads\/medecine-ext-600-300x194.jpg 300w\" alt=\"\" width=\"600\" height=\"389\" \/><\/a><\/p>\n<p>La biblioth\u00e8que rouvrira le <strong>vendredi 30 mars \u00e0 9h.<\/strong><\/p>\n<p><em>Nous vous prions de nous excuser pour la g\u00eane occasionn\u00e9e<\/em>.<\/p>\n","protected":false},"excerpt":{"rendered":"<p>Attention, le p\u00f4le M\u00e9decine de la Biblioth\u00e8que Interuniversitaire de Sant\u00e9 (12, rue de l\u2019\u00c9cole-de-M\u00e9decine) fermera exceptionnellement \u00e0 15h au lieu de 20h, le jeudi 29 mars 2018. Le p\u00f4le Pharmacie (4, avenue de l&rsquo;Observatoire) fermera exceptionnellement \u00e0 17h\u00a0au lieu de 20h,\u00a0le jeudi 29 mars 2018. La Salle Fialon fermera \u00e0 18h. La biblioth\u00e8que rouvrira le &hellip; <a href=\"https:\/\/numerabilis.u-paris.fr\/medica\/blog\/index.php\/fermeture-pole-medecine-a-15h-293\/\" class=\"more-link\">Continuer la lecture<span class=\"screen-reader-text\"> de &laquo;&nbsp;Fermeture de la BIU Sant\u00e9 (29\/3 apr\u00e8s-midi)&nbsp;&raquo;<\/span><\/a><\/p>\n","protected":false},"author":18,"featured_media":0,"comment_status":"open","ping_status":"open","sticky":false,"template":"","format":"standard","meta":{"_monsterinsights_skip_tracking":false,"_monsterinsights_sitenote_active":false,"_monsterinsights_sitenote_note":"","_monsterinsights_sitenote_category":0,"footnotes":""},"categories":[14],"tags":[43],"class_list":["post-16445","post","type-post","status-publish","format-standard","hentry","category-medecine-odontologie","tag-acces"],"_links":{"self":[{"href":"https:\/\/numerabilis.u-paris.fr\/medica\/blog\/index.php\/wp-json\/wp\/v2\/posts\/16445"}],"collection":[{"href":"https:\/\/numerabilis.u-paris.fr\/medica\/blog\/index.php\/wp-json\/wp\/v2\/posts"}],"about":[{"href":"https:\/\/numerabilis.u-paris.fr\/medica\/blog\/index.php\/wp-json\/wp\/v2\/types\/post"}],"author":[{"embeddable":true,"href":"https:\/\/numerabilis.u-paris.fr\/medica\/blog\/index.php\/wp-json\/wp\/v2\/users\/18"}],"replies":[{"embeddable":true,"href":"https:\/\/numerabilis.u-paris.fr\/medica\/blog\/index.php\/wp-json\/wp\/v2\/comments?post=16445"}],"version-history":[{"count":7,"href":"https:\/\/numerabilis.u-paris.fr\/medica\/blog\/index.php\/wp-json\/wp\/v2\/posts\/16445\/revisions"}],"predecessor-version":[{"id":16481,"href":"https:\/\/numerabilis.u-paris.fr\/medica\/blog\/index.php\/wp-json\/wp\/v2\/posts\/16445\/revisions\/16481"}],"wp:attachment":[{"href":"https:\/\/numerabilis.u-paris.fr\/medica\/blog\/index.php\/wp-json\/wp\/v2\/media?parent=16445"}],"wp:term":[{"taxonomy":"category","embeddable":true,"href":"https:\/\/numerabilis.u-paris.fr\/medica\/blog\/index.php\/wp-json\/wp\/v2\/categories?post=16445"},{"taxonomy":"post_tag","embeddable":true,"href":"https:\/\/numerabilis.u-paris.fr\/medica\/blog\/index.php\/wp-json\/wp\/v2\/tags?post=16445"}],"curies":[{"name":"wp","href":"https:\/\/api.w.org\/{rel}","templated":true}]}}