{"id":16516,"date":"2018-04-05T15:09:51","date_gmt":"2018-04-05T13:09:51","guid":{"rendered":"https:\/\/numerabilis.u-paris.fr\/medica\/blog\/?p=16516"},"modified":"2018-04-05T16:43:40","modified_gmt":"2018-04-05T14:43:40","slug":"avril-danse-dievx-grecs","status":"publish","type":"post","link":"https:\/\/numerabilis.u-paris.fr\/medica\/blog\/index.php\/avril-danse-dievx-grecs\/","title":{"rendered":"En avril, danse avec les Dievx (grecs)"},"content":{"rendered":"<h2>\u03a6\u03bf\u03c1\u03ac\u03bd \u03c0\u03b1\u03c1\u03ac \u03c6\u03bf\u03c1\u03ac\u03bd<\/h2>\n<p><a href=\"https:\/\/numerabilis.u-paris.fr\/medica\/blog\/wp-content\/uploads\/calendrier-avril-2018.jpg\"><img loading=\"lazy\" decoding=\"async\" class=\"alignright size-medium wp-image-16524\" src=\"https:\/\/numerabilis.u-paris.fr\/medica\/blog\/wp-content\/uploads\/calendrier-avril-2018-211x300.jpg\" alt=\"\" width=\"211\" height=\"300\" srcset=\"https:\/\/numerabilis.u-paris.fr\/medica\/blog\/wp-content\/uploads\/calendrier-avril-2018-211x300.jpg 211w, https:\/\/numerabilis.u-paris.fr\/medica\/blog\/wp-content\/uploads\/calendrier-avril-2018.jpg 443w\" sizes=\"(max-width: 211px) 85vw, 211px\" \/><\/a><a href=\"https:\/\/numerabilis.u-paris.fr\/medica\/blog\/wp-content\/uploads\/calendrier-avril-2018.pdf\" target=\"_blank\" rel=\"noopener noreferrer\">T\u00e9l\u00e9charger le calendrier d&rsquo;avril 2018<\/a>.<\/p>\n<p>Plutarque a fourni une description de la <em><strong>danse antique<\/strong><\/em>, analys\u00e9e par <strong>Jean Nogu\u00e9<\/strong> dans le <a href=\"https:\/\/www.persee.fr\/doc\/bch_0007-4217_1937_num_61_1_2724\" target=\"_blank\" rel=\"noopener noreferrer\">Bulletin de correspondance hell\u00e9nique<\/a> en 1937. Il \u00e9voque les positions, les mouvements et m\u00eame les temps o\u00f9 le danseur, selon l\u2019expression de <strong>Reinach<\/strong> reprise par Nogu\u00e9, <em>\u00abtient la note<\/em>\u00bb.<\/p>\n<p>Au XIX<sup>e<\/sup> si\u00e8cle, <strong>Maurice Emmanuel<\/strong> s\u2019int\u00e9resse \u00e0 la danse antique selon une approche reconstructionniste. Il collabore alors avec <a href=\"https:\/\/fr.wikipedia.org\/wiki\/%C3%89tienne-Jules_Marey\" target=\"_blank\" rel=\"noopener noreferrer\">\u00c9tienne-Jules Marey<\/a>, et tous deux emploient la <strong>chronophotographie<\/strong> pour retrouver, non seulement le mouvement du corps mais aussi celui du tissu du v\u00eatement, comme en t\u00e9moigne l\u2019image choisie pour notre calendrier d\u2019avril. Mais Emmanuel ne s\u2019appuie pas sur les sources litt\u00e9raires, comme le texte de Plutarque, qu\u2019il consid\u00e8re comme peu fiables. Il pr\u00e9f\u00e8re les sources visuelles, quitte \u00e0 en assembler plusieurs diff\u00e9rentes. Il a \u00e9galement recours \u00e0 la danse contemporaine, gr\u00e2ce \u00e0 l\u2019aide de <a href=\"https:\/\/fr.wikipedia.org\/wiki\/Joseph_Hansen_(danseur)\" target=\"_blank\" rel=\"noopener noreferrer\"><strong>Joseph Hansen<\/strong><\/a>, ma\u00eetre de ballets de l\u2019Op\u00e9ra de Paris, pour retrouver les gestes perdus de l\u2019Antiquit\u00e9.<\/p>\n<p>Au d\u00e9but du XX<sup>e<\/sup> si\u00e8cle, <a href=\"https:\/\/fr.wikipedia.org\/wiki\/Georges_Demen%C3%BF\" target=\"_blank\" rel=\"noopener noreferrer\"><strong>Georges Demen\u00ff<\/strong><\/a> reprend les \u00e9tudes de Maurice Emmanuel et compare quant \u00e0 lui les attitudes des danseurs grecs, tels qu\u2019ils avaient \u00e9t\u00e9 reconstitu\u00e9s au XIX<sup>e<\/sup> si\u00e8cle, \u00e0 des mouvements de gymnastiques.<\/p>\n<figure id=\"attachment_16518\" aria-describedby=\"caption-attachment-16518\" style=\"width: 453px\" class=\"wp-caption aligncenter\"><img loading=\"lazy\" decoding=\"async\" class=\"wp-image-16518 size-full\" style=\"border: 1px solid black;\" src=\"https:\/\/numerabilis.u-paris.fr\/medica\/blog\/wp-content\/uploads\/danse.jpg\" alt=\"\" width=\"453\" height=\"199\" srcset=\"https:\/\/numerabilis.u-paris.fr\/medica\/blog\/wp-content\/uploads\/danse.jpg 453w, https:\/\/numerabilis.u-paris.fr\/medica\/blog\/wp-content\/uploads\/danse-300x132.jpg 300w\" sizes=\"(max-width: 453px) 85vw, 453px\" \/><figcaption id=\"caption-attachment-16518\" class=\"wp-caption-text\">G. Demen\u00ff, M\u00e9canisme et \u00e9ducation des mouvements, Paris, F. Alcan, 1904. Cote BIU Sant\u00e9 : 5565<\/figcaption><\/figure>\n<p>\u00c0 la fin des ann\u00e9es 1960, la danse antique fait l\u2019objet de nouvelles \u00e9tudes de <a href=\"https:\/\/www.persee.fr\/doc\/reg_0035-2039_1967_num_80_379_3954\" target=\"_blank\" rel=\"noopener noreferrer\">Louis S\u00e9chan<\/a> et les travaux d\u2019Emmanuel et Marey ont \u00e9t\u00e9 analys\u00e9s r\u00e9cemment, dans un <a href=\"http:\/\/journals.openedition.org\/inha\/4681\" target=\"_blank\" rel=\"noopener noreferrer\">article d\u2019Audrey Gouy<\/a> qui nous a servi de support et dans un <a href=\"https:\/\/hal.archives-ouvertes.fr\/hal-01127994\" target=\"_blank\" rel=\"noopener noreferrer\">article de Josette Ueberschlag<\/a>.<\/p>\n<p>Les reconstitutions du XIX<sup>e<\/sup> si\u00e8cle sont s\u00fbrement moins les t\u00e9moins de la r\u00e9alit\u00e9 de la danse antique que de la mani\u00e8re dont ce si\u00e8cle s\u2019est appropri\u00e9 l\u2019Antiquit\u00e9. En effet, bien qu\u2019il soit possible de reconstituer les conventions au moyen des sources, si la danse exprime les \u00ab<em>mouvements de l\u2019\u00e2me<\/em>\u00bb<a href=\"#_ftn1\" name=\"_ftnref1\">[1]<\/a>, peut-on esp\u00e9rer reconstruire et comprendre, \u00e0 tant de si\u00e8cles de distance, <strong>\u00ab<em>l\u2019\u00e2me<\/em>\u00bb de la Gr\u00e8ce antique<\/strong>\u00a0 ?<\/p>\n<p>C\u2019est une question que nous aurions pu poser \u00e0 <strong>M. Guy Cobolet<\/strong>, lui qui a exerc\u00e9 pendant six ans \u00e0 l\u2019\u00c9cole fran\u00e7aise d\u2019Ath\u00e8nes avant de prendre la direction de la BIU Sant\u00e9 de 2000 \u00e0 2018. Nous souhaitons d\u2019ailleurs lui d\u00e9dier les DIEVX du mois d\u2019avril et le remercier, personnellement, pour la confiance qu\u2019il nous a accord\u00e9e et pour son soutien dans tous nos projets, de ce simple calendrier \u00e0 <a href=\"https:\/\/numerabilis.u-paris.fr\/medica\/blog\/index.php\/actes-journee-detude-fecit-ex-natura\/\" target=\"_blank\" rel=\"noopener noreferrer\">la journ\u00e9e d\u2019\u00e9tude <em>Fecit ex natura<\/em><\/a>, entre autres.<\/p>\n<p style=\"text-align: right;\"><a href=\"https:\/\/twitter.com\/Chloeinthemood\" target=\"_blank\" rel=\"noopener noreferrer\">Chlo\u00e9 Perrot<\/a><\/p>\n<p><a href=\"#_ftnref1\" name=\"_ftn1\">[1]<\/a> Nous empruntons ces mots \u00e0 la pr\u00e9sentation de l\u2019exposition <a href=\"http:\/\/presse.louvre.fr\/corps-en-mouvement-la-danse-au-musee\/\" target=\"_blank\" rel=\"noopener noreferrer\">Corps en mouvement<\/a>, qui s&rsquo;est tenue au Louvre du 6 octobre 2016 au 3 juillet 2017.<\/p>\n<h2>En savoir plus<\/h2>\n<p><a href=\"https:\/\/www.biusante.parisdescartes.fr\/histoire\/medica\/marey\/index.php\" target=\"_blank\" rel=\"noopener noreferrer\">Les documents sur \u00c9tienne-Jules Marey \u00e0 la BIU Sant\u00e9<\/a><\/p>\n<p><a href=\"https:\/\/www3.biusante.parisdescartes.fr\/marey\/debut.htm\" target=\"_blank\" rel=\"noopener noreferrer\">La science du mouvement et l&rsquo;image du temps, 473 plaques photographiques d\u2019\u00c9tienne-Jules Marey<\/a> (exposition virtuelle BIU Sant\u00e9)<\/p>\n<p>&nbsp;<\/p>\n","protected":false},"excerpt":{"rendered":"<p>\u03a6\u03bf\u03c1\u03ac\u03bd \u03c0\u03b1\u03c1\u03ac \u03c6\u03bf\u03c1\u03ac\u03bd T\u00e9l\u00e9charger le calendrier d&rsquo;avril 2018. Plutarque a fourni une description de la danse antique, analys\u00e9e par Jean Nogu\u00e9 dans le Bulletin de correspondance hell\u00e9nique en 1937. Il \u00e9voque les positions, les mouvements et m\u00eame les temps o\u00f9 le danseur, selon l\u2019expression de Reinach reprise par Nogu\u00e9, \u00abtient la note\u00bb. Au XIXe si\u00e8cle, &hellip; <a href=\"https:\/\/numerabilis.u-paris.fr\/medica\/blog\/index.php\/avril-danse-dievx-grecs\/\" class=\"more-link\">Continuer la lecture<span class=\"screen-reader-text\"> de &laquo;&nbsp;En avril, danse avec les Dievx (grecs)&nbsp;&raquo;<\/span><\/a><\/p>\n","protected":false},"author":1,"featured_media":0,"comment_status":"open","ping_status":"open","sticky":false,"template":"","format":"standard","meta":{"_monsterinsights_skip_tracking":false,"_monsterinsights_sitenote_active":false,"_monsterinsights_sitenote_note":"","_monsterinsights_sitenote_category":0,"footnotes":""},"categories":[7],"tags":[53,54,167,78,322,182,391],"class_list":["post-16516","post","type-post","status-publish","format-standard","hentry","category-histoiresante","tag-19e-s","tag-20e-s","tag-anatomie","tag-antiquite","tag-calendrier","tag-grece","tag-photographie"],"_links":{"self":[{"href":"https:\/\/numerabilis.u-paris.fr\/medica\/blog\/index.php\/wp-json\/wp\/v2\/posts\/16516"}],"collection":[{"href":"https:\/\/numerabilis.u-paris.fr\/medica\/blog\/index.php\/wp-json\/wp\/v2\/posts"}],"about":[{"href":"https:\/\/numerabilis.u-paris.fr\/medica\/blog\/index.php\/wp-json\/wp\/v2\/types\/post"}],"author":[{"embeddable":true,"href":"https:\/\/numerabilis.u-paris.fr\/medica\/blog\/index.php\/wp-json\/wp\/v2\/users\/1"}],"replies":[{"embeddable":true,"href":"https:\/\/numerabilis.u-paris.fr\/medica\/blog\/index.php\/wp-json\/wp\/v2\/comments?post=16516"}],"version-history":[{"count":7,"href":"https:\/\/numerabilis.u-paris.fr\/medica\/blog\/index.php\/wp-json\/wp\/v2\/posts\/16516\/revisions"}],"predecessor-version":[{"id":16529,"href":"https:\/\/numerabilis.u-paris.fr\/medica\/blog\/index.php\/wp-json\/wp\/v2\/posts\/16516\/revisions\/16529"}],"wp:attachment":[{"href":"https:\/\/numerabilis.u-paris.fr\/medica\/blog\/index.php\/wp-json\/wp\/v2\/media?parent=16516"}],"wp:term":[{"taxonomy":"category","embeddable":true,"href":"https:\/\/numerabilis.u-paris.fr\/medica\/blog\/index.php\/wp-json\/wp\/v2\/categories?post=16516"},{"taxonomy":"post_tag","embeddable":true,"href":"https:\/\/numerabilis.u-paris.fr\/medica\/blog\/index.php\/wp-json\/wp\/v2\/tags?post=16516"}],"curies":[{"name":"wp","href":"https:\/\/api.w.org\/{rel}","templated":true}]}}