{"id":16944,"date":"2018-06-12T16:23:12","date_gmt":"2018-06-12T14:23:12","guid":{"rendered":"https:\/\/numerabilis.u-paris.fr\/medica\/blog\/?p=16944"},"modified":"2018-06-15T10:38:26","modified_gmt":"2018-06-15T08:38:26","slug":"disparition-eric-meyleuc","status":"publish","type":"post","link":"https:\/\/numerabilis.u-paris.fr\/medica\/blog\/index.php\/disparition-eric-meyleuc\/","title":{"rendered":"Disparition d&rsquo;Eric Meyleuc"},"content":{"rendered":"<p>Nous avons la tristesse de vous annoncer le d\u00e9c\u00e8s brutal de notre coll\u00e8gue <strong>\u00c9ric Meyleuc<\/strong>.<\/p>\n<p><a href=\"https:\/\/numerabilis.u-paris.fr\/medica\/blog\/wp-content\/uploads\/eric.jpg\"><img loading=\"lazy\" decoding=\"async\" class=\"alignright size-medium wp-image-16946\" src=\"https:\/\/numerabilis.u-paris.fr\/medica\/blog\/wp-content\/uploads\/eric-224x300.jpg\" alt=\"\" width=\"224\" height=\"300\" srcset=\"https:\/\/numerabilis.u-paris.fr\/medica\/blog\/wp-content\/uploads\/eric-224x300.jpg 224w, https:\/\/numerabilis.u-paris.fr\/medica\/blog\/wp-content\/uploads\/eric.jpg 648w\" sizes=\"(max-width: 224px) 85vw, 224px\" \/><\/a>Magasinier principal \u00e0 la BIU Sant\u00e9 depuis 1998, \u00c9ric Meyleuc travaillait au service du Pr\u00eat entre biblioth\u00e8ques. Il venait d&rsquo;avoir 50 ans.<\/p>\n<p>C&rsquo;\u00e9tait aussi un \u00ab<a href=\"http:\/\/les-risques-du-journalisme.over-blog.com\/article-photos-de-la-presentation-d-ombre-de-cristina-castello-gerard-truilhe-65270906.html\" target=\"_blank\" rel=\"noopener noreferrer\"><em>po\u00e8te, com\u00e9dien et diseur<\/em><\/a>\u00bb, passionn\u00e9 de th\u00e9\u00e2tre.<\/p>\n<p>Nous nous associons \u00e0 la douleur de sa famille.<\/p>\n","protected":false},"excerpt":{"rendered":"<p>Nous avons la tristesse de vous annoncer le d\u00e9c\u00e8s brutal de notre coll\u00e8gue \u00c9ric Meyleuc. Magasinier principal \u00e0 la BIU Sant\u00e9 depuis 1998, \u00c9ric Meyleuc travaillait au service du Pr\u00eat entre biblioth\u00e8ques. Il venait d&rsquo;avoir 50 ans. C&rsquo;\u00e9tait aussi un \u00abpo\u00e8te, com\u00e9dien et diseur\u00bb, passionn\u00e9 de th\u00e9\u00e2tre. Nous nous associons \u00e0 la douleur de sa &hellip; <a href=\"https:\/\/numerabilis.u-paris.fr\/medica\/blog\/index.php\/disparition-eric-meyleuc\/\" class=\"more-link\">Continuer la lecture<span class=\"screen-reader-text\"> de &laquo;&nbsp;Disparition d&rsquo;Eric Meyleuc&nbsp;&raquo;<\/span><\/a><\/p>\n","protected":false},"author":1,"featured_media":0,"comment_status":"open","ping_status":"open","sticky":false,"template":"","format":"standard","meta":{"_monsterinsights_skip_tracking":false,"_monsterinsights_sitenote_active":false,"_monsterinsights_sitenote_note":"","_monsterinsights_sitenote_category":0,"footnotes":""},"categories":[14],"tags":[134,233],"class_list":["post-16944","post","type-post","status-publish","format-standard","hentry","category-medecine-odontologie","tag-bibliothecaire","tag-necrologie"],"_links":{"self":[{"href":"https:\/\/numerabilis.u-paris.fr\/medica\/blog\/index.php\/wp-json\/wp\/v2\/posts\/16944"}],"collection":[{"href":"https:\/\/numerabilis.u-paris.fr\/medica\/blog\/index.php\/wp-json\/wp\/v2\/posts"}],"about":[{"href":"https:\/\/numerabilis.u-paris.fr\/medica\/blog\/index.php\/wp-json\/wp\/v2\/types\/post"}],"author":[{"embeddable":true,"href":"https:\/\/numerabilis.u-paris.fr\/medica\/blog\/index.php\/wp-json\/wp\/v2\/users\/1"}],"replies":[{"embeddable":true,"href":"https:\/\/numerabilis.u-paris.fr\/medica\/blog\/index.php\/wp-json\/wp\/v2\/comments?post=16944"}],"version-history":[{"count":3,"href":"https:\/\/numerabilis.u-paris.fr\/medica\/blog\/index.php\/wp-json\/wp\/v2\/posts\/16944\/revisions"}],"predecessor-version":[{"id":16948,"href":"https:\/\/numerabilis.u-paris.fr\/medica\/blog\/index.php\/wp-json\/wp\/v2\/posts\/16944\/revisions\/16948"}],"wp:attachment":[{"href":"https:\/\/numerabilis.u-paris.fr\/medica\/blog\/index.php\/wp-json\/wp\/v2\/media?parent=16944"}],"wp:term":[{"taxonomy":"category","embeddable":true,"href":"https:\/\/numerabilis.u-paris.fr\/medica\/blog\/index.php\/wp-json\/wp\/v2\/categories?post=16944"},{"taxonomy":"post_tag","embeddable":true,"href":"https:\/\/numerabilis.u-paris.fr\/medica\/blog\/index.php\/wp-json\/wp\/v2\/tags?post=16944"}],"curies":[{"name":"wp","href":"https:\/\/api.w.org\/{rel}","templated":true}]}}