{"id":17422,"date":"2018-09-17T14:24:12","date_gmt":"2018-09-17T12:24:12","guid":{"rendered":"https:\/\/numerabilis.u-paris.fr\/medica\/blog\/?p=17422"},"modified":"2019-01-09T09:36:38","modified_gmt":"2019-01-09T08:36:38","slug":"fermeture-pole-medecine-novembre-2018","status":"publish","type":"post","link":"https:\/\/numerabilis.u-paris.fr\/medica\/blog\/index.php\/fermeture-pole-medecine-novembre-2018\/","title":{"rendered":"Fermeture du p\u00f4le M\u00e9decine (1er au 3\/11)"},"content":{"rendered":"<p><a href=\"https:\/\/numerabilis.u-paris.fr\/medica\/blog\/wp-content\/uploads\/electricite.jpeg\"><img loading=\"lazy\" decoding=\"async\" class=\"alignright size-thumbnail wp-image-17423\" src=\"https:\/\/numerabilis.u-paris.fr\/medica\/blog\/wp-content\/uploads\/electricite-150x150.jpeg\" alt=\"\" width=\"150\" height=\"150\" \/><\/a>En raison d&rsquo;une <strong>intervention \u00e9lectrique<\/strong>, le <strong>p\u00f4le M\u00e9decine<\/strong> de la BIU Sant\u00e9 (<em>12, rue de l&rsquo;\u00c9cole-de-M\u00e9decine)<\/em> sera exceptionnellement <strong>ferm\u00e9 du 1<sup>er<\/sup> au 3 novembre 2018 inclus<\/strong>).<\/p>\n<p>Le <strong>p\u00f4le Pharmacie<\/strong> sera lui ouvert normalement le vendredi 2 novembre (<em>de 9h \u00e0 20h<\/em>) et le samedi 3 novembre (<em>de 9h \u00e0 18h30<\/em>) &#8211; mais <strong>ferm\u00e9 le jeudi 1<sup>er<\/sup> novembre<\/strong> (<em>jour f\u00e9ri\u00e9<\/em>).<\/p>\n<p>Nous vous prions de nous excuser pour la g\u00eane occasionn\u00e9e.<\/p>\n","protected":false},"excerpt":{"rendered":"<p>En raison d&rsquo;une intervention \u00e9lectrique, le p\u00f4le M\u00e9decine de la BIU Sant\u00e9 (12, rue de l&rsquo;\u00c9cole-de-M\u00e9decine) sera exceptionnellement ferm\u00e9 du 1er au 3 novembre 2018 inclus). Le p\u00f4le Pharmacie sera lui ouvert normalement le vendredi 2 novembre (de 9h \u00e0 20h) et le samedi 3 novembre (de 9h \u00e0 18h30) &#8211; mais ferm\u00e9 le jeudi &hellip; <a href=\"https:\/\/numerabilis.u-paris.fr\/medica\/blog\/index.php\/fermeture-pole-medecine-novembre-2018\/\" class=\"more-link\">Continuer la lecture<span class=\"screen-reader-text\"> de &laquo;&nbsp;Fermeture du p\u00f4le M\u00e9decine (1er au 3\/11)&nbsp;&raquo;<\/span><\/a><\/p>\n","protected":false},"author":1,"featured_media":0,"comment_status":"open","ping_status":"open","sticky":false,"template":"","format":"standard","meta":{"_monsterinsights_skip_tracking":false,"_monsterinsights_sitenote_active":false,"_monsterinsights_sitenote_note":"","_monsterinsights_sitenote_category":0,"footnotes":""},"categories":[7,14],"tags":[43],"class_list":["post-17422","post","type-post","status-publish","format-standard","hentry","category-histoiresante","category-medecine-odontologie","tag-acces"],"_links":{"self":[{"href":"https:\/\/numerabilis.u-paris.fr\/medica\/blog\/index.php\/wp-json\/wp\/v2\/posts\/17422"}],"collection":[{"href":"https:\/\/numerabilis.u-paris.fr\/medica\/blog\/index.php\/wp-json\/wp\/v2\/posts"}],"about":[{"href":"https:\/\/numerabilis.u-paris.fr\/medica\/blog\/index.php\/wp-json\/wp\/v2\/types\/post"}],"author":[{"embeddable":true,"href":"https:\/\/numerabilis.u-paris.fr\/medica\/blog\/index.php\/wp-json\/wp\/v2\/users\/1"}],"replies":[{"embeddable":true,"href":"https:\/\/numerabilis.u-paris.fr\/medica\/blog\/index.php\/wp-json\/wp\/v2\/comments?post=17422"}],"version-history":[{"count":3,"href":"https:\/\/numerabilis.u-paris.fr\/medica\/blog\/index.php\/wp-json\/wp\/v2\/posts\/17422\/revisions"}],"predecessor-version":[{"id":17428,"href":"https:\/\/numerabilis.u-paris.fr\/medica\/blog\/index.php\/wp-json\/wp\/v2\/posts\/17422\/revisions\/17428"}],"wp:attachment":[{"href":"https:\/\/numerabilis.u-paris.fr\/medica\/blog\/index.php\/wp-json\/wp\/v2\/media?parent=17422"}],"wp:term":[{"taxonomy":"category","embeddable":true,"href":"https:\/\/numerabilis.u-paris.fr\/medica\/blog\/index.php\/wp-json\/wp\/v2\/categories?post=17422"},{"taxonomy":"post_tag","embeddable":true,"href":"https:\/\/numerabilis.u-paris.fr\/medica\/blog\/index.php\/wp-json\/wp\/v2\/tags?post=17422"}],"curies":[{"name":"wp","href":"https:\/\/api.w.org\/{rel}","templated":true}]}}