{"id":17630,"date":"2018-10-10T16:48:00","date_gmt":"2018-10-10T14:48:00","guid":{"rendered":"https:\/\/numerabilis.u-paris.fr\/medica\/blog\/?p=17630"},"modified":"2018-10-11T14:48:32","modified_gmt":"2018-10-11T12:48:32","slug":"actes-du-colloque-sante-et-medecine-a-la-cour-de-france-2017","status":"publish","type":"post","link":"https:\/\/numerabilis.u-paris.fr\/medica\/blog\/index.php\/actes-du-colloque-sante-et-medecine-a-la-cour-de-france-2017\/","title":{"rendered":"Actes du colloque Sant\u00e9 et m\u00e9decine \u00e0 la cour de France (2017)"},"content":{"rendered":"<p>Les <strong>actes\u00a0<\/strong>du <a href=\"https:\/\/numerabilis.u-paris.fr\/medica\/blog\/index.php\/colloque-sante-medecine-cour-de-france-20171019\/\" target=\"_blank\" rel=\"noopener\">colloque international <em>Sant\u00e9 et m\u00e9decine \u00e0 la cour de France<\/em><\/a> viennent d&rsquo;\u00eatre mis en ligne sur le site de la BIU Sant\u00e9.<\/p>\n<p><a href=\"https:\/\/numerabilis.u-paris.fr\/medica\/blog\/wp-content\/uploads\/flyer_couverture_p001.jpg\"><img loading=\"lazy\" decoding=\"async\" class=\"size-medium wp-image-17631 alignright\" src=\"https:\/\/numerabilis.u-paris.fr\/medica\/blog\/wp-content\/uploads\/flyer_couverture_p001-212x300.jpg\" alt=\"\" width=\"212\" height=\"300\" srcset=\"https:\/\/numerabilis.u-paris.fr\/medica\/blog\/wp-content\/uploads\/flyer_couverture_p001-212x300.jpg 212w, https:\/\/numerabilis.u-paris.fr\/medica\/blog\/wp-content\/uploads\/flyer_couverture_p001-768x1086.jpg 768w, https:\/\/numerabilis.u-paris.fr\/medica\/blog\/wp-content\/uploads\/flyer_couverture_p001-724x1024.jpg 724w, https:\/\/numerabilis.u-paris.fr\/medica\/blog\/wp-content\/uploads\/flyer_couverture_p001-1200x1697.jpg 1200w, https:\/\/numerabilis.u-paris.fr\/medica\/blog\/wp-content\/uploads\/flyer_couverture_p001.jpg 1240w\" sizes=\"(max-width: 212px) 85vw, 212px\" \/><\/a>Ces textes, r\u00e9unis par <strong>Stanis Perez<\/strong> et\u00a0 <strong>Jacqueline Vons<\/strong>, sont disponibles <strong>gratuitement<\/strong>, sous la forme d&rsquo;un fichier PDF (<em>184 pages, 5 Mo<\/em>). Chaque intervention est \u00e9galement t\u00e9l\u00e9chargeable de mani\u00e8re ind\u00e9pendante <a href=\"https:\/\/www.biusante.parisdescartes.fr\/histoire\/cour-de-france\/\" target=\"_blank\" rel=\"noopener\">\u00e0 partir de cette page<\/a>.<\/p>\n<p>\u00ab<em>Issu d\u2019un colloque organis\u00e9 en 2017, <strong>Sant\u00e9 et m\u00e9decine \u00e0 la Cour de France<\/strong> rassemble des mat\u00e9riaux et des r\u00e9flexions utiles \u00e0 une meilleure compr\u00e9hension des aspects sanitaires et scientifiques propres \u00e0 la France moderne. Si la sant\u00e9 des souverains \u00e9tait souvent trait\u00e9e comme une affaire d\u2019\u00c9tat, celle des grands, des courtisans et des commensaux ne souffrait pas de n\u00e9gligence pour autant. Observatoire des pratiques m\u00e9dicales et d\u2019une profession tant\u00f4t jalous\u00e9e, tant\u00f4t d\u00e9cri\u00e9e, la cour offre effectivement un point de vue privil\u00e9gi\u00e9 sur les corps souffrants et sur les moyens mis en \u0153uvre pour les prot\u00e9ger, les soulager et les gu\u00e9rir peut-\u00eatre.<br \/>\n\u00c0 partir des recherches les plus r\u00e9centes et d\u2019approches savantes mais r\u00e9solument plurielles, ce volume entend contribuer \u00e0 l\u2019historiographie curiale et m\u00e9dicale du XVIe au XVIIIe si\u00e8cle.\u00bb<\/em><\/p>\n<p>Ont contribu\u00e9 \u00e0 ce volume : \u00c9velyne Berriot-Salvadore, Lo\u00efc Capron, Isabelle Coquillard, Jo\u00ebl Coste, Magdalena Ko\u017aluk, B\u00e9n\u00e9dicte Lecarpentier-Bertrand, Xavier Le Person, Stanis Perez, Jacques Rou\u00ebss\u00e9, Jacqueline Vons, Genevi\u00e8ve Xhayet.<\/p>\n<div id=\"schema_block\" class=\"schema_book\"><div itemscope itemtype=\"http:\/\/schema.org\/Book\"><a class=\"schema_url\" target=\"_blank\" itemprop=\"url\" href=\"https:\/\/www.biusante.parisdescartes.fr\/histoire\/cour-de-france\/\"><div class=\"schema_name\" itemprop=\"name\"><strong>Sant\u00e9 et m\u00e9decine \u00e0 la Cour de <\/strong><strong>France<\/strong> (XVIe-XVIIIe si\u00e8cles)<\/div><\/a><div itemprop=\"author\" itemscope itemtype=\"http:\/\/schema.org\/Person\">Auteur: <span itemprop=\"name\">\u00c9velyne Berriot-Salvadore, Lo\u00efc Capron, Isabelle Coquillard, Jo\u00ebl Coste, Magdalena Ko\u017aluk, B\u00e9n\u00e9dicte Lecarpentier-Bertrand, Xavier Le Person, Stanis Perez, Jacques Rou\u00ebss\u00e9, Jacqueline Vons, Genevi\u00e8ve Xhayet<\/span><\/div><div itemprop=\"publisher\" itemscope itemtype=\"http:\/\/schema.org\/Organization\">Editeur: <span itemprop=\"name\">Biblioth\u00e8que interuniversitaire de Sant\u00e9, Paris<\/span><\/div><div class=\"bday\"><meta itemprop=\"datePublished\" content=\"2018-10-04\">Date de publication: 10\/04\/2018<\/div><div>ISBN: <span itemprop=\"isbn\">978-2-915634-21-1<\/span><\/div><div>Disponible en: <link itemprop=\"bookFormat\" href=\"http:\/\/schema.org\/Ebook\">Ebook <\/div><\/div><\/div>\n","protected":false},"excerpt":{"rendered":"<p>Les actes\u00a0du colloque international Sant\u00e9 et m\u00e9decine \u00e0 la cour de France viennent d&rsquo;\u00eatre mis en ligne sur le site de la BIU Sant\u00e9. Ces textes, r\u00e9unis par Stanis Perez et\u00a0 Jacqueline Vons, sont disponibles gratuitement, sous la forme d&rsquo;un fichier PDF (184 pages, 5 Mo). Chaque intervention est \u00e9galement t\u00e9l\u00e9chargeable de mani\u00e8re ind\u00e9pendante \u00e0 &hellip; <a href=\"https:\/\/numerabilis.u-paris.fr\/medica\/blog\/index.php\/actes-du-colloque-sante-et-medecine-a-la-cour-de-france-2017\/\" class=\"more-link\">Continuer la lecture<span class=\"screen-reader-text\"> de &laquo;&nbsp;Actes du colloque Sant\u00e9 et m\u00e9decine \u00e0 la cour de France (2017)&nbsp;&raquo;<\/span><\/a><\/p>\n","protected":false},"author":1,"featured_media":0,"comment_status":"open","ping_status":"open","sticky":false,"template":"","format":"standard","meta":{"_monsterinsights_skip_tracking":false,"_monsterinsights_sitenote_active":false,"_monsterinsights_sitenote_note":"","_monsterinsights_sitenote_category":0,"footnotes":""},"categories":[7],"tags":[77,87,55,107,360,28,75],"class_list":["post-17630","post","type-post","status-publish","format-standard","hentry","category-histoiresante","tag-16e-s","tag-17e-s","tag-18e-s","tag-colloque-congres-je","tag-ebooks","tag-histoire-de-la-medecine","tag-livre"],"_links":{"self":[{"href":"https:\/\/numerabilis.u-paris.fr\/medica\/blog\/index.php\/wp-json\/wp\/v2\/posts\/17630"}],"collection":[{"href":"https:\/\/numerabilis.u-paris.fr\/medica\/blog\/index.php\/wp-json\/wp\/v2\/posts"}],"about":[{"href":"https:\/\/numerabilis.u-paris.fr\/medica\/blog\/index.php\/wp-json\/wp\/v2\/types\/post"}],"author":[{"embeddable":true,"href":"https:\/\/numerabilis.u-paris.fr\/medica\/blog\/index.php\/wp-json\/wp\/v2\/users\/1"}],"replies":[{"embeddable":true,"href":"https:\/\/numerabilis.u-paris.fr\/medica\/blog\/index.php\/wp-json\/wp\/v2\/comments?post=17630"}],"version-history":[{"count":8,"href":"https:\/\/numerabilis.u-paris.fr\/medica\/blog\/index.php\/wp-json\/wp\/v2\/posts\/17630\/revisions"}],"predecessor-version":[{"id":17641,"href":"https:\/\/numerabilis.u-paris.fr\/medica\/blog\/index.php\/wp-json\/wp\/v2\/posts\/17630\/revisions\/17641"}],"wp:attachment":[{"href":"https:\/\/numerabilis.u-paris.fr\/medica\/blog\/index.php\/wp-json\/wp\/v2\/media?parent=17630"}],"wp:term":[{"taxonomy":"category","embeddable":true,"href":"https:\/\/numerabilis.u-paris.fr\/medica\/blog\/index.php\/wp-json\/wp\/v2\/categories?post=17630"},{"taxonomy":"post_tag","embeddable":true,"href":"https:\/\/numerabilis.u-paris.fr\/medica\/blog\/index.php\/wp-json\/wp\/v2\/tags?post=17630"}],"curies":[{"name":"wp","href":"https:\/\/api.w.org\/{rel}","templated":true}]}}