{"id":1781,"date":"2013-07-02T16:51:18","date_gmt":"2013-07-02T14:51:18","guid":{"rendered":"https:\/\/numerabilis.u-paris.fr\/medica\/blog\/?p=1781"},"modified":"2013-07-02T16:53:47","modified_gmt":"2013-07-02T14:53:47","slug":"exposition-cas-rousseau","status":"publish","type":"post","link":"https:\/\/numerabilis.u-paris.fr\/medica\/blog\/index.php\/exposition-cas-rousseau\/","title":{"rendered":"Le cas Rousseau : exposition au mus\u00e9e d&rsquo;Histoire de la m\u00e9decine"},"content":{"rendered":"<p>C&rsquo;est aujourd&rsquo;hui l&rsquo;anniversaire de la mort de <a title=\"Rousseau dans la base biographique\" href=\"http:\/\/www2.biusante.parisdescartes.fr\/bio\/?cle=4175\" target=\"_blank\">Jean-Jacques Rousseau<\/a> &#8211; et c&rsquo;est \u00e9galement aujourd&rsquo;hui que le <a title=\"Mus\u00e9e d'Histoire de la m\u00e9decine\" href=\"http:\/\/www.parisdescartes.fr\/CULTURE\/Musee-d-Histoire-de-la-Medecine\" target=\"_blank\"><strong>mus\u00e9e d&rsquo;Histoire de la m\u00e9decine<\/strong><\/a> accueille une nouvelle exposition consacr\u00e9e au philosophe, \u00e9crivain et musicien :<\/p>\n<h2>Le cas Rousseau<\/h2>\n<p style=\"text-align: left;\"><a title=\"Le cas Rousseau\" href=\"http:\/\/www.parisdescartes.fr\/Actualite\/Exposition-Le-Cas-Rousseau\" target=\"_blank\"><img loading=\"lazy\" decoding=\"async\" class=\"size-full wp-image-1789 aligncenter\" title=\"cas-rousseau\" src=\"https:\/\/numerabilis.u-paris.fr\/medica\/blog\/wp-content\/uploads\/cas-rousseau.jpg\" alt=\"Affiche Le cas Rousseau\" width=\"484\" height=\"647\" srcset=\"https:\/\/numerabilis.u-paris.fr\/medica\/blog\/wp-content\/uploads\/cas-rousseau.jpg 484w, https:\/\/numerabilis.u-paris.fr\/medica\/blog\/wp-content\/uploads\/cas-rousseau-224x300.jpg 224w\" sizes=\"(max-width: 484px) 85vw, 484px\" \/><\/a>Cette manifestation, qui a d\u00e9j\u00e0 \u00e9t\u00e9 accueillie dans 6 h\u00f4pitaux diff\u00e9rents en France et en Suisse, a \u00e9t\u00e9 con\u00e7ue par <strong>Christine de Bissy<\/strong> et le sc\u00e9nographe <strong>Gilles Lambert<\/strong>.<\/p>\n<p>Elle \u00e9voque les rapports complexes entretenus par Jean-Jacques Rousseau avec la maladie.<\/p>\n<p>Plus de d\u00e9tails dans <a title=\"Dossier de presse Rousseau\" href=\"http:\/\/www.parisdescartes.fr\/content\/download\/17466\/105575\/file\/dossier%20de%20presse.pdf\" target=\"_blank\">le dossier de presse \u00e0 t\u00e9l\u00e9charger en cliquant ici<\/a>.<\/p>\n<p><strong>Ouverture jusqu&rsquo;au 30 septembre 2013<\/strong> : 14h-17h30 sauf jeudi et dimanche (sauf samedi et dimanche du 15 juillet au 31 ao\u00fbt (horaires d&rsquo;\u00e9t\u00e9) &#8211; ferm\u00e9 le 15 ao\u00fbt, jour f\u00e9ri\u00e9).<\/p>\n<p><!--more--><\/p>\n<div id=\"schema_block\" class=\"schema_event\"><div itemscope itemtype=\"http:\/\/schema.org\/EducationEvent\"><a class=\"schema_url\" target=\"_blank\" itemprop=\"url\" href=\"http:\/\/www.parisdescartes.fr\/Actualite\/Exposition-Le-Cas-Rousseau\"><div class=\"schema_name\" itemprop=\"name\">Le cas Rousseau<\/div><\/a><div><meta itemprop=\"startDate\" content=\"2013-07-02\">Debut: 07\/02\/2013<\/div><div><meta itemprop=\"endDate\" content=\"2013-09-30:00.000\">Fin: 09\/30\/2013<\/div><\/div><div itemprop=\"address\" itemscope itemtype=\"http:\/\/schema.org\/PostalAddress\"><div class=\"street\" itemprop=\"streetAddress\">12, rue de l'Ecole-de-M\u00e9decine<\/div><div class=\"city_state\"><span class=\"locale\" itemprop=\"addressLocality\">Paris<\/span>,<span class=\"region\" itemprop=\"addressRegion\"> \u00cele-de-France<\/span><\/div><div class=\"postalcode\" itemprop=\"postalCode\">75006<\/div><div class=\"country\" itemprop=\"addressCountry\">FR<\/div><\/div><\/div>\n","protected":false},"excerpt":{"rendered":"<p>C&rsquo;est aujourd&rsquo;hui l&rsquo;anniversaire de la mort de Jean-Jacques Rousseau &#8211; et c&rsquo;est \u00e9galement aujourd&rsquo;hui que le mus\u00e9e d&rsquo;Histoire de la m\u00e9decine accueille une nouvelle exposition consacr\u00e9e au philosophe, \u00e9crivain et musicien : Le cas Rousseau Cette manifestation, qui a d\u00e9j\u00e0 \u00e9t\u00e9 accueillie dans 6 h\u00f4pitaux diff\u00e9rents en France et en Suisse, a \u00e9t\u00e9 con\u00e7ue par &hellip; <a href=\"https:\/\/numerabilis.u-paris.fr\/medica\/blog\/index.php\/exposition-cas-rousseau\/\" class=\"more-link\">Continuer la lecture<span class=\"screen-reader-text\"> de &laquo;&nbsp;Le cas Rousseau : exposition au mus\u00e9e d&rsquo;Histoire de la m\u00e9decine&nbsp;&raquo;<\/span><\/a><\/p>\n","protected":false},"author":1,"featured_media":1789,"comment_status":"open","ping_status":"open","sticky":false,"template":"","format":"standard","meta":{"_monsterinsights_skip_tracking":false,"_monsterinsights_sitenote_active":false,"_monsterinsights_sitenote_note":"","_monsterinsights_sitenote_category":0,"footnotes":""},"categories":[7],"tags":[10],"class_list":["post-1781","post","type-post","status-publish","format-standard","has-post-thumbnail","hentry","category-histoiresante","tag-exposition"],"_links":{"self":[{"href":"https:\/\/numerabilis.u-paris.fr\/medica\/blog\/index.php\/wp-json\/wp\/v2\/posts\/1781"}],"collection":[{"href":"https:\/\/numerabilis.u-paris.fr\/medica\/blog\/index.php\/wp-json\/wp\/v2\/posts"}],"about":[{"href":"https:\/\/numerabilis.u-paris.fr\/medica\/blog\/index.php\/wp-json\/wp\/v2\/types\/post"}],"author":[{"embeddable":true,"href":"https:\/\/numerabilis.u-paris.fr\/medica\/blog\/index.php\/wp-json\/wp\/v2\/users\/1"}],"replies":[{"embeddable":true,"href":"https:\/\/numerabilis.u-paris.fr\/medica\/blog\/index.php\/wp-json\/wp\/v2\/comments?post=1781"}],"version-history":[{"count":16,"href":"https:\/\/numerabilis.u-paris.fr\/medica\/blog\/index.php\/wp-json\/wp\/v2\/posts\/1781\/revisions"}],"predecessor-version":[{"id":1804,"href":"https:\/\/numerabilis.u-paris.fr\/medica\/blog\/index.php\/wp-json\/wp\/v2\/posts\/1781\/revisions\/1804"}],"wp:featuredmedia":[{"embeddable":true,"href":"https:\/\/numerabilis.u-paris.fr\/medica\/blog\/index.php\/wp-json\/wp\/v2\/media\/1789"}],"wp:attachment":[{"href":"https:\/\/numerabilis.u-paris.fr\/medica\/blog\/index.php\/wp-json\/wp\/v2\/media?parent=1781"}],"wp:term":[{"taxonomy":"category","embeddable":true,"href":"https:\/\/numerabilis.u-paris.fr\/medica\/blog\/index.php\/wp-json\/wp\/v2\/categories?post=1781"},{"taxonomy":"post_tag","embeddable":true,"href":"https:\/\/numerabilis.u-paris.fr\/medica\/blog\/index.php\/wp-json\/wp\/v2\/tags?post=1781"}],"curies":[{"name":"wp","href":"https:\/\/api.w.org\/{rel}","templated":true}]}}