{"id":17924,"date":"2018-11-16T19:35:44","date_gmt":"2018-11-16T18:35:44","guid":{"rendered":"https:\/\/numerabilis.u-paris.fr\/medica\/blog\/?p=17924"},"modified":"2019-01-07T11:55:31","modified_gmt":"2019-01-07T10:55:31","slug":"couleurs-et-soins-dans-les-medecines-anciennes","status":"publish","type":"post","link":"https:\/\/numerabilis.u-paris.fr\/medica\/blog\/index.php\/couleurs-et-soins-dans-les-medecines-anciennes\/","title":{"rendered":"Couleurs et soins dans les m\u00e9decines anciennes"},"content":{"rendered":"<p><a href=\"https:\/\/numerabilis.u-paris.fr\/medica\/blog\/wp-content\/uploads\/afficheCouleuretSoinsV2.jpg\"><img loading=\"lazy\" decoding=\"async\" class=\"alignright size-medium wp-image-17926\" src=\"https:\/\/numerabilis.u-paris.fr\/medica\/blog\/wp-content\/uploads\/afficheCouleuretSoinsV2-212x300.jpg\" alt=\"\" width=\"212\" height=\"300\" srcset=\"https:\/\/numerabilis.u-paris.fr\/medica\/blog\/wp-content\/uploads\/afficheCouleuretSoinsV2-212x300.jpg 212w, https:\/\/numerabilis.u-paris.fr\/medica\/blog\/wp-content\/uploads\/afficheCouleuretSoinsV2-768x1086.jpg 768w, https:\/\/numerabilis.u-paris.fr\/medica\/blog\/wp-content\/uploads\/afficheCouleuretSoinsV2-724x1024.jpg 724w, https:\/\/numerabilis.u-paris.fr\/medica\/blog\/wp-content\/uploads\/afficheCouleuretSoinsV2-1200x1697.jpg 1200w, https:\/\/numerabilis.u-paris.fr\/medica\/blog\/wp-content\/uploads\/afficheCouleuretSoinsV2.jpg 1240w\" sizes=\"(max-width: 212px) 85vw, 212px\" \/><\/a>Les <strong>22 et 23 novembre 2018<\/strong> aura lieu \u00e0 Lyon le colloque <strong><em>Couleur et soins dans les m\u00e9decines anciennes<\/em><\/strong>. \u00c9poques antique et m\u00e9di\u00e9vale entre Orient et Occident. Gr\u00e8ce, Rome, Inde, \u00c9gypte et Proche-Orient.<\/p>\n<p>Cette manifestation internationale est organis\u00e9e par <a href=\"https:\/\/www.hisoma.mom.fr\/annuaire\/boehm-isabelle\" target=\"_blank\" rel=\"noopener\">Isabelle Boehm<\/a>\u00a0(HiSoMA &#8211; Lyon 2), Laurence Moulinier-Brogi (CIHAM &#8211; Lyon 2)\u00a0 avec la collaboration de\u00a0<a href=\"https:\/\/www.archeorient.mom.fr\/annuaire\/abrahami-philippe\" target=\"_blank\" rel=\"noopener\">Philippe Abrahami\u00a0<\/a>(Arch\u00e9orient &#8211; Lyon 2)<\/p>\n<p>\u00ab<em>La couleur de la maladie et la couleur du rem\u00e8de font partie des crit\u00e8res fondamentaux de diagnostic et de th\u00e9rapeutique dans l\u2019histoire de la m\u00e9decine et de la pharmacologie. Ce colloque s\u2019inscrit dans les recherches actuelles dans les m\u00e9decines anciennes. Il sera centr\u00e9 sur l\u2019utilisation des couleurs dans la th\u00e9rapeutique, aux \u00e9poques antique et m\u00e9di\u00e9vale, et dans une perspective comparatiste, o\u00f9 seront associ\u00e9es des traditions m\u00e9dicales au-del\u00e0 de l\u2019Europe, comme l\u2019Inde ou l\u2019\u00c9gypte. Ces aspects comparatifs viendront \u00e9clairer une question encore complexe, celle des rapports entre les diff\u00e9rentes traditions m\u00e9dicales anciennes.<\/em>\u00bb<\/p>\n<h2>En savoir plus<\/h2>\n<p><a href=\"https:\/\/www.hisoma.mom.fr\/recherche-et-activites\/rencontres-scientifiques\/couleur-et-soins-medicines-anciennes\" target=\"_blank\" rel=\"noopener\">Le site internet du colloque<\/a><\/p>\n<p>T\u00e9l\u00e9charger le <a href=\"https:\/\/www.hisoma.mom.fr\/sites\/hisoma.mom.fr\/files\/docs\/Recherche\/rencontres-scientifiques-2018-2019\/ProgrammeCouleuretSoins2018.pdf\" target=\"_blank\" rel=\"noopener\">programme<\/a>\u00a0(.pdf)<\/p>\n<div id=\"schema_block\" class=\"schema_event\"><div itemscope itemtype=\"http:\/\/schema.org\/EducationEvent\"><a class=\"schema_url\" target=\"_blank\" itemprop=\"url\" href=\"https:\/\/www.hisoma.mom.fr\/recherche-et-activites\/rencontres-scientifiques\/couleur-et-soins-medicines-anciennes\"><div class=\"schema_name\" itemprop=\"name\">Couleur et soins dans les m\u00e9decines anciennes<\/div><\/a><div><meta itemprop=\"startDate\" content=\"2018-11-22\">Debut: 11\/22\/2018<\/div><div><meta itemprop=\"endDate\" content=\"2018-11-23:00.000\">Fin: 11\/23\/2018<\/div><\/div><div itemprop=\"address\" itemscope itemtype=\"http:\/\/schema.org\/PostalAddress\"><div class=\"city_state\"><span class=\"locale\" itemprop=\"addressLocality\">Lyon<\/span>,<span class=\"region\" itemprop=\"addressRegion\"> Auvergne-Rh\u00f4ne-Alpes<\/span><\/div><div class=\"country\" itemprop=\"addressCountry\">FR<\/div><\/div><\/div>\n","protected":false},"excerpt":{"rendered":"<p>Les 22 et 23 novembre 2018 aura lieu \u00e0 Lyon le colloque Couleur et soins dans les m\u00e9decines anciennes. \u00c9poques antique et m\u00e9di\u00e9vale entre Orient et Occident. Gr\u00e8ce, Rome, Inde, \u00c9gypte et Proche-Orient. Cette manifestation internationale est organis\u00e9e par Isabelle Boehm\u00a0(HiSoMA &#8211; Lyon 2), Laurence Moulinier-Brogi (CIHAM &#8211; Lyon 2)\u00a0 avec la collaboration de\u00a0Philippe Abrahami\u00a0(Arch\u00e9orient &hellip; <a href=\"https:\/\/numerabilis.u-paris.fr\/medica\/blog\/index.php\/couleurs-et-soins-dans-les-medecines-anciennes\/\" class=\"more-link\">Continuer la lecture<span class=\"screen-reader-text\"> de &laquo;&nbsp;Couleurs et soins dans les m\u00e9decines anciennes&nbsp;&raquo;<\/span><\/a><\/p>\n","protected":false},"author":1,"featured_media":0,"comment_status":"open","ping_status":"open","sticky":false,"template":"","format":"standard","meta":{"_monsterinsights_skip_tracking":false,"_monsterinsights_sitenote_active":false,"_monsterinsights_sitenote_note":"","_monsterinsights_sitenote_category":0,"footnotes":""},"categories":[7],"tags":[78,237,107,373,182,28,477,452,57,478],"class_list":["post-17924","post","type-post","status-publish","format-standard","hentry","category-histoiresante","tag-antiquite","tag-asie","tag-colloque-congres-je","tag-egypte","tag-grece","tag-histoire-de-la-medecine","tag-inde","tag-italie","tag-moyen-age","tag-proche-orient"],"_links":{"self":[{"href":"https:\/\/numerabilis.u-paris.fr\/medica\/blog\/index.php\/wp-json\/wp\/v2\/posts\/17924"}],"collection":[{"href":"https:\/\/numerabilis.u-paris.fr\/medica\/blog\/index.php\/wp-json\/wp\/v2\/posts"}],"about":[{"href":"https:\/\/numerabilis.u-paris.fr\/medica\/blog\/index.php\/wp-json\/wp\/v2\/types\/post"}],"author":[{"embeddable":true,"href":"https:\/\/numerabilis.u-paris.fr\/medica\/blog\/index.php\/wp-json\/wp\/v2\/users\/1"}],"replies":[{"embeddable":true,"href":"https:\/\/numerabilis.u-paris.fr\/medica\/blog\/index.php\/wp-json\/wp\/v2\/comments?post=17924"}],"version-history":[{"count":2,"href":"https:\/\/numerabilis.u-paris.fr\/medica\/blog\/index.php\/wp-json\/wp\/v2\/posts\/17924\/revisions"}],"predecessor-version":[{"id":18102,"href":"https:\/\/numerabilis.u-paris.fr\/medica\/blog\/index.php\/wp-json\/wp\/v2\/posts\/17924\/revisions\/18102"}],"wp:attachment":[{"href":"https:\/\/numerabilis.u-paris.fr\/medica\/blog\/index.php\/wp-json\/wp\/v2\/media?parent=17924"}],"wp:term":[{"taxonomy":"category","embeddable":true,"href":"https:\/\/numerabilis.u-paris.fr\/medica\/blog\/index.php\/wp-json\/wp\/v2\/categories?post=17924"},{"taxonomy":"post_tag","embeddable":true,"href":"https:\/\/numerabilis.u-paris.fr\/medica\/blog\/index.php\/wp-json\/wp\/v2\/tags?post=17924"}],"curies":[{"name":"wp","href":"https:\/\/api.w.org\/{rel}","templated":true}]}}