{"id":18190,"date":"2019-02-20T11:53:50","date_gmt":"2019-02-20T10:53:50","guid":{"rendered":"https:\/\/numerabilis.u-paris.fr\/medica\/blog\/?p=18190"},"modified":"2020-02-11T14:42:14","modified_gmt":"2020-02-11T13:42:14","slug":"une-des-plus-anciennes-pharmacopees-deurope-a-la-biu-sante","status":"publish","type":"post","link":"https:\/\/numerabilis.u-paris.fr\/medica\/blog\/index.php\/une-des-plus-anciennes-pharmacopees-deurope-a-la-biu-sante\/","title":{"rendered":"Une des plus anciennes pharmacop\u00e9es d&rsquo;Europe \u00e0 la BIU Sant\u00e9"},"content":{"rendered":"<p><a href=\"https:\/\/numerabilis.u-paris.fr\/medica\/blog\/wp-content\/uploads\/Pharmacop\u00e9e.jpg\"><img loading=\"lazy\" decoding=\"async\" class=\"alignleft wp-image-18275 size-medium\" src=\"https:\/\/numerabilis.u-paris.fr\/medica\/blog\/wp-content\/uploads\/Pharmacop\u00e9e-300x228.jpg\" alt=\"\" width=\"300\" height=\"228\" srcset=\"https:\/\/numerabilis.u-paris.fr\/medica\/blog\/wp-content\/uploads\/Pharmacop\u00e9e-300x228.jpg 300w, https:\/\/numerabilis.u-paris.fr\/medica\/blog\/wp-content\/uploads\/Pharmacop\u00e9e-768x583.jpg 768w, https:\/\/numerabilis.u-paris.fr\/medica\/blog\/wp-content\/uploads\/Pharmacop\u00e9e-1024x777.jpg 1024w, https:\/\/numerabilis.u-paris.fr\/medica\/blog\/wp-content\/uploads\/Pharmacop\u00e9e-1200x911.jpg 1200w\" sizes=\"(max-width: 300px) 85vw, 300px\" \/><\/a>Une <strong>acquisition exceptionnelle<\/strong> vient enrichir les<strong> collections patrimoniales<\/strong> du <strong>P\u00f4le pharmacie de la BIU Sant\u00e9<\/strong> : la <a href=\"https:\/\/www.biusante.parisdescartes.fr\/histmed\/medica\/cote?pharma_res217882\" target=\"_blank\" rel=\"noopener noreferrer\"><em>Concordi[a]e pharmacopolarum Barcinonensium<\/em><\/a>, ou \u00ab\u00a0<strong>Pharmacop\u00e9e de Barcelone<\/strong>\u00a0\u00bb, dans son \u00e9dition de 1535, est l\u2019<strong>une des plus anciennes pharmacop\u00e9es imprim\u00e9es d\u2019Europe<\/strong> apr\u00e8s <a href=\"http:\/\/digitale.beic.it\/primo_library\/libweb\/action\/dlDisplay.do?vid=BEIC&amp;docId=39bei_digitool9841616\" target=\"_blank\" rel=\"noopener noreferrer\">celle de Florence publi\u00e9e en 1499<\/a>. Cette acquisition a \u00e9t\u00e9 r\u00e9alis\u00e9e avec le soutien de <a href=\"http:\/\/www.collex.eu\/\" target=\"_blank\" rel=\"noopener noreferrer\">CollEx-Pers\u00e9e<\/a>, infrastructure de recherche charg\u00e9e par le Minist\u00e8re de l\u2019enseignement sup\u00e9rieur et de la recherche de <strong>favoriser l\u2019acc\u00e8s aux chercheurs des gisements documentaires<\/strong>.<\/p>\n<p>Le <strong>professeur Olivier Lafont<\/strong>, pr\u00e9sident de la <a href=\"http:\/\/www.shp-asso.org\/\" target=\"_blank\" rel=\"noopener noreferrer\">Soci\u00e9t\u00e9 d\u2019histoire de la pharmacie<\/a>, nous en dit plus sur cet ouvrage qui rejoindra tr\u00e8s prochainement la <strong>biblioth\u00e8que num\u00e9rique de la BIU Sant\u00e9<\/strong> <a href=\"https:\/\/www.biusante.parisdescartes.fr\/histoire\/medica\/index.php\" target=\"_blank\" rel=\"noopener noreferrer\">Medic@<\/a> :<\/p>\n<figure id=\"attachment_18206\" aria-describedby=\"caption-attachment-18206\" style=\"width: 203px\" class=\"wp-caption alignright\"><a href=\"https:\/\/numerabilis.u-paris.fr\/medica\/blog\/wp-content\/uploads\/Incipit2.jpg\"><img loading=\"lazy\" decoding=\"async\" class=\"wp-image-18206 size-medium\" src=\"https:\/\/numerabilis.u-paris.fr\/medica\/blog\/wp-content\/uploads\/Incipit2-203x300.jpg\" alt=\"\" width=\"203\" height=\"300\" srcset=\"https:\/\/numerabilis.u-paris.fr\/medica\/blog\/wp-content\/uploads\/Incipit2-203x300.jpg 203w, https:\/\/numerabilis.u-paris.fr\/medica\/blog\/wp-content\/uploads\/Incipit2-768x1133.jpg 768w, https:\/\/numerabilis.u-paris.fr\/medica\/blog\/wp-content\/uploads\/Incipit2-694x1024.jpg 694w, https:\/\/numerabilis.u-paris.fr\/medica\/blog\/wp-content\/uploads\/Incipit2-1200x1770.jpg 1200w\" sizes=\"(max-width: 203px) 85vw, 203px\" \/><\/a><figcaption id=\"caption-attachment-18206\" class=\"wp-caption-text\">Incipit, fol. 1r<\/figcaption><\/figure>\n<p>\u00ab\u00a0<strong>Seuls deux autres exemplaires <\/strong>de cette seconde \u00e9dition de la pharmacop\u00e9e de Barcelone sont <strong>r\u00e9pertori\u00e9s<\/strong>, encore n\u2019y en avait-il aucun en France (on ne conna\u00eet qu\u2019un seul exemplaire de la <a href=\"https:\/\/bipadi.ub.edu\/digital\/collection\/farmacia\/id\/47780\" target=\"_blank\" rel=\"noopener noreferrer\">premi\u00e8re \u00e9dition de 1511<\/a>). Le mot latin <em>Concordia<\/em> signifie\u00a0: <strong>concorde, entente, harmonie<\/strong>. Il symbolise ici le fait que les <strong>apothicaires de Barcelone<\/strong> \u00e9taient tomb\u00e9s d\u2019accord pour publier, en bonne entente avec les m\u00e9decins de la ville, un <strong>formulaire destin\u00e9 \u00e0 servir de r\u00e9f\u00e9rence<\/strong> pour leur communaut\u00e9. L\u2019\u00e9tat mat\u00e9riel du livre est excellent, si ce n\u2019est que la premi\u00e8re page est absente et qu\u2019un feuillet a \u00e9t\u00e9 partiellement arrach\u00e9. L\u2019ouvrage reli\u00e9 en parchemin, totalement <strong>r\u00e9dig\u00e9 en latin<\/strong> et imprim\u00e9 en <strong>caract\u00e8res gothiques<\/strong>, se divise en plusieurs sections.<\/p>\n<p>La premi\u00e8re, la plus d\u00e9velopp\u00e9e, ne comporte pas de titre, mais d\u00e9bute par un <strong>\u00e9lectuaire\u00a0<\/strong>dont le nom \u00ab\u00a0<em>Electuarium de aromatibus<\/em>\u00a0\u00bb, compos\u00e9 en caract\u00e8res gras, en tient lieu. Elle traite \u00e0 la fois <strong>des \u00e9lectuaires, des confections, des <a href=\"https:\/\/www.biusante.parisdescartes.fr\/histmed\/medica\/page?pharma_000103x03&amp;p=418\" target=\"_blank\" rel=\"noopener noreferrer\">hi\u00e8res<\/a> et des antidotes<\/strong>, tout en comportant accessoirement quelques <strong>poudres<\/strong>, une s\u00e9rie de <strong><a href=\"https:\/\/www.biusante.parisdescartes.fr\/histmed\/medica\/page?pharma_006061x03&amp;p=478\" target=\"_blank\" rel=\"noopener noreferrer\">loochs<\/a><\/strong>, des <strong>sucres<\/strong>, quelques <strong><a href=\"https:\/\/www.biusante.parisdescartes.fr\/histmed\/medica\/page?21575x02&amp;p=420\" target=\"_blank\" rel=\"noopener noreferrer\">mellites<\/a><\/strong>, ainsi que des <strong>d\u00e9coctions<\/strong>. La seconde partie est titr\u00e9e\u00a0: \u00ab<em>\u00a0De Syrupis<\/em>\u00a0\u00bb, mais n\u2019aborde pas exclusivement <strong>les sirops<\/strong>, puisqu\u2019elle regroupe des formes apparent\u00e9es, <strong>miels, mellites , <a href=\"https:\/\/www.biusante.parisdescartes.fr\/histmed\/medica\/page?269035&amp;p=957\" target=\"_blank\" rel=\"noopener noreferrer\">oxymels<\/a><\/strong> et \u00ab\u00a0oxisacchara\u00a0<em>\u00bb<\/em> (ou <a href=\"https:\/\/www.biusante.parisdescartes.fr\/histmed\/medica\/page?05111&amp;p=58\" target=\"_blank\" rel=\"noopener noreferrer\">oxycrat<\/a>). Vient ensuite une tr\u00e8s courte rubrique intitul\u00e9e\u00a0: \u00ab\u00a0<em>De collyris<\/em>\u00a0\u00bb. La section suivante, \u00ab\u00a0<em>De Trochiscis<\/em>\u00a0\u00bb est suivie de la partie intitul\u00e9e \u00ab\u00a0<em>De pilulis<\/em>\u00a0\u00bb Cette association ne manque pas de logique, puisque <strong><a href=\"https:\/\/www.biusante.parisdescartes.fr\/histmed\/medica\/page?35573x15&amp;p=231\" target=\"_blank\" rel=\"noopener noreferrer\">trochisques<\/a> et pilules<\/strong> sont des formes gal\u00e9niques apparent\u00e9es. Les m\u00e9dicaments externes ne se trouvent pas n\u00e9glig\u00e9s, puisqu\u2019une rubrique intitul\u00e9e\u00a0: \u00ab<em>\u00a0De Unguentis et Cerotis<\/em>\u00a0\u00bb regroupe <strong>onguents et <a href=\"https:\/\/www.biusante.parisdescartes.fr\/histmed\/medica\/page?269035&amp;p=228\" target=\"_blank\" rel=\"noopener noreferrer\">c\u00e9rats<\/a><\/strong>, et se trouve suivie d\u2019une autre, \u00ab\u00a0<em>De Emplastris<\/em>\u00a0\u00bb, qui aborde les <strong>empl\u00e2tres<\/strong>. La derni\u00e8re th\u00e9matique envisag\u00e9e est celle des <strong>huiles m\u00e9dicinales<\/strong>, \u00ab<em> De Oleis<\/em>\u00a0\u00bb. Le dernier feuillet se termine, en outre, par le <strong>colophon<\/strong> qui pr\u00e9cise la date d\u2019impression\u00a0: 22 septembre MDXXXV. La <strong>table alphab\u00e9tique des mati\u00e8res<\/strong> n\u2019occupe pas moins de treize pages.<\/p>\n<figure id=\"attachment_18209\" aria-describedby=\"caption-attachment-18209\" style=\"width: 300px\" class=\"wp-caption alignleft\"><a href=\"https:\/\/numerabilis.u-paris.fr\/medica\/blog\/wp-content\/uploads\/colophon.jpg\"><img loading=\"lazy\" decoding=\"async\" class=\"wp-image-18209 size-medium\" src=\"https:\/\/numerabilis.u-paris.fr\/medica\/blog\/wp-content\/uploads\/colophon-300x211.jpg\" alt=\"\" width=\"300\" height=\"211\" srcset=\"https:\/\/numerabilis.u-paris.fr\/medica\/blog\/wp-content\/uploads\/colophon-300x211.jpg 300w, https:\/\/numerabilis.u-paris.fr\/medica\/blog\/wp-content\/uploads\/colophon-768x541.jpg 768w, https:\/\/numerabilis.u-paris.fr\/medica\/blog\/wp-content\/uploads\/colophon-1024x721.jpg 1024w, https:\/\/numerabilis.u-paris.fr\/medica\/blog\/wp-content\/uploads\/colophon-1200x845.jpg 1200w, https:\/\/numerabilis.u-paris.fr\/medica\/blog\/wp-content\/uploads\/colophon.jpg 1711w\" sizes=\"(max-width: 300px) 85vw, 300px\" \/><\/a><figcaption id=\"caption-attachment-18209\" class=\"wp-caption-text\">Colophon, fol. 90v<\/figcaption><\/figure>\n<p>Les <strong>formules<\/strong> regroup\u00e9es dans cette pharmacop\u00e9e comportent g\u00e9n\u00e9ralement une <strong>mention du nom de leur auteur<\/strong>, avec parfois la <strong>pr\u00e9cision de l\u2019ouvrage dont elles sont tir\u00e9es<\/strong>. L\u2019auteur le plus souvent cit\u00e9 est incontestablement Mesue \u2013 ou plus exactement <a href=\"http:\/\/www.persee.fr\/doc\/pharm_0035-2349_1968_num_56_199_7773\" target=\"_blank\" rel=\"noopener noreferrer\">Pseudo Mesue<\/a>. Le nom de <a href=\"https:\/\/fr.wikipedia.org\/wiki\/Nicolas_de_Salerne\" target=\"_blank\" rel=\"noopener noreferrer\">Nicolas<\/a> (en principe de Salerne) se trouve \u00e9galement tr\u00e8s souvent cit\u00e9, <a href=\"https:\/\/fr.wikipedia.org\/wiki\/Matthaeus_Platearius\" target=\"_blank\" rel=\"noopener noreferrer\">Platearius<\/a>, l\u2019auteur du <em>Liber Iste<\/em> et du <em>Circa Instans<\/em>, est peu mentionn\u00e9, alors que <a href=\"https:\/\/www.biusante.parisdescartes.fr\/histoire\/biographies\/?refbiogr=3816\" target=\"_blank\" rel=\"noopener noreferrer\">Rhaz\u00e8s<\/a>, comme <a href=\"https:\/\/www.biusante.parisdescartes.fr\/histoire\/biographies\/?refbiogr=522\" target=\"_blank\" rel=\"noopener noreferrer\">Avicenne<\/a>, font l\u2019objet de plusieurs citations. Parmi les auteurs plus r\u00e9cents, se distinguent \u00ab\u00a0<em>Gilabertus Anglicus\u00a0\u00bb<\/em>, <a href=\"https:\/\/catalogue.bnf.fr\/ark:\/12148\/cb13516874v\" target=\"_blank\" rel=\"noopener noreferrer\">Gilbert l\u2019Anglais<\/a>, auteur au XIII<sub>e<\/sub> si\u00e8cle d\u2019un <em>Compendium Medicinae,<\/em> ou le c\u00e9l\u00e8bre <a href=\"https:\/\/www.biusante.parisdescartes.fr\/histoire\/biographies\/?refbiogr=314\" target=\"_blank\" rel=\"noopener noreferrer\">Arnauld de Villeneuve<\/a> d\u00e9sign\u00e9 par son seul pr\u00e9nom \u00ab\u00a0<em>secundum Arnaldum<\/em>\u00a0\u00bb, ou encore <a href=\"https:\/\/www.biusante.parisdescartes.fr\/histoire\/biographies\/?refbiogr=4265\" target=\"_blank\" rel=\"noopener noreferrer\">Guy de Chauliac<\/a> qu\u2019\u00e9voque la mention \u00ab\u00a0<em>secundum Guidonem<\/em>\u00a0\u00bb. <em>Petrus Hispanus<\/em> plus connu sous son nom de Pape Jean XXI est \u00e9galement cit\u00e9.<\/p>\n<p>Pierre de Argileta, <a href=\"https:\/\/www.biusante.parisdescartes.fr\/histoire\/biographies\/?refbiogr=51875\" target=\"_blank\" rel=\"noopener noreferrer\">Barth\u00e9l\u00e9my de Montagnana<\/a>, auteur d\u2019un ouvrage intitul\u00e9\u00a0: \u00ab\u00a0<em>Concilia Medica<\/em>\u00a0\u00bb en 1475, <a href=\"https:\/\/www.biusante.parisdescartes.fr\/histoire\/biographies\/?refbiogr=2778\" target=\"_blank\" rel=\"noopener noreferrer\">Pierre d\u2019Abano<\/a>, auteur du <em>Conciliator <\/em>en 1310 et quelques m\u00e9decins locaux font l\u2019objet de rares, voire uniques, citations.<\/p>\n<p>On rencontre \u00e9galement des mentions faisant allusion non \u00e0 un auteur particulier, mais \u00e0 un usage r\u00e9pandu, comme\u00a0:\u00a0\u00ab\u00a0<em>secundum usum<\/em>\u00a0\u00bb ou \u00e0 une pratique nouvellement apparue\u00a0: \u00ab\u00a0<em>secundum<\/em> <em>usum modernorum<\/em>\u00a0\u00bb, ou encore la formule plus personnelle\u00a0: \u00ab\u00a0<em>ex<\/em> <em>inventione nostra<\/em>\u00a0\u00bb.<\/p>\n<figure id=\"attachment_18208\" aria-describedby=\"caption-attachment-18208\" style=\"width: 244px\" class=\"wp-caption alignright\"><a href=\"https:\/\/numerabilis.u-paris.fr\/medica\/blog\/wp-content\/uploads\/R\u00e9surrection.jpg\"><img loading=\"lazy\" decoding=\"async\" class=\"wp-image-18208 size-medium\" src=\"https:\/\/numerabilis.u-paris.fr\/medica\/blog\/wp-content\/uploads\/R\u00e9surrection-244x300.jpg\" alt=\"\" width=\"244\" height=\"300\" srcset=\"https:\/\/numerabilis.u-paris.fr\/medica\/blog\/wp-content\/uploads\/R\u00e9surrection-244x300.jpg 244w, https:\/\/numerabilis.u-paris.fr\/medica\/blog\/wp-content\/uploads\/R\u00e9surrection.jpg 730w\" sizes=\"(max-width: 244px) 85vw, 244px\" \/><\/a><figcaption id=\"caption-attachment-18208\" class=\"wp-caption-text\">Lettrine histori\u00e9e repr\u00e9sentant la R\u00e9surrection, fol. 1r<\/figcaption><\/figure>\n<p>L\u2019ouvrage ne comporte pas d\u2019illustration mais la page qui ouvre le texte pr\u00e9sente un <strong>encadrement de bordures constitu\u00e9es d\u2019une succession d\u2019anges sur trois c\u00f4t\u00e9s et d\u2019un d\u00e9cor Renaissance avec des sphinges sur l\u2019autre<\/strong>. Une lettrine de grande taille m\u00eale <strong>plusieurs \u00e9tapes de la R\u00e9surrection<\/strong>. Cette sc\u00e8ne \u00e9vang\u00e9lique s\u2019av\u00e8re bien adapt\u00e9e \u00e0 un \u00e9lectuaire d\u2019aromates, en raison de la pr\u00e9sence de <a href=\"https:\/\/www.biusante.parisdescartes.fr\/histmed\/image?medchanteclx1928x18x0014\" target=\"_blank\" rel=\"noopener noreferrer\">Marie-Madeleine<\/a> portant son pot. Dans la suite du texte, des lettrines plus petites et plus modestement orn\u00e9es viennent \u00e9gayer l\u2019impression.<\/p>\n<p>L\u2019ensemble de cette pharmacop\u00e9e n\u2019est pas sans \u00e9voquer, par le fond comme par la forme, le <a href=\"http:\/\/digitale.beic.it\/primo_library\/libweb\/action\/dlDisplay.do?vid=BEIC&amp;docId=39bei_digitool9841616\" target=\"_blank\" rel=\"noopener noreferrer\"><em>Nuovo Receptario<\/em><\/a> publi\u00e9 en 1498, lui-aussi imprim\u00e9 en caract\u00e8res gothiques, \u00e0 Florence.\u00a0\u00bb<\/p>\n<p><a href=\"https:\/\/numerabilis.u-paris.fr\/medica\/blog\/wp-content\/uploads\/collex-logo-horizontal-couleurs.jpg\"><img loading=\"lazy\" decoding=\"async\" class=\"aligncenter size-full wp-image-18383\" src=\"https:\/\/numerabilis.u-paris.fr\/medica\/blog\/wp-content\/uploads\/collex-logo-horizontal-couleurs.jpg\" alt=\"\" width=\"424\" height=\"162\" srcset=\"https:\/\/numerabilis.u-paris.fr\/medica\/blog\/wp-content\/uploads\/collex-logo-horizontal-couleurs.jpg 424w, https:\/\/numerabilis.u-paris.fr\/medica\/blog\/wp-content\/uploads\/collex-logo-horizontal-couleurs-300x115.jpg 300w\" sizes=\"(max-width: 424px) 85vw, 424px\" \/><\/a><\/p>\n","protected":false},"excerpt":{"rendered":"<p>Une acquisition exceptionnelle vient enrichir les collections patrimoniales du P\u00f4le pharmacie de la BIU Sant\u00e9 : la Concordi[a]e pharmacopolarum Barcinonensium, ou \u00ab\u00a0Pharmacop\u00e9e de Barcelone\u00a0\u00bb, dans son \u00e9dition de 1535, est l\u2019une des plus anciennes pharmacop\u00e9es imprim\u00e9es d\u2019Europe apr\u00e8s celle de Florence publi\u00e9e en 1499. Cette acquisition a \u00e9t\u00e9 r\u00e9alis\u00e9e avec le soutien de CollEx-Pers\u00e9e, infrastructure &hellip; <a href=\"https:\/\/numerabilis.u-paris.fr\/medica\/blog\/index.php\/une-des-plus-anciennes-pharmacopees-deurope-a-la-biu-sante\/\" class=\"more-link\">Continuer la lecture<span class=\"screen-reader-text\"> de &laquo;&nbsp;Une des plus anciennes pharmacop\u00e9es d&rsquo;Europe \u00e0 la BIU Sant\u00e9&nbsp;&raquo;<\/span><\/a><\/p>\n","protected":false},"author":19,"featured_media":0,"comment_status":"open","ping_status":"open","sticky":false,"template":"","format":"standard","meta":{"_monsterinsights_skip_tracking":false,"_monsterinsights_sitenote_active":false,"_monsterinsights_sitenote_note":"","_monsterinsights_sitenote_category":0,"footnotes":""},"categories":[7,15],"tags":[77,331,393,488,12,427,40,370],"class_list":["post-18190","post","type-post","status-publish","format-standard","hentry","category-histoiresante","category-pharmacie-biologie-cosmetologie","tag-16e-s","tag-collections-dexcellence","tag-collex","tag-espagne","tag-histoire-de-la-pharmacie","tag-nouvelles-acquisitions","tag-pharmacopee","tag-renaissance"],"_links":{"self":[{"href":"https:\/\/numerabilis.u-paris.fr\/medica\/blog\/index.php\/wp-json\/wp\/v2\/posts\/18190"}],"collection":[{"href":"https:\/\/numerabilis.u-paris.fr\/medica\/blog\/index.php\/wp-json\/wp\/v2\/posts"}],"about":[{"href":"https:\/\/numerabilis.u-paris.fr\/medica\/blog\/index.php\/wp-json\/wp\/v2\/types\/post"}],"author":[{"embeddable":true,"href":"https:\/\/numerabilis.u-paris.fr\/medica\/blog\/index.php\/wp-json\/wp\/v2\/users\/19"}],"replies":[{"embeddable":true,"href":"https:\/\/numerabilis.u-paris.fr\/medica\/blog\/index.php\/wp-json\/wp\/v2\/comments?post=18190"}],"version-history":[{"count":29,"href":"https:\/\/numerabilis.u-paris.fr\/medica\/blog\/index.php\/wp-json\/wp\/v2\/posts\/18190\/revisions"}],"predecessor-version":[{"id":20061,"href":"https:\/\/numerabilis.u-paris.fr\/medica\/blog\/index.php\/wp-json\/wp\/v2\/posts\/18190\/revisions\/20061"}],"wp:attachment":[{"href":"https:\/\/numerabilis.u-paris.fr\/medica\/blog\/index.php\/wp-json\/wp\/v2\/media?parent=18190"}],"wp:term":[{"taxonomy":"category","embeddable":true,"href":"https:\/\/numerabilis.u-paris.fr\/medica\/blog\/index.php\/wp-json\/wp\/v2\/categories?post=18190"},{"taxonomy":"post_tag","embeddable":true,"href":"https:\/\/numerabilis.u-paris.fr\/medica\/blog\/index.php\/wp-json\/wp\/v2\/tags?post=18190"}],"curies":[{"name":"wp","href":"https:\/\/api.w.org\/{rel}","templated":true}]}}