{"id":18200,"date":"2019-01-22T16:40:12","date_gmt":"2019-01-22T15:40:12","guid":{"rendered":"https:\/\/numerabilis.u-paris.fr\/medica\/blog\/?p=18200"},"modified":"2019-01-25T15:16:47","modified_gmt":"2019-01-25T14:16:47","slug":"acces-modifies-pole-medecine-20190125","status":"publish","type":"post","link":"https:\/\/numerabilis.u-paris.fr\/medica\/blog\/index.php\/acces-modifies-pole-medecine-20190125\/","title":{"rendered":"Acc\u00e8s modifi\u00e9s au p\u00f4le M\u00e9decine (25 et 28\/1)"},"content":{"rendered":"<p>Attention, l\u2019acc\u00e8s au <strong>p\u00f4le M\u00e9decine<\/strong> de la BIU Sant\u00e9 sera <strong>modifi\u00e9 le vendredi 25 et le lundi 28 janvier 2019<\/strong>. Mais le p\u00f4le M\u00e9decine sera bien ouvert aux horaires habituels le samedi 26 janvier (<em>contrairement au p\u00f4le Pharmacie qui sera ferm\u00e9 ce samedi<\/em>).<strong><br \/>\n<\/strong><\/p>\n<p><strong>L<\/strong>\u2019<strong>acc\u00e8s<\/strong> \u00e0 l\u2019universit\u00e9 se fera par le <strong><em>85, boulevard Saint-Germain<\/em><\/strong> et l&rsquo;entr\u00e9e dans la biblioth\u00e8que <em><strong>par le fond de la salle Landouzy<\/strong><\/em>.<em><strong><br \/>\n<\/strong><\/em><\/p>\n<p><strong>Si la porte est ferm\u00e9e, SONNEZ pour qu\u2019on vous ouvre ! <\/strong><em>Sur l&rsquo;interphone, choisissez <strong>\u00ab\u00a0Accueil\u00a0\u00bb<\/strong><\/em>.<\/p>\n<p><img loading=\"lazy\" decoding=\"async\" class=\"aligncenter wp-image-8438 size-full\" src=\"https:\/\/numerabilis.u-paris.fr\/medica\/blog\/wp-content\/uploads\/85bsg-e1474041899226.jpg\" alt=\"85bsg\" width=\"600\" height=\"342\" \/><\/p>\n<p>Les salles de lecture seront ouvertes comme \u00e0 l\u2019accoutum\u00e9e, vous pourrez donc venir travailler au p\u00f4le M\u00e9decine. <strong>La biblioth\u00e8que sera ouverte normalement<\/strong> de 9h \u00e0 20h.<\/p>\n<p><em>Nous vous prions de nous excuser pour la g\u00eane occasionn\u00e9e.<\/em><\/p>\n","protected":false},"excerpt":{"rendered":"<p>Attention, l\u2019acc\u00e8s au p\u00f4le M\u00e9decine de la BIU Sant\u00e9 sera modifi\u00e9 le vendredi 25 et le lundi 28 janvier 2019. Mais le p\u00f4le M\u00e9decine sera bien ouvert aux horaires habituels le samedi 26 janvier (contrairement au p\u00f4le Pharmacie qui sera ferm\u00e9 ce samedi). L\u2019acc\u00e8s \u00e0 l\u2019universit\u00e9 se fera par le 85, boulevard Saint-Germain et l&rsquo;entr\u00e9e &hellip; <a href=\"https:\/\/numerabilis.u-paris.fr\/medica\/blog\/index.php\/acces-modifies-pole-medecine-20190125\/\" class=\"more-link\">Continuer la lecture<span class=\"screen-reader-text\"> de &laquo;&nbsp;Acc\u00e8s modifi\u00e9s au p\u00f4le M\u00e9decine (25 et 28\/1)&nbsp;&raquo;<\/span><\/a><\/p>\n","protected":false},"author":1,"featured_media":0,"comment_status":"open","ping_status":"open","sticky":false,"template":"","format":"standard","meta":{"_monsterinsights_skip_tracking":false,"_monsterinsights_sitenote_active":false,"_monsterinsights_sitenote_note":"","_monsterinsights_sitenote_category":0,"footnotes":""},"categories":[7,14],"tags":[43],"class_list":["post-18200","post","type-post","status-publish","format-standard","hentry","category-histoiresante","category-medecine-odontologie","tag-acces"],"_links":{"self":[{"href":"https:\/\/numerabilis.u-paris.fr\/medica\/blog\/index.php\/wp-json\/wp\/v2\/posts\/18200"}],"collection":[{"href":"https:\/\/numerabilis.u-paris.fr\/medica\/blog\/index.php\/wp-json\/wp\/v2\/posts"}],"about":[{"href":"https:\/\/numerabilis.u-paris.fr\/medica\/blog\/index.php\/wp-json\/wp\/v2\/types\/post"}],"author":[{"embeddable":true,"href":"https:\/\/numerabilis.u-paris.fr\/medica\/blog\/index.php\/wp-json\/wp\/v2\/users\/1"}],"replies":[{"embeddable":true,"href":"https:\/\/numerabilis.u-paris.fr\/medica\/blog\/index.php\/wp-json\/wp\/v2\/comments?post=18200"}],"version-history":[{"count":5,"href":"https:\/\/numerabilis.u-paris.fr\/medica\/blog\/index.php\/wp-json\/wp\/v2\/posts\/18200\/revisions"}],"predecessor-version":[{"id":18229,"href":"https:\/\/numerabilis.u-paris.fr\/medica\/blog\/index.php\/wp-json\/wp\/v2\/posts\/18200\/revisions\/18229"}],"wp:attachment":[{"href":"https:\/\/numerabilis.u-paris.fr\/medica\/blog\/index.php\/wp-json\/wp\/v2\/media?parent=18200"}],"wp:term":[{"taxonomy":"category","embeddable":true,"href":"https:\/\/numerabilis.u-paris.fr\/medica\/blog\/index.php\/wp-json\/wp\/v2\/categories?post=18200"},{"taxonomy":"post_tag","embeddable":true,"href":"https:\/\/numerabilis.u-paris.fr\/medica\/blog\/index.php\/wp-json\/wp\/v2\/tags?post=18200"}],"curies":[{"name":"wp","href":"https:\/\/api.w.org\/{rel}","templated":true}]}}