{"id":18227,"date":"2019-01-28T14:23:20","date_gmt":"2019-01-28T13:23:20","guid":{"rendered":"https:\/\/numerabilis.u-paris.fr\/medica\/blog\/?p=18227"},"modified":"2019-06-13T16:32:39","modified_gmt":"2019-06-13T14:32:39","slug":"journee-nationale-bibliothecaires-documentalistes-sante-2019","status":"publish","type":"post","link":"https:\/\/numerabilis.u-paris.fr\/medica\/blog\/index.php\/journee-nationale-bibliothecaires-documentalistes-sante-2019\/","title":{"rendered":"Journ\u00e9e nationale des biblioth\u00e9caires et documentalistes en sant\u00e9, \u00e9dition 2019"},"content":{"rendered":"<h2>Et de trois !<\/h2>\n<p><strong>Biblioth\u00e9caires et documentalistes en sant\u00e9<\/strong>, vous avez \u00e9t\u00e9 nombreux \u00e0 participer aux deux premi\u00e8res <a href=\"https:\/\/numerabilis.u-paris.fr\/medica\/blog\/index.php\/tag\/jnbds\/\" target=\"_blank\" rel=\"noopener\">Journ\u00e9es nationales des biblioth\u00e9caires et documentalistes en sant\u00e9<\/a> (JNBDS).<\/p>\n<p>Nous vous proposons de nous retrouver \u00e0 nouveau cette ann\u00e9e, pour partager un moment de r\u00e9flexion sur nos missions et nos publics, le <strong>vendredi 14 juin 2019<\/strong>, \u00e0 la Biblioth\u00e8que interuniversitaire de Sant\u00e9 de Paris. En partenariat avec le <a href=\"http:\/\/www.rndh.fr\/\" target=\"_blank\" rel=\"noopener noreferrer\">R\u00e9seau national des documentalistes hospitaliers<\/a> et le Sidoc (<a title=\"Accueil\" href=\"https:\/\/sidoc.fr\/\" target=\"_blank\" rel=\"noopener\">Sciences Infirmi\u00e8res DOCumentation<\/a>)<\/p>\n<p><em>D\u00e9battons ! Mettons nos id\u00e9es en commun ! Avan\u00e7ons ensemble !<\/em><\/p>\n<p>La forme : des <strong>ateliers<\/strong> avec restitution le matin + <strong>des pr\u00e9sentations<\/strong> pl\u00e9ni\u00e8res en amphi l&rsquo;apr\u00e8s-midi (<em>les deux ont \u00e9t\u00e9 invers\u00e9s pour r\u00e9pondre \u00e0 vos demandes<\/em>). Avec un temps pour <strong>d\u00e9jeuner entre coll\u00e8gues<\/strong> de 12h45 \u00e0 14h15.<\/p>\n<p><a href=\"https:\/\/numerabilis.u-paris.fr\/medica\/blog\/wp-content\/uploads\/programme_jnbds_2019.pdf\">Le programme d\u00e9finitif est consultable ici<\/a>.<\/p>\n<p><img loading=\"lazy\" decoding=\"async\" class=\"aligncenter size-full wp-image-16272\" src=\"https:\/\/numerabilis.u-paris.fr\/medica\/blog\/wp-content\/uploads\/jnbds-1.jpg\" alt=\"\" width=\"650\" height=\"271\" srcset=\"https:\/\/numerabilis.u-paris.fr\/medica\/blog\/wp-content\/uploads\/jnbds-1.jpg 650w, https:\/\/numerabilis.u-paris.fr\/medica\/blog\/wp-content\/uploads\/jnbds-1-300x125.jpg 300w\" sizes=\"(max-width: 709px) 85vw, (max-width: 909px) 67vw, (max-width: 984px) 61vw, (max-width: 1362px) 45vw, 600px\" \/>Si vous avez d\u00e9j\u00e0 des id\u00e9es ou des propositions d&rsquo;interventions \/ intervenants, vous pouvez nous \u00e9crire : <a href=\"&#109;&#x61;&#105;&#x6c;&#116;&#x6f;&#58;&#x62;&#108;&#x6f;&#103;&#x40;b&#x69;u&#x73;a&#x6e;t&#x65;&#46;&#x70;a&#114;&#x69;&#115;&#x64;&#101;&#x73;&#99;&#x61;&#114;&#x74;&#101;&#x73;&#46;&#x66;r\" target=\"_blank\" rel=\"noopener noreferrer\">&#98;&#x6c;&#111;&#x67;&#64;&#x62;i&#x75;s&#x61;n&#116;&#x65;&#46;&#x70;&#97;&#x72;&#105;&#x73;d&#x65;s&#x63;a&#114;&#x74;&#101;&#x73;&#46;&#x66;&#114;<\/a><\/p>\n<p>Quant aux <em>inscriptions<\/em>, elle sont termin\u00e9es depuis le 13 mai 2019.<\/p>\n<p>Nous vous invitons \u00e0 <strong>diffuser<\/strong> cette information \u00e0 tous les coll\u00e8gues susceptibles d&rsquo;\u00eatre int\u00e9ress\u00e9s par cette rencontre (<em>les professionnels de tous les pays sont les bienvenus<\/em>) et sommes heureux de pr\u00e9parer d\u00e8s maintenant cette journ\u00e9e avec vous.<\/p>\n<p>Les vid\u00e9os et les documents de la derni\u00e8re \u00e9dition <a href=\"https:\/\/www.biusante.parisdescartes.fr\/decouvrir\/cooperer\/jnbds\/jnbds2018.php\" target=\"_blank\" rel=\"noopener\">sont \u00e0 retrouver sur notre site<\/a>. Et comme vous nous l&rsquo;aviez demand\u00e9e, notre coll\u00e8gue Fabien Lafage a r\u00e9alis\u00e9 <a href=\"https:\/\/framacarte.org\/m\/36207\/\" target=\"_blank\" rel=\"noopener\">une framacarte<\/a> avec la localisation des participants des deux derni\u00e8res \u00e9ditions.<\/p>\n<p><iframe loading=\"lazy\" src=\"https:\/\/framacarte.org\/fr\/map\/jnbds_36207?scaleControl=false&amp;miniMap=false&amp;scrollWheelZoom=false&amp;zoomControl=true&amp;allowEdit=false&amp;moreControl=true&amp;searchControl=null&amp;tilelayersControl=null&amp;embedControl=null&amp;datalayersControl=true&amp;onLoadPanel=undefined&amp;captionBar=false\" width=\"100%\" height=\"300px\" frameborder=\"0\"><\/iframe><\/p>\n<p><a href=\"https:\/\/framacarte.org\/fr\/map\/jnbds_36207\">Voir en plein \u00e9cran<\/a><\/p>\n<p style=\"text-align: right;\"><a href=\"mailto: bl&#111;&#103;&#64;&#x62;&#x69;&#x75;&#x73;an&#116;&#101;&#46;&#x70;&#x61;&#x72;&#x69;sd&#101;&#115;&#99;&#x61;&#x72;&#x74;&#x65;s&#46;&#102;&#114;\">Les biblioth\u00e9caires de la BIU Sant\u00e9<\/a><\/p>\n<p>Un projet men\u00e9 par la BIU Sant\u00e9 dans le cadre de ses <a href=\"https:\/\/numerabilis.u-paris.fr\/medica\/blog\/index.php\/delegation-collex-persee-sante\/\" target=\"_blank\" rel=\"noopener\">missions nationales CollEx<\/a>.<\/p>\n<p><img loading=\"lazy\" decoding=\"async\" class=\"aligncenter wp-image-18383 size-full\" src=\"https:\/\/numerabilis.u-paris.fr\/medica\/blog\/wp-content\/uploads\/collex-logo-horizontal-couleurs.jpg\" alt=\"\" width=\"424\" height=\"162\" srcset=\"https:\/\/numerabilis.u-paris.fr\/medica\/blog\/wp-content\/uploads\/collex-logo-horizontal-couleurs.jpg 424w, https:\/\/numerabilis.u-paris.fr\/medica\/blog\/wp-content\/uploads\/collex-logo-horizontal-couleurs-300x115.jpg 300w\" sizes=\"(max-width: 424px) 85vw, 424px\" \/><\/p>\n<h2 style=\"text-align: left;\">En savoir plus<\/h2>\n<p><strong>Journ\u00e9e nationale des biblioth\u00e9caires et documentalistes en sant\u00e9<\/strong> (<em>#JNBDS<\/em>)<\/p>\n<p><a href=\"https:\/\/www.biusante.parisdescartes.fr\/decouvrir\/cooperer\/jnbds\/index.php\" target=\"_blank\" rel=\"noopener noreferrer\">Les \u00ab\u00a0actes\u00a0\u00bb de la JNBDS 2017<\/a><\/p>\n<p><a href=\"https:\/\/www.biusante.parisdescartes.fr\/decouvrir\/cooperer\/jnbds\/jnbds2018.php\" target=\"_blank\" rel=\"noopener noreferrer\">Les \u00ab\u00a0actes\u00a0\u00bb de la JNBDS 2018<\/a><\/p>\n<p><strong>Le lieu<\/strong> : p\u00f4le M\u00e9decine de la Biblioth\u00e8que interuniversitaire de Sant\u00e9 : 12, rue de l\u2019\u00c9cole-de-M\u00e9decine, 75006 Paris (m\u00e9tro Od\u00e9on)<\/p>\n<p><strong>Date <\/strong>: le vendredi 14 juin 2019 de 9h \u00e0 17h<\/p>\n<p><strong>Gratuit<\/strong><\/p>\n<p><em>Ce billet de blog sera r\u00e9guli\u00e8rement mis \u00e0 jour d\u2019ici juin pour vous tenir au courant de l\u2019avanc\u00e9e du projet.<\/em><\/p>\n<div id=\"schema_block\" class=\"schema_event\"><div itemscope itemtype=\"http:\/\/schema.org\/EducationEvent\"><div class=\"schema_name\" itemprop=\"name\">Journ\u00e9e nationale des biblioth\u00e9caires et documentalistes de sant\u00e9<\/div><div><meta itemprop=\"startDate\" content=\"2019-06-14T9:00\">Debut: 06\/14\/2019 09:00 am<\/div><div><meta itemprop=\"duration\" content=\"0000-00-00T08:00\">Duree: 8 heures:<\/div><\/div><div itemprop=\"address\" itemscope itemtype=\"http:\/\/schema.org\/PostalAddress\"><div class=\"street\" itemprop=\"streetAddress\">12, rue de l'Ecole-de-M\u00e9decine<\/div><div class=\"city_state\"><span class=\"locale\" itemprop=\"addressLocality\">Paris<\/span>,<span class=\"region\" itemprop=\"addressRegion\"> \u00cele-de-France<\/span><\/div><div class=\"postalcode\" itemprop=\"postalCode\">75006<\/div><div class=\"country\" itemprop=\"addressCountry\">FR<\/div><\/div><\/div>\n","protected":false},"excerpt":{"rendered":"<p>Et de trois ! Biblioth\u00e9caires et documentalistes en sant\u00e9, vous avez \u00e9t\u00e9 nombreux \u00e0 participer aux deux premi\u00e8res Journ\u00e9es nationales des biblioth\u00e9caires et documentalistes en sant\u00e9 (JNBDS). Nous vous proposons de nous retrouver \u00e0 nouveau cette ann\u00e9e, pour partager un moment de r\u00e9flexion sur nos missions et nos publics, le vendredi 14 juin 2019, \u00e0 &hellip; <a href=\"https:\/\/numerabilis.u-paris.fr\/medica\/blog\/index.php\/journee-nationale-bibliothecaires-documentalistes-sante-2019\/\" class=\"more-link\">Continuer la lecture<span class=\"screen-reader-text\"> de &laquo;&nbsp;Journ\u00e9e nationale des biblioth\u00e9caires et documentalistes en sant\u00e9, \u00e9dition 2019&nbsp;&raquo;<\/span><\/a><\/p>\n","protected":false},"author":1,"featured_media":0,"comment_status":"open","ping_status":"open","sticky":false,"template":"","format":"standard","meta":{"_monsterinsights_skip_tracking":false,"_monsterinsights_sitenote_active":false,"_monsterinsights_sitenote_note":"","_monsterinsights_sitenote_category":0,"footnotes":""},"categories":[7,14,15],"tags":[134,133,107,487],"class_list":["post-18227","post","type-post","status-publish","format-standard","hentry","category-histoiresante","category-medecine-odontologie","category-pharmacie-biologie-cosmetologie","tag-bibliothecaire","tag-bibliotheque","tag-colloque-congres-je","tag-jnbds"],"_links":{"self":[{"href":"https:\/\/numerabilis.u-paris.fr\/medica\/blog\/index.php\/wp-json\/wp\/v2\/posts\/18227"}],"collection":[{"href":"https:\/\/numerabilis.u-paris.fr\/medica\/blog\/index.php\/wp-json\/wp\/v2\/posts"}],"about":[{"href":"https:\/\/numerabilis.u-paris.fr\/medica\/blog\/index.php\/wp-json\/wp\/v2\/types\/post"}],"author":[{"embeddable":true,"href":"https:\/\/numerabilis.u-paris.fr\/medica\/blog\/index.php\/wp-json\/wp\/v2\/users\/1"}],"replies":[{"embeddable":true,"href":"https:\/\/numerabilis.u-paris.fr\/medica\/blog\/index.php\/wp-json\/wp\/v2\/comments?post=18227"}],"version-history":[{"count":14,"href":"https:\/\/numerabilis.u-paris.fr\/medica\/blog\/index.php\/wp-json\/wp\/v2\/posts\/18227\/revisions"}],"predecessor-version":[{"id":18794,"href":"https:\/\/numerabilis.u-paris.fr\/medica\/blog\/index.php\/wp-json\/wp\/v2\/posts\/18227\/revisions\/18794"}],"wp:attachment":[{"href":"https:\/\/numerabilis.u-paris.fr\/medica\/blog\/index.php\/wp-json\/wp\/v2\/media?parent=18227"}],"wp:term":[{"taxonomy":"category","embeddable":true,"href":"https:\/\/numerabilis.u-paris.fr\/medica\/blog\/index.php\/wp-json\/wp\/v2\/categories?post=18227"},{"taxonomy":"post_tag","embeddable":true,"href":"https:\/\/numerabilis.u-paris.fr\/medica\/blog\/index.php\/wp-json\/wp\/v2\/tags?post=18227"}],"curies":[{"name":"wp","href":"https:\/\/api.w.org\/{rel}","templated":true}]}}