{"id":18597,"date":"2019-04-15T11:40:55","date_gmt":"2019-04-15T09:40:55","guid":{"rendered":"https:\/\/numerabilis.u-paris.fr\/medica\/blog\/?p=18597"},"modified":"2019-04-30T10:27:24","modified_gmt":"2019-04-30T08:27:24","slug":"exposition-helena-rubinstein","status":"publish","type":"post","link":"https:\/\/numerabilis.u-paris.fr\/medica\/blog\/index.php\/exposition-helena-rubinstein\/","title":{"rendered":"Pr\u00e9sentation d&rsquo;ouvrages sur Helena Rubinstein"},"content":{"rendered":"<p><figure id=\"attachment_18612\" aria-describedby=\"caption-attachment-18612\" style=\"width: 212px\" class=\"wp-caption alignleft\"><a href=\"https:\/\/numerabilis.u-paris.fr\/medica\/blog\/wp-content\/uploads\/Affiche-exposition.jpg\"><img loading=\"lazy\" decoding=\"async\" class=\"size-medium wp-image-18612\" src=\"https:\/\/numerabilis.u-paris.fr\/medica\/blog\/wp-content\/uploads\/Affiche-exposition-212x300.jpg\" alt=\"\" width=\"212\" height=\"300\" srcset=\"https:\/\/numerabilis.u-paris.fr\/medica\/blog\/wp-content\/uploads\/Affiche-exposition-212x300.jpg 212w, https:\/\/numerabilis.u-paris.fr\/medica\/blog\/wp-content\/uploads\/Affiche-exposition.jpg 657w\" sizes=\"(max-width: 212px) 85vw, 212px\" \/><\/a><figcaption id=\"caption-attachment-18612\" class=\"wp-caption-text\">Affiche de l&rsquo;exposition. Source image : [R\u00e9clame Clinique de beaut\u00e9 Helena Rubinstein] in \u00ab\u00a0La parfumerie moderne\u00a0\u00bb, vol. 23-24, 1930.<\/figcaption><\/figure>Dans le cadre de l&rsquo;exposition <em>\u00abHelena Rubinstein : l&rsquo;aventure de la beaut\u00e9\u00bb <\/em>qui se d\u00e9roule <strong>jusqu&rsquo;au 25 ao\u00fbt 2019<\/strong> au <a href=\"https:\/\/www.mahj.org\/fr\/programme\/helena-rubinstein-l-aventure-de-la-beaute-74749\" target=\"_blank\" rel=\"noopener\"><strong>Mus\u00e9e d&rsquo;art et d&rsquo;histoire du juda\u00efsme<\/strong><\/a>, le p\u00f4le Pharmacie de la <strong>BIU sant\u00e9 <\/strong>vous propose une <strong>pr\u00e9sentation d&rsquo;ouvrages<\/strong> sur cette <em><strong>imp\u00e9ratrice de la beaut\u00e9<\/strong>.<\/em><\/p>\n<p>La s\u00e9lection d&rsquo;ouvrages propos\u00e9e est consultable du <strong>jeudi 11 avril au mardi 11 juin 2019<\/strong>. Alors n&rsquo;h\u00e9sitez pas \u00e0 feuilleter, et m\u00eame emprunter les documents les plus r\u00e9cents sur cette femme d&rsquo;exception. \u00c0 cette occasion, nous exposons \u00e9galement des documents issus de nos <strong>collections patrimoniales<\/strong> sur le th\u00e8me de la beaut\u00e9 au d\u00e9but du XX<sup>\u00e8me<\/sup> si\u00e8cle.<\/p>\n<p><!--more--><\/p>\n<p><figure id=\"attachment_18602\" aria-describedby=\"caption-attachment-18602\" style=\"width: 228px\" class=\"wp-caption alignright\"><a href=\"https:\/\/numerabilis.u-paris.fr\/medica\/blog\/wp-content\/uploads\/Rouge-\u00e0-l\u00e8vre.jpg\"><img loading=\"lazy\" decoding=\"async\" class=\"size-medium wp-image-18602\" src=\"https:\/\/numerabilis.u-paris.fr\/medica\/blog\/wp-content\/uploads\/Rouge-\u00e0-l\u00e8vre-228x300.jpg\" alt=\"\" width=\"228\" height=\"300\" srcset=\"https:\/\/numerabilis.u-paris.fr\/medica\/blog\/wp-content\/uploads\/Rouge-\u00e0-l\u00e8vre-228x300.jpg 228w, https:\/\/numerabilis.u-paris.fr\/medica\/blog\/wp-content\/uploads\/Rouge-\u00e0-l\u00e8vre.jpg 484w\" sizes=\"(max-width: 228px) 85vw, 228px\" \/><\/a><figcaption id=\"caption-attachment-18602\" class=\"wp-caption-text\">[R\u00e9clame les Rouges naturels de Coty] in \u00ab\u00a0La parfumerie fran\u00e7aise et l&rsquo;art dans la pr\u00e9sentation\u00a0\u00bb, 1925.<\/figcaption><\/figure>Dans les vitrines, vous trouverez une <a href=\"https:\/\/www.biusante.parisdescartes.fr\/histoire\/images\/index.php?mod=s&amp;tout=Helena+Rubinstein\" target=\"_blank\" rel=\"noopener\"><strong>publicit\u00e9 d&rsquo;un institut Helena Rubinstein<\/strong> <\/a>se trouvant dans la revue <a href=\"http:\/\/catalogue.biusante.parisdescartes.fr\/ipac20\/ipac.jsp?session=1U549K6905110.695&amp;profile=biusante2&amp;uri=link=3100022~!2960~!3100001~!3100002&amp;aspect=subtab104&amp;menu=search&amp;ri=4&amp;source=~!apothicat&amp;term=P+15270&amp;index=COTPPHA\" target=\"_blank\" rel=\"noopener\"><em>La parfumerie moderne : revue scientifique et de d\u00e9fense professionnelle<\/em><\/a>, datant de 1930. Deux autres r\u00e9clames proviennent de cette m\u00eame revue :\u00a0 <a href=\"https:\/\/www.biusante.parisdescartes.fr\/histoire\/images\/index.php?refphot=medpharma_p15270x1929x22x0993\" target=\"_blank\" rel=\"noopener\"><strong>Cr\u00e8me B\u00e9atrice, cr\u00e8me de beaut\u00e9<\/strong><\/a>, parue en 1929 et <a href=\"https:\/\/www.biusante.parisdescartes.fr\/histoire\/images\/index.php?refphot=medpharma_p15270x1926x19x0953\" target=\"_blank\" rel=\"noopener\"><strong>Poudre compacte ocreros\u00e9 Lubin \u00e0 Paris<\/strong><\/a>, parue en 1926. Nous ne pouvions pas parler beaut\u00e9 en omettant le rouge \u00e0 l\u00e8vre, ainsi est expos\u00e9e une r\u00e9clame sur les <a href=\"https:\/\/www.biusante.parisdescartes.fr\/histoire\/images\/index.php?refphot=medpharma_res008536x0203\" target=\"_blank\" rel=\"noopener\"><strong>Rouges naturels de Coty<\/strong><\/a> qui se trouve dans l&rsquo;ouvrage paru en 1925 : <a href=\"http:\/\/catalogue.biusante.parisdescartes.fr\/ipac20\/ipac.jsp?session=1U549K6905110.695&amp;profile=biusante2&amp;uri=link=3100006~!132016~!3100001~!3100002&amp;aspect=subtab104&amp;menu=search&amp;ri=1&amp;source=~!apothicat&amp;term=RES+8536&amp;index=CALLNLM\" target=\"_blank\" rel=\"noopener\"><em>La parfumerie fran\u00e7aise et l&rsquo;art dans la pr\u00e9sentation<\/em><\/a>.\u00a0 Tous ces documents sont consultables sur notre biblioth\u00e8que num\u00e9rique <a href=\"https:\/\/www.biusante.parisdescartes.fr\/histoire\/medica\/index.php\" target=\"_blank\" rel=\"noopener\">Medic@<\/a>.<\/p>\n<p>La s\u00e9lection d&rsquo;ouvrages contemporains, parcourt les \u00e9tapes de la vie de cette femme, fondatrice d&rsquo;un empire qui porte son nom. Vous trouverez :<\/p>\n<ul>\n<li><em><a href=\"http:\/\/catalogue.biusante.parisdescartes.fr\/ipac20\/ipac.jsp?session=1U549K6905110.695&amp;profile=biusante2&amp;uri=link=3100006~!263444~!3100001~!3100002&amp;aspect=subtab104&amp;menu=search&amp;ri=24&amp;source=~!apothicat&amp;term=211362&amp;index=CALLNLM\" target=\"_blank\" rel=\"noopener\">HR, Helena Rubinstein<\/a><\/em>, par Catherine Jazdzewski. Paris : Editions<figure id=\"attachment_18604\" aria-describedby=\"caption-attachment-18604\" style=\"width: 236px\" class=\"wp-caption alignright\"><a href=\"https:\/\/numerabilis.u-paris.fr\/medica\/blog\/wp-content\/uploads\/H\u00e9l\u00e9na-Rubinstein.jpg\"><img loading=\"lazy\" decoding=\"async\" class=\"wp-image-18604 size-medium\" src=\"https:\/\/numerabilis.u-paris.fr\/medica\/blog\/wp-content\/uploads\/H\u00e9l\u00e9na-Rubinstein-236x300.jpg\" alt=\"\" width=\"236\" height=\"300\" srcset=\"https:\/\/numerabilis.u-paris.fr\/medica\/blog\/wp-content\/uploads\/H\u00e9l\u00e9na-Rubinstein-236x300.jpg 236w, https:\/\/numerabilis.u-paris.fr\/medica\/blog\/wp-content\/uploads\/H\u00e9l\u00e9na-Rubinstein.jpg 301w\" sizes=\"(max-width: 236px) 85vw, 236px\" \/><\/a><figcaption id=\"caption-attachment-18604\" class=\"wp-caption-text\">[R\u00e9clame Clinique de beaut\u00e9 Helena Rubinstein] in \u00ab\u00a0La parfumerie moderne\u00a0\u00bb, vol. 23-24, 1930.<\/figcaption><\/figure>Assouline, DL 1999. <strong>Cote : 211362<\/strong><\/li>\n<li><a href=\"http:\/\/catalogue.biusante.parisdescartes.fr\/ipac20\/ipac.jsp?session=1U549K6905110.695&amp;profile=biusante2&amp;uri=link=3100006~!263420~!3100001~!3100002&amp;aspect=subtab104&amp;menu=search&amp;ri=24&amp;source=~!apothicat&amp;term=211365&amp;index=CALLNLM\"><em>Helena Rubinstein<\/em><\/a>, Madeleine Leveau-Fernandez. [Paris] : Flammarion, DL 2003. <strong>Cote : 211364<\/strong><\/li>\n<li><a href=\"http:\/\/catalogue.biusante.parisdescartes.fr\/ipac20\/ipac.jsp?session=1U549K6905110.695&amp;profile=biusante2&amp;uri=link=3100006~!340719~!3100001~!3100002&amp;aspect=subtab104&amp;menu=search&amp;ri=26&amp;source=~!apothicat&amp;term=213810&amp;index=CALLNLM\"><em>Helena Rubinstein : la femme qui inventa la beaut\u00e9<\/em><\/a>, Mich\u00e8le Fitoussi. Paris : Bernard Grasset, DL 2010. <strong>Cote : 213810<\/strong><\/li>\n<li><a href=\"http:\/\/catalogue.biusante.parisdescartes.fr\/ipac20\/ipac.jsp?session=1U549K6905110.695&amp;profile=biusante2&amp;uri=link=3100006~!344304~!3100001~!3100002&amp;aspect=subtab104&amp;menu=search&amp;ri=28&amp;source=~!apothicat&amp;term=213878&amp;index=CALLNLM\"><em>War paint : Madame Helena Rubinstein and Miss Elizabeth Arden : their lives, their times, their rivalry<\/em><\/a>, Lindy Woodhead. Hoboken (New Jersey) : John Wiley &amp; Sons, 2003. <strong>Cote : 213878<\/strong><\/li>\n<li><a href=\"http:\/\/catalogue.biusante.parisdescartes.fr\/ipac20\/ipac.jsp?session=1U549K6905110.695&amp;profile=biusante2&amp;uri=link=3100006~!747835~!3100001~!3100002&amp;aspect=subtab104&amp;menu=search&amp;ri=30&amp;source=~!apothicat&amp;term=215427&amp;index=CALLNLM\"><em>Hope in a jar : the making of america&rsquo;s beauty culture<\/em><\/a>, Kathy Peiss. Philadelphia : University of Pennsylvania, 2011. <strong>Cote : 215427<\/strong><\/li>\n<li><a href=\"http:\/\/catalogue.biusante.parisdescartes.fr\/ipac20\/ipac.jsp?session=1U549K6905110.695&amp;profile=biusante2&amp;uri=link=3100006~!51682~!3100001~!3100002&amp;aspect=subtab104&amp;menu=search&amp;ri=32&amp;source=~!apothicat&amp;term=117910&amp;index=CALLNLM\"><em>Grain de beaut\u00e9 : un si\u00e8cle de beaut\u00e9 par la publicit\u00e9<\/em><\/a>, Claudine Chevrel, B\u00e9atrice Cornet. Paris : Somogy, Biblioth\u00e8que Forney, 1993. <strong>Cote : 117910+1<\/strong><\/li>\n<\/ul>\n<p>Pour information, l&rsquo;exposition du Mus\u00e9e d&rsquo;art et d&rsquo;histoire du juda\u00efsme \u00ab<em>Helena Rubinstein : l&rsquo;aventure de la beaut\u00e9\u00bb<\/em>, s&rsquo;accompagne d&rsquo;une <a href=\"https:\/\/www.mahj.org\/fr\/ressources-editions\/helena-rubinstein-75107\" target=\"_blank\" rel=\"noopener\">publication<\/a>. La biblioth\u00e8que du p\u00f4le pharmacie met \u00e0 votre disposition le dossier de presse de l&rsquo;\u00e9v\u00e9nement.<\/p>\n<p style=\"text-align: right;\"><a href=\"mailto&#58;&#116;&#121;&#112;&#104;&#97;&#110;&#x69;&#x65;&#x2e;&#x6d;&#x61;&#x72;&#x74;&#x69;&#x6e;&#x40;&#x62;&#x69;usante&#46;&#112;&#97;&#114;&#105;&#115;&#100;&#x65;&#x73;&#x63;&#x61;&#x72;&#x74;&#x65;&#x73;&#x2e;&#x66;&#x72;\">Typhanie Martin<\/a><\/p>\n<div id='gallery-1' class='gallery galleryid-18597 gallery-columns-2 gallery-size-medium'><figure class='gallery-item'>\n\t\t\t<div class='gallery-icon portrait'>\n\t\t\t\t<a href='https:\/\/numerabilis.u-paris.fr\/medica\/blog\/wp-content\/uploads\/pub-rouge-\u00e0-l\u00e8vre.jpg'><img loading=\"lazy\" decoding=\"async\" width=\"236\" height=\"300\" src=\"https:\/\/numerabilis.u-paris.fr\/medica\/blog\/wp-content\/uploads\/pub-rouge-\u00e0-l\u00e8vre-236x300.jpg\" class=\"attachment-medium size-medium\" alt=\"\" aria-describedby=\"gallery-1-18615\" srcset=\"https:\/\/numerabilis.u-paris.fr\/medica\/blog\/wp-content\/uploads\/pub-rouge-\u00e0-l\u00e8vre-236x300.jpg 236w, https:\/\/numerabilis.u-paris.fr\/medica\/blog\/wp-content\/uploads\/pub-rouge-\u00e0-l\u00e8vre-768x978.jpg 768w, https:\/\/numerabilis.u-paris.fr\/medica\/blog\/wp-content\/uploads\/pub-rouge-\u00e0-l\u00e8vre-804x1024.jpg 804w, https:\/\/numerabilis.u-paris.fr\/medica\/blog\/wp-content\/uploads\/pub-rouge-\u00e0-l\u00e8vre.jpg 845w\" sizes=\"(max-width: 236px) 85vw, 236px\" \/><\/a>\n\t\t\t<\/div>\n\t\t\t\t<figcaption class='wp-caption-text gallery-caption' id='gallery-1-18615'>\n\t\t\t\t[R\u00e9clame : Rouge \u00e0 l\u00e8vre] in \u00ab\u00a0La parfumerie moderne\u00a0\u00bb, vol. 20, 1927.\n\t\t\t\t<\/figcaption><\/figure><figure class='gallery-item'>\n\t\t\t<div class='gallery-icon portrait'>\n\t\t\t\t<a href='https:\/\/numerabilis.u-paris.fr\/medica\/blog\/wp-content\/uploads\/Cr\u00e8me-B\u00e9atrice.jpg'><img loading=\"lazy\" decoding=\"async\" width=\"240\" height=\"300\" src=\"https:\/\/numerabilis.u-paris.fr\/medica\/blog\/wp-content\/uploads\/Cr\u00e8me-B\u00e9atrice-240x300.jpg\" class=\"attachment-medium size-medium\" alt=\"\" aria-describedby=\"gallery-1-18606\" srcset=\"https:\/\/numerabilis.u-paris.fr\/medica\/blog\/wp-content\/uploads\/Cr\u00e8me-B\u00e9atrice-240x300.jpg 240w, https:\/\/numerabilis.u-paris.fr\/medica\/blog\/wp-content\/uploads\/Cr\u00e8me-B\u00e9atrice.jpg 374w\" sizes=\"(max-width: 240px) 85vw, 240px\" \/><\/a>\n\t\t\t<\/div>\n\t\t\t\t<figcaption class='wp-caption-text gallery-caption' id='gallery-1-18606'>\n\t\t\t\t[R\u00e9clame, cr\u00e8me B\u00e9atrice, cr\u00e8me de beaut\u00e9] in \u00ab\u00a0La parfumerie moderne\u00a0\u00bb, vol. 22, 1929.\n\t\t\t\t<\/figcaption><\/figure>\n\t\t<\/div>\n\n<div id=\"schema_block\" class=\"schema_event\"><div itemscope itemtype=\"http:\/\/schema.org\/Event\"><div class=\"schema_name\" itemprop=\"name\">Exposition Helena Rubinstein Pr\u00e9sentation d'ouvrages<\/div><div><meta itemprop=\"startDate\" content=\"2019-04-11\">Debut: 04\/11\/2019<\/div><div><meta itemprop=\"endDate\" content=\"2019-06-11:00.000\">Fin: 06\/11\/2019<\/div><\/div><div itemprop=\"address\" itemscope itemtype=\"http:\/\/schema.org\/PostalAddress\"><div class=\"street\" itemprop=\"streetAddress\">4, avenue de l'Observatoire<\/div><div class=\"city_state\"><span class=\"locale\" itemprop=\"addressLocality\">Paris<\/span><\/div><div class=\"postalcode\" itemprop=\"postalCode\">75006<\/div><div class=\"country\" itemprop=\"addressCountry\">FR<\/div><\/div><\/div>\n<p>&nbsp;<\/p>\n<p><em>\u00a0<\/em><\/p>\n","protected":false},"excerpt":{"rendered":"<p>Dans le cadre de l&rsquo;exposition \u00abHelena Rubinstein : l&rsquo;aventure de la beaut\u00e9\u00bb qui se d\u00e9roule jusqu&rsquo;au 25 ao\u00fbt 2019 au Mus\u00e9e d&rsquo;art et d&rsquo;histoire du juda\u00efsme, le p\u00f4le Pharmacie de la BIU sant\u00e9 vous propose une pr\u00e9sentation d&rsquo;ouvrages sur cette imp\u00e9ratrice de la beaut\u00e9. La s\u00e9lection d&rsquo;ouvrages propos\u00e9e est consultable du jeudi 11 avril au &hellip; <a href=\"https:\/\/numerabilis.u-paris.fr\/medica\/blog\/index.php\/exposition-helena-rubinstein\/\" class=\"more-link\">Continuer la lecture<span class=\"screen-reader-text\"> de &laquo;&nbsp;Pr\u00e9sentation d&rsquo;ouvrages sur Helena Rubinstein&nbsp;&raquo;<\/span><\/a><\/p>\n","protected":false},"author":32,"featured_media":0,"comment_status":"open","ping_status":"open","sticky":false,"template":"","format":"standard","meta":{"_monsterinsights_skip_tracking":false,"_monsterinsights_sitenote_active":false,"_monsterinsights_sitenote_note":"","_monsterinsights_sitenote_category":0,"footnotes":""},"categories":[7,15],"tags":[54,493,103,10,494,350,495,111,140],"class_list":["post-18597","post","type-post","status-publish","format-standard","hentry","category-histoiresante","category-pharmacie-biologie-cosmetologie","tag-20e-s","tag-beaute","tag-cosmetologie","tag-exposition","tag-helena-rubinstein","tag-maquillage","tag-musee-dart-et-dhistoire-du-judaisme","tag-parfumerie","tag-publicites-pharmaceutiques"],"_links":{"self":[{"href":"https:\/\/numerabilis.u-paris.fr\/medica\/blog\/index.php\/wp-json\/wp\/v2\/posts\/18597"}],"collection":[{"href":"https:\/\/numerabilis.u-paris.fr\/medica\/blog\/index.php\/wp-json\/wp\/v2\/posts"}],"about":[{"href":"https:\/\/numerabilis.u-paris.fr\/medica\/blog\/index.php\/wp-json\/wp\/v2\/types\/post"}],"author":[{"embeddable":true,"href":"https:\/\/numerabilis.u-paris.fr\/medica\/blog\/index.php\/wp-json\/wp\/v2\/users\/32"}],"replies":[{"embeddable":true,"href":"https:\/\/numerabilis.u-paris.fr\/medica\/blog\/index.php\/wp-json\/wp\/v2\/comments?post=18597"}],"version-history":[{"count":17,"href":"https:\/\/numerabilis.u-paris.fr\/medica\/blog\/index.php\/wp-json\/wp\/v2\/posts\/18597\/revisions"}],"predecessor-version":[{"id":18692,"href":"https:\/\/numerabilis.u-paris.fr\/medica\/blog\/index.php\/wp-json\/wp\/v2\/posts\/18597\/revisions\/18692"}],"wp:attachment":[{"href":"https:\/\/numerabilis.u-paris.fr\/medica\/blog\/index.php\/wp-json\/wp\/v2\/media?parent=18597"}],"wp:term":[{"taxonomy":"category","embeddable":true,"href":"https:\/\/numerabilis.u-paris.fr\/medica\/blog\/index.php\/wp-json\/wp\/v2\/categories?post=18597"},{"taxonomy":"post_tag","embeddable":true,"href":"https:\/\/numerabilis.u-paris.fr\/medica\/blog\/index.php\/wp-json\/wp\/v2\/tags?post=18597"}],"curies":[{"name":"wp","href":"https:\/\/api.w.org\/{rel}","templated":true}]}}