{"id":18697,"date":"2019-05-15T12:03:44","date_gmt":"2019-05-15T10:03:44","guid":{"rendered":"https:\/\/numerabilis.u-paris.fr\/medica\/blog\/?p=18697"},"modified":"2019-05-15T12:05:02","modified_gmt":"2019-05-15T10:05:02","slug":"atelier-wikipedia-2019-pour-les-sages-femmes","status":"publish","type":"post","link":"https:\/\/numerabilis.u-paris.fr\/medica\/blog\/index.php\/atelier-wikipedia-2019-pour-les-sages-femmes\/","title":{"rendered":"Atelier Wikip\u00e9dia 2019 pour les sages-femmes"},"content":{"rendered":"<p>Depuis trois ans, la BIU Sant\u00e9 et <a href=\"https:\/\/www.wikimedia.fr\/\" target=\"_blank\" rel=\"noopener\">Wikim\u00e9dia France<\/a> d\u00e9veloppent \u00e9changes et partenariats, que ce soit au travers de l\u2019alimentation de la <a href=\"https:\/\/numerabilis.u-paris.fr\/medica\/blog\/index.php\/portraits-de-biu-sante-wikimedia-commons\/\" target=\"_blank\" rel=\"noopener\">banque d\u2019images<\/a> Wikim\u00e9dia Commons ou le d\u00e9veloppement d\u2019une offre de formation \u00e0 destination des \u00e9tudiant(e)s sages-femmes.<\/p>\n<p>Le mois d\u2019avril 2019 a \u00e9t\u00e9 l\u2019occasion de renouveler cette exp\u00e9rience en formant ainsi 8 sages-femmes de l\u2019\u00e9cole Baudelocque au cours de deux s\u00e9ances de trois heures anim\u00e9es \u00e0 la biblioth\u00e8que universitaire Cochin. Une fois de plus, nous saluons la disponibilit\u00e9 et l\u2019investissement des b\u00e9n\u00e9voles de Wikim\u00e9dia France : <u><a href=\"https:\/\/fr.wikipedia.org\/wiki\/Utilisateur:Chaoborus\" target=\"_blank\" rel=\"noopener\">Chaoborus<\/a><\/u>, <u><a href=\"https:\/\/fr.wikipedia.org\/wiki\/Utilisateur:Kikuyu3\" target=\"_blank\" rel=\"noopener\">Kikuyu3<\/a><\/u>, <a href=\"https:\/\/fr.wikipedia.org\/wiki\/Utilisateur:Litlok\" target=\"_blank\" rel=\"noopener\">Litlok<\/a> et <u><a href=\"https:\/\/fr.wikipedia.org\/wiki\/Utilisateur:Wikinade\" target=\"_blank\" rel=\"noopener\">Wikinade<\/a><\/u>.<\/p>\n<h2><strong>De la d\u00e9couverte\u2026<\/strong><\/h2>\n<p><a href=\"https:\/\/numerabilis.u-paris.fr\/medica\/blog\/wp-content\/uploads\/wiki2.jpg\"><img loading=\"lazy\" decoding=\"async\" class=\"alignleft size-medium wp-image-18716\" src=\"https:\/\/numerabilis.u-paris.fr\/medica\/blog\/wp-content\/uploads\/wiki2-300x282.jpg\" alt=\"\" width=\"300\" height=\"282\" srcset=\"https:\/\/numerabilis.u-paris.fr\/medica\/blog\/wp-content\/uploads\/wiki2-300x282.jpg 300w, https:\/\/numerabilis.u-paris.fr\/medica\/blog\/wp-content\/uploads\/wiki2-768x722.jpg 768w, https:\/\/numerabilis.u-paris.fr\/medica\/blog\/wp-content\/uploads\/wiki2-1024x963.jpg 1024w, https:\/\/numerabilis.u-paris.fr\/medica\/blog\/wp-content\/uploads\/wiki2-1200x1129.jpg 1200w\" sizes=\"(max-width: 300px) 85vw, 300px\" \/><\/a>Une premi\u00e8re s\u00e9ance introductive consacr\u00e9e \u00e0 une pr\u00e9sentation g\u00e9n\u00e9rale de Wikip\u00e9dia (<em>historique, r\u00e8gles de publication, vie de la communaut\u00e9, mod\u00e9ration<\/em>) permettait aux \u00e9tudiantes de mieux comprendre les enjeux de l\u2019encyclop\u00e9die libre et les conditions de son enrichissement. \u00c0 l\u2019issue de cette initiation, les \u00e9tudiantes \u00e9taient invit\u00e9es \u00e0 cr\u00e9er leur propre compte avant de pouvoir modifier ou compl\u00e9ter une page, voire m\u00eame d\u2019en cr\u00e9er une nouvelle. Par groupe de deux ou trois, il leur \u00e9tait propos\u00e9 de corriger ou de compl\u00e9ter quelques pages choisies au sein d\u2019<u><a href=\"https:\/\/fr.wikipedia.org\/wiki\/Projet:BIU_Sant%C3%A9\/Liste_d%27articles\" target=\"_blank\" rel=\"noopener\">une liste d\u2019articles \u00ab\u00a0perfectibles\u00a0\u00bb<\/a><\/u>.<\/p>\n<h2><strong>\u2026 \u00e0 l\u2019action<\/strong><\/h2>\n<p><a href=\"https:\/\/numerabilis.u-paris.fr\/medica\/blog\/wp-content\/uploads\/wiki.jpg\"><img loading=\"lazy\" decoding=\"async\" class=\"alignright size-medium wp-image-18717\" src=\"https:\/\/numerabilis.u-paris.fr\/medica\/blog\/wp-content\/uploads\/wiki-300x192.jpg\" alt=\"\" width=\"300\" height=\"192\" srcset=\"https:\/\/numerabilis.u-paris.fr\/medica\/blog\/wp-content\/uploads\/wiki-300x192.jpg 300w, https:\/\/numerabilis.u-paris.fr\/medica\/blog\/wp-content\/uploads\/wiki-768x491.jpg 768w, https:\/\/numerabilis.u-paris.fr\/medica\/blog\/wp-content\/uploads\/wiki-1024x655.jpg 1024w, https:\/\/numerabilis.u-paris.fr\/medica\/blog\/wp-content\/uploads\/wiki-1200x767.jpg 1200w\" sizes=\"(max-width: 300px) 85vw, 300px\" \/><\/a>La seconde s\u00e9ance permettait de revenir sur les savoirs acquis au cours de la premi\u00e8re et de pr\u00e9senter les modifications r\u00e9alis\u00e9es entretemps sur les pages s\u00e9lectionn\u00e9es. L\u2019exploration de l\u2019historique des modifications, l\u2019\u00e9valuation de la pertinence des ajouts, l\u2019analyse critique du contenu des articles, de leur neutralit\u00e9 et de leurs illustrations ont \u00e9t\u00e9 l\u2019occasion de mettre en pratique les principes \u00e9voqu\u00e9s lors de la s\u00e9ance d\u2019initiation.<\/p>\n<p>La pr\u00e9sentation des travaux des \u00e9tudiantes a ouvert le d\u00e9bat et permis aux b\u00e9n\u00e9voles de revenir sur des points essentiels\u00a0: l\u2019importance de la cr\u00e9ation de sujets p\u00e9rennes, de l\u2019usage de sources ais\u00e9ment accessibles, la longueur des articles, etc.<\/p>\n<p>Ainsi, <a href=\"https:\/\/outreachdashboard.wmflabs.org\/courses\/Biblioth%C3%A8que_interuniversitaire_de_sant%C3%A9,_Paris\/BIU_Sant%C3%A9_3\/articles\/edited\" target=\"_blank\" rel=\"noopener\">plusieurs articles ont \u00e9t\u00e9 modifi\u00e9s<\/a>\u00a0: <a href=\"https:\/\/fr.wikipedia.org\/wiki\/Tabagisme_pendant_la_grossesse\" target=\"_blank\" rel=\"noopener\">tabagisme pendant la grossesse<\/a>, <a href=\"https:\/\/fr.wikipedia.org\/wiki\/D%C3%A9ni_de_grossesse\" target=\"_blank\" rel=\"noopener\">d\u00e9ni de grossesse<\/a>, <a href=\"https:\/\/fr.wikipedia.org\/wiki\/Post-partum\" target=\"_blank\" rel=\"noopener\">post-partum<\/a>, <a href=\"https:\/\/fr.wikipedia.org\/wiki\/R%C3%A9flexe_archa%C3%AFque\" target=\"_blank\" rel=\"noopener\">r\u00e9flexe archa\u00efque<\/a>\u2026. Ce travail a permis aux \u00e9tudiantes de se familiariser avec les outils de publication de Wikip\u00e9dia, tout en d\u00e9veloppant leur sentiment de l\u00e9gitimit\u00e9. En montrant toutes les \u00e9chelles de contribution possibles, de la simple correction orthographique \u00e0 l\u2019ajout de r\u00e9f\u00e9rences et de contenu, les b\u00e9n\u00e9voles ont su rendre accessible et tangible la participation \u00e0 ce chantier collectif.<\/p>\n<h2><strong>Soyez les acteurs du savoir !<\/strong><\/h2>\n<p>La cr\u00e9ation d\u2019un compte Wikip\u00e9dia est <strong>simple<\/strong> et <strong>rapide<\/strong>. Chacun peut contribuer \u00e0 la hauteur du temps qu\u2019il a \u00e0 y consacrer.<\/p>\n<p>Biblioth\u00e9caires, professionnels de sant\u00e9, \u00e9tudiants, chercheurs, vous pouvez tous rajouter votre pierre \u00e0 l\u2019\u00e9difice pour enrichir cette fabuleuse encyclop\u00e9die.<\/p>\n<p>Si vous ne savez pas par o\u00f9 commencer, d\u00e9couvrez Wikip\u00e9dia, son fonctionnement et ses r\u00e8gles\u00a0 en consultant le guide <em><a href=\"https:\/\/upload.wikimedia.org\/wikipedia\/commons\/e\/ef\/Welcome2WP_French_WEB.pdf\" target=\"_blank\" rel=\"noopener\">Participer \u00e0 Wikip\u00e9dia<\/a><\/em>.<\/p>\n<p>\u00c0 noter que dans le domaine m\u00e9dical, un partenariat existe d\u00e9sormais entre <em>Wikip\u00e9dia<\/em> et la <u><a href=\"https:\/\/www.cochrane.org\/\" target=\"_blank\" rel=\"noopener\">Collaboration Cochrane<\/a><\/u>. Les articles de <em>Wikip\u00e9dia<\/em>, bien r\u00e9f\u00e9renc\u00e9s, sont en effet souvent consult\u00e9s par les internautes en qu\u00eate d\u2019informations sur la sant\u00e9. Il faut donc veiller \u00e0 ce que les informations sur ces sujets soient particuli\u00e8rement fiables.<\/p>\n<h2><strong>En savoir plus<\/strong><\/h2>\n<p>L\u2019initiative de la BIU Sant\u00e9 est cit\u00e9e dans le document de l\u2019ADBU <u><a href=\"http:\/\/adbu.fr\/les-bu-pour-une-information-fiable-et-de-qualite\/\" target=\"_blank\" rel=\"noopener\">\u00abLes BU pour une information fiable et de qualit\u00e9\u00bb<\/a><\/u><\/p>\n<p><u><a href=\"https:\/\/numerabilis.u-paris.fr\/medica\/blog\/index.php\/atelier-wikipedia-sages-femmes\/\" target=\"_blank\" rel=\"noopener\">L\u2019atelier propos\u00e9 en 2017 et son origine<\/a><\/u><\/p>\n<p style=\"text-align: right;\"><a href=\"&#109;&#x61;i&#x6c;&#x74;&#111;&#x3a;b&#97;&#x73;&#116;&#x69;e&#110;&#x2e;b&#x6c;a&#110;&#x63;h&#x6f;&#x6e;&#64;&#x62;i&#117;&#x73;&#97;&#x6e;t&#101;&#x2e;&#112;&#x61;r&#105;&#x73;d&#x65;&#x73;&#99;&#x61;r&#116;&#x65;&#115;&#x2e;f&#114;\" target=\"_blank\" rel=\"noopener\">Bastien Blanchon<\/a><\/p>\n","protected":false},"excerpt":{"rendered":"<p>Depuis trois ans, la BIU Sant\u00e9 et Wikim\u00e9dia France d\u00e9veloppent \u00e9changes et partenariats, que ce soit au travers de l\u2019alimentation de la banque d\u2019images Wikim\u00e9dia Commons ou le d\u00e9veloppement d\u2019une offre de formation \u00e0 destination des \u00e9tudiant(e)s sages-femmes. Le mois d\u2019avril 2019 a \u00e9t\u00e9 l\u2019occasion de renouveler cette exp\u00e9rience en formant ainsi 8 sages-femmes de &hellip; <a href=\"https:\/\/numerabilis.u-paris.fr\/medica\/blog\/index.php\/atelier-wikipedia-2019-pour-les-sages-femmes\/\" class=\"more-link\">Continuer la lecture<span class=\"screen-reader-text\"> de &laquo;&nbsp;Atelier Wikip\u00e9dia 2019 pour les sages-femmes&nbsp;&raquo;<\/span><\/a><\/p>\n","protected":false},"author":1,"featured_media":0,"comment_status":"open","ping_status":"open","sticky":false,"template":"","format":"standard","meta":{"_monsterinsights_skip_tracking":false,"_monsterinsights_sitenote_active":false,"_monsterinsights_sitenote_note":"","_monsterinsights_sitenote_category":0,"footnotes":""},"categories":[14],"tags":[498,337,191,336,110],"class_list":["post-18697","post","type-post","status-publish","format-standard","hentry","category-medecine-odontologie","tag-etiquettes-etiquettes-formation","tag-maieutique","tag-partenariat","tag-sage-femme","tag-wikipedia"],"_links":{"self":[{"href":"https:\/\/numerabilis.u-paris.fr\/medica\/blog\/index.php\/wp-json\/wp\/v2\/posts\/18697"}],"collection":[{"href":"https:\/\/numerabilis.u-paris.fr\/medica\/blog\/index.php\/wp-json\/wp\/v2\/posts"}],"about":[{"href":"https:\/\/numerabilis.u-paris.fr\/medica\/blog\/index.php\/wp-json\/wp\/v2\/types\/post"}],"author":[{"embeddable":true,"href":"https:\/\/numerabilis.u-paris.fr\/medica\/blog\/index.php\/wp-json\/wp\/v2\/users\/1"}],"replies":[{"embeddable":true,"href":"https:\/\/numerabilis.u-paris.fr\/medica\/blog\/index.php\/wp-json\/wp\/v2\/comments?post=18697"}],"version-history":[{"count":5,"href":"https:\/\/numerabilis.u-paris.fr\/medica\/blog\/index.php\/wp-json\/wp\/v2\/posts\/18697\/revisions"}],"predecessor-version":[{"id":18719,"href":"https:\/\/numerabilis.u-paris.fr\/medica\/blog\/index.php\/wp-json\/wp\/v2\/posts\/18697\/revisions\/18719"}],"wp:attachment":[{"href":"https:\/\/numerabilis.u-paris.fr\/medica\/blog\/index.php\/wp-json\/wp\/v2\/media?parent=18697"}],"wp:term":[{"taxonomy":"category","embeddable":true,"href":"https:\/\/numerabilis.u-paris.fr\/medica\/blog\/index.php\/wp-json\/wp\/v2\/categories?post=18697"},{"taxonomy":"post_tag","embeddable":true,"href":"https:\/\/numerabilis.u-paris.fr\/medica\/blog\/index.php\/wp-json\/wp\/v2\/tags?post=18697"}],"curies":[{"name":"wp","href":"https:\/\/api.w.org\/{rel}","templated":true}]}}