{"id":1883,"date":"2013-08-16T14:00:38","date_gmt":"2013-08-16T12:00:38","guid":{"rendered":"https:\/\/numerabilis.u-paris.fr\/medica\/blog\/?p=1883"},"modified":"2013-07-26T13:54:54","modified_gmt":"2013-07-26T11:54:54","slug":"patrick-berche-savoir-vagabond","status":"publish","type":"post","link":"https:\/\/numerabilis.u-paris.fr\/medica\/blog\/index.php\/patrick-berche-savoir-vagabond\/","title":{"rendered":"Le savoir vagabond de Patrick Berche"},"content":{"rendered":"<figure id=\"attachment_1941\" aria-describedby=\"caption-attachment-1941\" style=\"width: 400px\" class=\"wp-caption alignright\"><a title=\"Dissection de Mondino\" href=\"https:\/\/www.biusante.parisdescartes.fr\/histmed\/image?00421\" target=\"_blank\"><img loading=\"lazy\" decoding=\"async\" class=\"size-full wp-image-1941\" title=\"Mondino400\" src=\"https:\/\/numerabilis.u-paris.fr\/medica\/blog\/wp-content\/uploads\/Mondino400.jpg\" alt=\"Dissection de Mondino\" width=\"400\" height=\"602\" srcset=\"https:\/\/numerabilis.u-paris.fr\/medica\/blog\/wp-content\/uploads\/Mondino400.jpg 400w, https:\/\/numerabilis.u-paris.fr\/medica\/blog\/wp-content\/uploads\/Mondino400-199x300.jpg 199w\" sizes=\"(max-width: 400px) 85vw, 400px\" \/><\/a><figcaption id=\"caption-attachment-1941\" class=\"wp-caption-text\">Anathomie, MONDINO DEI LUZZI, 1532. Cote : 006524<\/figcaption><\/figure>\n<p><a title=\"Patrick Berche sur Wikip\u00e9dia\" href=\"http:\/\/fr.wikipedia.org\/wiki\/Patrick_Berche\" target=\"_blank\">Patrick Berche<\/a>, doyen de <a title=\"Facult\u00e9 de m\u00e9decine Paris Descartes\" href=\"http:\/\/www.medecine.parisdescartes.fr\/\" target=\"_blank\">la facult\u00e9 de M\u00e9decine Paris Descartes<\/a> vient de publier un nouvel ouvrage, <strong>\u00ab<em><a title=\"Le savoir vagabond\" href=\"https:\/\/www.biusante.parisdescartes.fr\/ppn?169936678\" target=\"_blank\">Le savoir vagabond, histoire de l&rsquo;enseignement de la m\u00e9decine<\/a><\/em>\u00bb<\/strong>.<\/p>\n<p>Un savoir vagabond, qui prosp\u00e8re successivement en divers lieux du pourtour m\u00e9diterran\u00e9en, de l&rsquo;Europe puis du Nouveau Monde, au fil des si\u00e8cles et des progr\u00e8s scientifiques.<\/p>\n<p><a title=\"Savoir vagabond\" href=\"http:\/\/www.parisdescartes.fr\/Actualite\/Le-Savoir-Vagabond\" target=\"_blank\">Pour consulter le r\u00e9sum\u00e9 du livre en quatri\u00e8me de couverture, cliquez ici<\/a>.<\/p>\n<p>Cet ouvrage comporte une <strong>quinzaine d&rsquo;illustrations<\/strong> issues des collections anciennes de la BIU Sant\u00e9. <em>Deux exemples vous sont pr\u00e9sent\u00e9s dans ce billet.<\/em><\/p>\n<p>Vous pouvez retrouver nos fonds iconographiques sur <a title=\"Banque d'images BIU Sant\u00e9\" href=\"http:\/\/www2.biusante.parisdescartes.fr\/img\/\" target=\"_blank\">notre banque d&rsquo;images et de portraits<\/a> : plus de 145.000 documents graphiques accessibles gratuitement en ligne (<a title=\"Banque d'images BIU Sant\u00e9\" href=\"http:\/\/www2.biusante.parisdescartes.fr\/img\/\" target=\"_blank\">en cliquant ici<\/a>).<\/p>\n<p><a title=\"Gravure facult\u00e9 de m\u00e9decine\" href=\"https:\/\/www.biusante.parisdescartes.fr\/histmed\/image?00018\" target=\"_blank\"><img loading=\"lazy\" decoding=\"async\" class=\"size-full wp-image-1939\" title=\"faculte600\" src=\"https:\/\/numerabilis.u-paris.fr\/medica\/blog\/wp-content\/uploads\/faculte600.jpg\" alt=\"Cour d'honneur des \u00c9coles de chirurgie\" width=\"600\" height=\"401\" srcset=\"https:\/\/numerabilis.u-paris.fr\/medica\/blog\/wp-content\/uploads\/faculte600.jpg 600w, https:\/\/numerabilis.u-paris.fr\/medica\/blog\/wp-content\/uploads\/faculte600-300x200.jpg 300w\" sizes=\"(max-width: 709px) 85vw, (max-width: 909px) 67vw, (max-width: 984px) 61vw, (max-width: 1362px) 45vw, 600px\" \/><\/a><\/p>\n<dl id=\"attachment_1939\" class=\"wp-caption aligncenter\" style=\"width: 610px;\">\n<dd class=\"wp-caption-dd\">[La cour d&rsquo;honneur des \u00c9coles de chirurgie, vue du p\u00e9ristyle d&rsquo;entr\u00e9e] GONDOIN, Jacques, 1780. Cote : 000645<\/dd>\n<\/dl>\n<p style=\"text-align: center;\"><!--more--><\/p>\n<div id=\"schema_block\" class=\"schema_book\"><div itemscope itemtype=\"http:\/\/schema.org\/Book\"><a class=\"schema_url\" target=\"_blank\" itemprop=\"url\" href=\"http:\/\/www.parisdescartes.fr\/Actualite\/Le-Savoir-Vagabond\"><div class=\"schema_name\" itemprop=\"name\">Le savoir vagabond, histoire de l'enseignement de la m\u00e9decine<\/div><\/a><div itemprop=\"author\" itemscope itemtype=\"http:\/\/schema.org\/Person\">Auteur: <span itemprop=\"name\">Patrick Berche<\/span><\/div><div itemprop=\"publisher\" itemscope itemtype=\"http:\/\/schema.org\/Organization\">Editeur: <span itemprop=\"name\">Editions Docis<\/span><\/div><div>ISBN: <span itemprop=\"isbn\">978-2-85525-384-8<\/span><\/div><\/div><\/div>\n","protected":false},"excerpt":{"rendered":"<p>Patrick Berche, doyen de la facult\u00e9 de M\u00e9decine Paris Descartes vient de publier un nouvel ouvrage, \u00abLe savoir vagabond, histoire de l&rsquo;enseignement de la m\u00e9decine\u00bb. Un savoir vagabond, qui prosp\u00e8re successivement en divers lieux du pourtour m\u00e9diterran\u00e9en, de l&rsquo;Europe puis du Nouveau Monde, au fil des si\u00e8cles et des progr\u00e8s scientifiques. Pour consulter le r\u00e9sum\u00e9 &hellip; <a href=\"https:\/\/numerabilis.u-paris.fr\/medica\/blog\/index.php\/patrick-berche-savoir-vagabond\/\" class=\"more-link\">Continuer la lecture<span class=\"screen-reader-text\"> de &laquo;&nbsp;Le savoir vagabond de Patrick Berche&nbsp;&raquo;<\/span><\/a><\/p>\n","protected":false},"author":1,"featured_media":1941,"comment_status":"open","ping_status":"open","sticky":false,"template":"","format":"standard","meta":{"_monsterinsights_skip_tracking":false,"_monsterinsights_sitenote_active":false,"_monsterinsights_sitenote_note":"","_monsterinsights_sitenote_category":0,"footnotes":""},"categories":[7],"tags":[77,78,28,75,57],"class_list":["post-1883","post","type-post","status-publish","format-standard","has-post-thumbnail","hentry","category-histoiresante","tag-16e-s","tag-antiquite","tag-histoire-de-la-medecine","tag-livre","tag-moyen-age"],"_links":{"self":[{"href":"https:\/\/numerabilis.u-paris.fr\/medica\/blog\/index.php\/wp-json\/wp\/v2\/posts\/1883"}],"collection":[{"href":"https:\/\/numerabilis.u-paris.fr\/medica\/blog\/index.php\/wp-json\/wp\/v2\/posts"}],"about":[{"href":"https:\/\/numerabilis.u-paris.fr\/medica\/blog\/index.php\/wp-json\/wp\/v2\/types\/post"}],"author":[{"embeddable":true,"href":"https:\/\/numerabilis.u-paris.fr\/medica\/blog\/index.php\/wp-json\/wp\/v2\/users\/1"}],"replies":[{"embeddable":true,"href":"https:\/\/numerabilis.u-paris.fr\/medica\/blog\/index.php\/wp-json\/wp\/v2\/comments?post=1883"}],"version-history":[{"count":25,"href":"https:\/\/numerabilis.u-paris.fr\/medica\/blog\/index.php\/wp-json\/wp\/v2\/posts\/1883\/revisions"}],"predecessor-version":[{"id":2253,"href":"https:\/\/numerabilis.u-paris.fr\/medica\/blog\/index.php\/wp-json\/wp\/v2\/posts\/1883\/revisions\/2253"}],"wp:featuredmedia":[{"embeddable":true,"href":"https:\/\/numerabilis.u-paris.fr\/medica\/blog\/index.php\/wp-json\/wp\/v2\/media\/1941"}],"wp:attachment":[{"href":"https:\/\/numerabilis.u-paris.fr\/medica\/blog\/index.php\/wp-json\/wp\/v2\/media?parent=1883"}],"wp:term":[{"taxonomy":"category","embeddable":true,"href":"https:\/\/numerabilis.u-paris.fr\/medica\/blog\/index.php\/wp-json\/wp\/v2\/categories?post=1883"},{"taxonomy":"post_tag","embeddable":true,"href":"https:\/\/numerabilis.u-paris.fr\/medica\/blog\/index.php\/wp-json\/wp\/v2\/tags?post=1883"}],"curies":[{"name":"wp","href":"https:\/\/api.w.org\/{rel}","templated":true}]}}