{"id":18996,"date":"2019-07-11T17:18:27","date_gmt":"2019-07-11T15:18:27","guid":{"rendered":"https:\/\/numerabilis.u-paris.fr\/medica\/blog\/?p=18996"},"modified":"2019-08-13T12:23:34","modified_gmt":"2019-08-13T10:23:34","slug":"calendrier-des-formations-second-semestre-2019","status":"publish","type":"post","link":"https:\/\/numerabilis.u-paris.fr\/medica\/blog\/index.php\/calendrier-des-formations-second-semestre-2019\/","title":{"rendered":"Calendrier des formations second semestre 2019"},"content":{"rendered":"<p>Il est d\u00e9j\u00e0 temps de s\u2019inscrire aux formations de la BIU Sant\u00e9 : le calendrier des s\u00e9ances du second semestre 2019 propos\u00e9es par le <strong>p\u00f4le M\u00e9decine<\/strong> et le <strong>p\u00f4le Pharmacie<\/strong> est en ligne <a href=\"https:\/\/www.biusante.parisdescartes.fr\/aide\/formations\/sur-place.php\" target=\"_blank\" rel=\"noopener noreferrer\">sur le site la biblioth\u00e8que<\/a>.<\/p>\n<p><img loading=\"lazy\" decoding=\"async\" class=\"alignright size-medium wp-image-11409\" style=\"border: 1px solid black;\" src=\"https:\/\/numerabilis.u-paris.fr\/medica\/blog\/wp-content\/uploads\/pubmed-4-300-1-300x122.jpg\" alt=\"\" width=\"300\" height=\"122\" \/>Au programme :<\/p>\n<ul>\n<li>Des s\u00e9ances <em><strong>PubMed<\/strong> <\/em>pour ma\u00eetriser la recherche sur <em>Medline<\/em>, la base de donn\u00e9es de r\u00e9f\u00e9rence en sant\u00e9<\/li>\n<li><img loading=\"lazy\" decoding=\"async\" class=\"wp-image-17178 size-medium alignright\" style=\"border: 1px solid black;\" src=\"https:\/\/numerabilis.u-paris.fr\/medica\/blog\/wp-content\/uploads\/10_zotero-300x89.jpg\" alt=\"\" width=\"300\" height=\"89\" srcset=\"https:\/\/numerabilis.u-paris.fr\/medica\/blog\/wp-content\/uploads\/10_zotero-300x89.jpg 300w, https:\/\/numerabilis.u-paris.fr\/medica\/blog\/wp-content\/uploads\/10_zotero-768x227.jpg 768w, https:\/\/numerabilis.u-paris.fr\/medica\/blog\/wp-content\/uploads\/10_zotero.jpg 799w\" sizes=\"(max-width: 300px) 85vw, 300px\" \/>Des formations \u00e0 <em><strong>Zotero<\/strong><\/em>, le logiciel qui g\u00e8re vos r\u00e9f\u00e9rences bibliographiques en quelques clics et facilite la r\u00e9daction de vos th\u00e8ses et m\u00e9moires<\/li>\n<\/ul>\n<p>Les formations sont <strong>gratuites<\/strong>. Il n\u2019est pas n\u00e9cessaire d\u2019\u00eatre inscrit \u00e0 la biblioth\u00e8que pour y participer.<\/p>\n<p>Au <strong>p\u00f4le M\u00e9decine<\/strong>, elles s\u2019adressent \u00e0 tous les professionnels de sant\u00e9 et \u00e9tudiants en m\u00e9decine, odontologie et sciences param\u00e9dicales, \u00e0 partir de la troisi\u00e8me ann\u00e9e d\u2019\u00e9tude.<\/p>\n<p>Au <strong>p\u00f4le Pharmacie<\/strong>, elles s\u2019adressent aux <strong>\u00e9tudiants et aux enseignants en pharmacie<\/strong>.<\/p>\n<p>L\u2019inscription aux s\u00e9ances se fait <a href=\"https:\/\/www.biusante.parisdescartes.fr\/aide\/formations\/sur-place.php\" target=\"_blank\" rel=\"noopener noreferrer\"><strong>directement en ligne<\/strong><\/a> pour les lecteurs d\u00e9j\u00e0 inscrits \u00e0 la biblioth\u00e8que, et par courriel <a href=\"&#x6d;&#x61;&#105;l&#x74;&#x6f;&#58;fo&#x72;&#x6d;&#97;t&#x69;&#x6f;&#110;&#64;b&#x69;&#x75;&#115;a&#x6e;&#x74;&#101;&#46;p&#x61;&#x72;&#105;s&#x64;&#x65;&#115;&#99;a&#x72;&#x74;&#101;s&#x2e;&#x66;&#114;\" target=\"_blank\" rel=\"noopener noreferrer\">\u00e0 l\u2019adresse suivante<\/a> pour ceux qui ne le sont pas encore.<\/p>\n<p>\u00c0 bient\u00f4t dans nos formations et bonnes vacances \u00e0 tous !<\/p>\n<p style=\"text-align: right;\"><a href=\"&#x6d;&#97;&#x69;&#108;t&#x6f;&#58;f&#x6f;&#114;&#x6d;&#x61;t&#x69;&#111;n&#x40;&#98;&#x69;&#x75;s&#x61;&#110;t&#x65;&#46;p&#x61;&#114;&#x69;&#115;d&#x65;&#115;c&#x61;&#114;&#x74;&#x65;s&#x2e;&#102;r\" target=\"_blank\" rel=\"noopener noreferrer\">Le service formation de la BIU Sant\u00e9<\/a><\/p>\n","protected":false},"excerpt":{"rendered":"<p>Il est d\u00e9j\u00e0 temps de s\u2019inscrire aux formations de la BIU Sant\u00e9 : le calendrier des s\u00e9ances du second semestre 2019 propos\u00e9es par le p\u00f4le M\u00e9decine et le p\u00f4le Pharmacie est en ligne sur le site la biblioth\u00e8que. Au programme : Des s\u00e9ances PubMed pour ma\u00eetriser la recherche sur Medline, la base de donn\u00e9es de &hellip; <a href=\"https:\/\/numerabilis.u-paris.fr\/medica\/blog\/index.php\/calendrier-des-formations-second-semestre-2019\/\" class=\"more-link\">Continuer la lecture<span class=\"screen-reader-text\"> de &laquo;&nbsp;Calendrier des formations second semestre 2019&nbsp;&raquo;<\/span><\/a><\/p>\n","protected":false},"author":12,"featured_media":0,"comment_status":"open","ping_status":"open","sticky":false,"template":"","format":"standard","meta":{"_monsterinsights_skip_tracking":false,"_monsterinsights_sitenote_active":false,"_monsterinsights_sitenote_note":"","_monsterinsights_sitenote_category":0,"footnotes":""},"categories":[14],"tags":[22,92,33,355,153],"class_list":["post-18996","post","type-post","status-publish","format-standard","hentry","category-medecine-odontologie","tag-formation","tag-pubmed","tag-recherche-bibliographique","tag-recherche-documentaire","tag-zotero"],"_links":{"self":[{"href":"https:\/\/numerabilis.u-paris.fr\/medica\/blog\/index.php\/wp-json\/wp\/v2\/posts\/18996"}],"collection":[{"href":"https:\/\/numerabilis.u-paris.fr\/medica\/blog\/index.php\/wp-json\/wp\/v2\/posts"}],"about":[{"href":"https:\/\/numerabilis.u-paris.fr\/medica\/blog\/index.php\/wp-json\/wp\/v2\/types\/post"}],"author":[{"embeddable":true,"href":"https:\/\/numerabilis.u-paris.fr\/medica\/blog\/index.php\/wp-json\/wp\/v2\/users\/12"}],"replies":[{"embeddable":true,"href":"https:\/\/numerabilis.u-paris.fr\/medica\/blog\/index.php\/wp-json\/wp\/v2\/comments?post=18996"}],"version-history":[{"count":10,"href":"https:\/\/numerabilis.u-paris.fr\/medica\/blog\/index.php\/wp-json\/wp\/v2\/posts\/18996\/revisions"}],"predecessor-version":[{"id":19044,"href":"https:\/\/numerabilis.u-paris.fr\/medica\/blog\/index.php\/wp-json\/wp\/v2\/posts\/18996\/revisions\/19044"}],"wp:attachment":[{"href":"https:\/\/numerabilis.u-paris.fr\/medica\/blog\/index.php\/wp-json\/wp\/v2\/media?parent=18996"}],"wp:term":[{"taxonomy":"category","embeddable":true,"href":"https:\/\/numerabilis.u-paris.fr\/medica\/blog\/index.php\/wp-json\/wp\/v2\/categories?post=18996"},{"taxonomy":"post_tag","embeddable":true,"href":"https:\/\/numerabilis.u-paris.fr\/medica\/blog\/index.php\/wp-json\/wp\/v2\/tags?post=18996"}],"curies":[{"name":"wp","href":"https:\/\/api.w.org\/{rel}","templated":true}]}}