{"id":19135,"date":"2019-09-14T13:12:34","date_gmt":"2019-09-14T11:12:34","guid":{"rendered":"https:\/\/numerabilis.u-paris.fr\/medica\/blog\/?p=19135"},"modified":"2019-10-23T11:39:13","modified_gmt":"2019-10-23T09:39:13","slug":"journees-europeennes-du-patrimoine-2019-la-theriaque","status":"publish","type":"post","link":"https:\/\/numerabilis.u-paris.fr\/medica\/blog\/index.php\/journees-europeennes-du-patrimoine-2019-la-theriaque\/","title":{"rendered":"Journ\u00e9es europ\u00e9ennes du patrimoine 2019 : la th\u00e9riaque"},"content":{"rendered":"<p><strong>Nous vous donnons rendez-vous le samedi <a href=\"https:\/\/numerabilis.u-paris.fr\/medica\/blog\/wp-content\/uploads\/V7.jpg\"><img loading=\"lazy\" decoding=\"async\" class=\"size-medium wp-image-19167 alignleft\" src=\"https:\/\/numerabilis.u-paris.fr\/medica\/blog\/wp-content\/uploads\/V7-212x300.jpg\" alt=\"\" width=\"212\" height=\"300\" srcset=\"https:\/\/numerabilis.u-paris.fr\/medica\/blog\/wp-content\/uploads\/V7-212x300.jpg 212w, https:\/\/numerabilis.u-paris.fr\/medica\/blog\/wp-content\/uploads\/V7-768x1086.jpg 768w, https:\/\/numerabilis.u-paris.fr\/medica\/blog\/wp-content\/uploads\/V7-724x1024.jpg 724w, https:\/\/numerabilis.u-paris.fr\/medica\/blog\/wp-content\/uploads\/V7.jpg 794w\" sizes=\"(max-width: 212px) 85vw, 212px\" \/><\/a>21 septembre prochain entre 10h et 17h \u00e0 la <a href=\"http:\/\/www.pharmacie.parisdescartes.fr\/\" target=\"_blank\" rel=\"noopener noreferrer\">Facult\u00e9 de pharmacie de Paris<\/a> \u00e0 l&rsquo;occasion des <a href=\"https:\/\/journeesdupatrimoine.culture.gouv.fr\/\" target=\"_blank\" rel=\"noopener noreferrer\">Journ\u00e9es europ\u00e9ennes du patrimoine 2019<\/a> !<\/strong><\/p>\n<p>Nous nous int\u00e9ressons cette ann\u00e9e \u00e0 la <strong>th\u00e9riaque, rem\u00e8de \u00e9labor\u00e9 au 1er si\u00e8cle par Andromaque, m\u00e9decin de N\u00e9ron<\/strong>. Il doit son nom \u00e0 l&rsquo;un de ses principaux ingr\u00e9dients, <strong>la chair de vip\u00e8re<\/strong>, <em>Th\u00eariakos<\/em> signifiant en grec \u00ab\u00a0ce qui concerne les b\u00eates venimeuses\u00a0\u00bb. <strong>Compos\u00e9 de plus de 70 ingr\u00e9dients<\/strong>, dont l&rsquo;<a href=\"http:\/\/www.biusante.parisdescartes.fr\/histmed\/image?medpharma_011609x01x0224\" target=\"_blank\" rel=\"noopener noreferrer\">opium<\/a> et la <a href=\"http:\/\/www.biusante.parisdescartes.fr\/histmed\/medica\/page?exttoulouse123451x03&amp;p=162\" target=\"_blank\" rel=\"noopener noreferrer\">chair de vip\u00e8re<\/a>, il est \u00e0 l&rsquo;origine <strong>utilis\u00e9 pour lutter contre les venins et les poisons<\/strong>, puis pour <strong>soigner toutes sortes de maux<\/strong>, jusqu&rsquo;au XVIIIe si\u00e8cle : \u00e9pilepsie, difficult\u00e9s respiratoires, maux d&rsquo;estomac, h\u00e9morragies, goutte, paralysie, fi\u00e8vre, m\u00e9lancolie&#8230; <strong>La th\u00e9riaque fait officiellement partie de la pharmacop\u00e9e fran\u00e7aise jusqu&rsquo;en <a href=\"http:\/\/www.biusante.parisdescartes.fr\/histmed\/medica\/page?pharma_012895&amp;p=413\">1884<\/a><\/strong>. \u00ab\u00a0Apr\u00e8s avoir tenu une si grande et si longue place dans la pharmacie et la th\u00e9rapeutique, <strong>elle quitte le domaine de l\u2019histoire pour \u00eatre rel\u00e9gu\u00e9e dans la l\u00e9gende<\/strong>\u00a0\u00bb conclut l&rsquo;\u00e9dition de cette m\u00eame pharmacop\u00e9e en 1908. Le parcours th\u00e9matique est illustr\u00e9 par les collections du <a href=\"http:\/\/www.pharmacie.parisdescartes.fr\/spip.php?article2648\" target=\"_blank\" rel=\"noopener noreferrer\">Mus\u00e9e Fran\u00e7ois Tillequin<\/a><a href=\"http:\/\/www.pharmacie.parisdescartes.fr\/spip.php?article2648\"> &#8211; Collection de mati\u00e8re m\u00e9dicale<\/a> et par les ouvrages anciens issus des collections patrimoniales de la <a href=\"https:\/\/www.biusante.parisdescartes.fr\/index.php\" target=\"_blank\" rel=\"noopener noreferrer\">BIU Sant\u00e9 p\u00f4le Pharmacie<\/a>.<!--more--><\/p>\n<figure id=\"attachment_17323\" aria-describedby=\"caption-attachment-17323\" style=\"width: 300px\" class=\"wp-caption alignright\"><a href=\"https:\/\/numerabilis.u-paris.fr\/medica\/blog\/wp-content\/uploads\/museeFT.jpg\"><img loading=\"lazy\" decoding=\"async\" class=\"wp-image-17323 size-medium\" src=\"https:\/\/numerabilis.u-paris.fr\/medica\/blog\/wp-content\/uploads\/museeFT-300x242.jpg\" alt=\"\" width=\"300\" height=\"242\" srcset=\"https:\/\/numerabilis.u-paris.fr\/medica\/blog\/wp-content\/uploads\/museeFT-300x242.jpg 300w, https:\/\/numerabilis.u-paris.fr\/medica\/blog\/wp-content\/uploads\/museeFT.jpg 400w\" sizes=\"(max-width: 300px) 85vw, 300px\" \/><\/a><figcaption id=\"caption-attachment-17323\" class=\"wp-caption-text\">Mus\u00e9e Fran\u00e7ois-Tillequin &#8211; Collection de mati\u00e8re m\u00e9dicale<\/figcaption><\/figure>\n<p>Lors de cette journ\u00e9e, vous pourrez \u00e9galement visiter d&rsquo;autres <strong>lieux embl\u00e9matiques de la Facult\u00e9, habituellement ferm\u00e9s au public<\/strong> : la <a href=\"https:\/\/www.biusante.parisdescartes.fr\/histmed\/image?impharma_dos316x017\" target=\"_blank\" rel=\"noopener noreferrer\">salle des Actes,<\/a> lieu historique de r\u00e9ception des pharmaciens fra\u00eechement dipl\u00f4m\u00e9s, la Galerie des pots ou encore le <a href=\"http:\/\/www.pharmacie.univ-paris5.fr\/spip.php?article2274\" target=\"_blank\" rel=\"noopener noreferrer\">Jardin botanique<\/a> de la Facult\u00e9, o\u00f9 les \u00e9tudiants s&rsquo;exercent encore aujourd&rsquo;hui \u00e0 la reconnaissance des plantes.<\/p>\n<p><strong>Liste des ouvrages pr\u00e9sent\u00e9s<\/strong><\/p>\n<ul>\n<li>HOUEL, Nicolas (1524-1587). <strong><em>Trait\u00e9 de la th\u00e9riaque et mithridat contenant plusieurs questions g\u00e9n\u00e9rales &amp; particuli\u00e8res : avec un entier examen des simples medicamens qui y entrent. Le tout divis\u00e9 en deux livres, pour le profit &amp; utilit\u00e9 de ceux qui font profession de la Pharmacie, &amp; aussi fort propre \u00e0 ceux qui sont amateurs de la M\u00e9decine &amp; qui d\u00e9sirent la congnoissance des Simples<\/em>.<\/strong>A Paris, chez Jean de Bordeaux, 1573. <u>Cote<\/u> : RES 30281. <a href=\"https:\/\/www.biusante.parisdescartes.fr\/histoire\/medica\/resultats\/index.php?cote=40764&amp;do=chapitre\" target=\"_blank\" rel=\"noopener noreferrer\">Consultable dans Medic@<\/a><\/li>\n<li><strong><em>Explication de la Vertu, et Propri\u00e9t\u00e9s de la Th\u00e9riaque d&rsquo;Andromaque le vieux<\/em><\/strong>, fid\u00e8lement compos\u00e9e et distribu\u00e9e dans l\u2019apothicairerie de jean-Baptiste Albrizzi, \u00e0 Venise. <u>Cote<\/u> : Dossier 342 \/ Pi\u00e8ces 33 \u00e0 54 \/ Pi\u00e8ce 51<\/li>\n<li>CHARAS, Moyse (1619-1698). <strong><em>Histoire naturelle des animaux, des plantes et des min\u00e9raux qui entrent dans la composition de la th\u00e9riaque d&rsquo;Andromachus. Dispens\u00e9e et achev\u00e9e publiquement \u00e0 Paris, par Moyse Charas, l&rsquo;un des apoticaires de Monseigneur le Duc d&rsquo;Orl\u00e9ans. <\/em><\/strong>A Paris, chez Olivier de Varennes, 1668. <u>Cote<\/u> : RES 22170<strong>. <\/strong><a href=\"https:\/\/gallica.bnf.fr\/ark:\/12148\/bpt6k6437052w\" target=\"_blank\" rel=\"noopener noreferrer\">Consultable en ligne<\/a><\/li>\n<li>REGNAULT, Nicolas-Fran\u00e7ois (1746-1810). <strong><em>La botanique mise \u00e0 la port\u00e9e de tout le monde, ou, Collection des plantes d&rsquo;usage dans la m\u00e9decine, dans les alimens et dans les arts. Avec des notices instructives puis\u00e9es dans les auteurs les plus c\u00e9l\u00e8bres, contenant la description, le clim\u00e2t, la culture, les proprietes et les vertus propres a chaque plante. <\/em><\/strong>A Paris, chez l\u2019auteur, 1774. <u>Cote<\/u> : RES 33-1. <a href=\"https:\/\/www.biusante.parisdescartes.fr\/histoire\/medica\/resultats\/index.php?cote=pharma_res000033x01&amp;do=chapitre\" target=\"_blank\" rel=\"noopener noreferrer\">Consultable dans Medic@<\/a><\/li>\n<li>CHARAS, Mo\u00efse (1619-1698). <strong><em>Nouvelles exp\u00e9riences sur la vip\u00e8re, o\u00f9 l\u2019on verra une description exacte de toutes ses parties, la source de son venin, ses divers effets, et les remedes exquis que les artistes peuvent tirer de la vipere, tant pour la guerison de ses morsures que pour celle de plusieurs autres maladies. Par M. Charas, apoticaire ordinaire de monseigneur frere unique du Roy. <\/em><\/strong>A Paris, chez l\u2019auteur, 1669. <u>Cote<\/u> : RES 18671. <a href=\"https:\/\/www.biusante.parisdescartes.fr\/histoire\/medica\/resultats\/index.php?cote=31044&amp;do=chapitre\" target=\"_blank\" rel=\"noopener noreferrer\">Consultable dans Medic@<\/a><\/li>\n<li>CHAUMETON, Fran\u00e7ois Pierre (1775-1819). <strong><em>Flore m\u00e9dicale<\/em><\/strong>. Vol. VI. Paris, Panckouke, 1818. <u>Cote<\/u> : 11996-6. <a href=\"https:\/\/www.biusante.parisdescartes.fr\/histoire\/medica\/resultats\/index.php?cote=37591x06&amp;do=chapitre\" target=\"_blank\" rel=\"noopener noreferrer\">Consultable dans Medic@<\/a><\/li>\n<li>GUIBOURT, Nicolas-Jean-Baptiste-Gaston (1790-1867). <strong><em>Histoire naturelle des drogues simples ou cours d&rsquo;histoire naturelle profess\u00e9 a l&rsquo;Ecole de Pharmacie de Paris<\/em><\/strong>. 4e \u00e9dition. Tome quatri\u00e8me. Paris : J.-B. Bailli\u00e8re, 1851. <u>Cote<\/u> : 11498-4. <a href=\"https:\/\/www.biusante.parisdescartes.fr\/histoire\/medica\/resultats\/index.php?cote=pharma_011730x04&amp;do=chapitre\" target=\"_blank\" rel=\"noopener noreferrer\">Consultable dans Medic@<\/a><\/li>\n<li>BULLIARD, Pierre (1752-1793). <strong><em>Herbier de la France ou collection compl\u00e8te des plantes indig\u00e8nes de ce royaume\u00a0; avec leurs d\u00e9tails anatomiques, leurs propri\u00e9t\u00e9s, et leurs usages en m\u00e9decine<\/em><\/strong>. Vol. I . Paris, chez l\u2019auteur, Didot le jeune, Debure et Belin, 1780. <u>Cote<\/u> : 5491. <a href=\"https:\/\/www.biusante.parisdescartes.fr\/histoire\/medica\/resultats\/index.php?cote=08338x01&amp;do=pages\" target=\"_blank\" rel=\"noopener noreferrer\">Consultable dans Medic@<\/a><\/li>\n<li>CATELAN, Laurent (1568\u00a0-1647). <strong><em>Discours et demonstration des ingrediens de la theriaque : faicte publiquement en presence de Messieurs de la justice, &amp; professeurs en l&rsquo;Universit\u00e9 de medecine, par Laurens Catelan, maistre apothicaire en la ville de Montpellier. <\/em><\/strong>A Lyon, par Jacques Mallet, 1614. <u>Cote<\/u> : 11266. <a href=\"https:\/\/www.biusante.parisdescartes.fr\/histoire\/medica\/resultats\/index.php?cote=pharma_011266&amp;do=chapitre\" target=\"_blank\" rel=\"noopener noreferrer\">Consultable dans Medic@<\/a><\/li>\n<li><strong><em>Pharmacopoea Bruxellensis Senat\u00fbs authoritate munita<\/em><\/strong>. Editio altera. Bruxellis, typis Francisci Foppens, 1702. <u>Cote<\/u> : RES 11152. <a href=\"https:\/\/www.biusante.parisdescartes.fr\/histoire\/medica\/resultats\/index.php?cote=pharma_res011152&amp;do=chapitre\" target=\"_blank\" rel=\"noopener noreferrer\">Consultable dans Medic@<\/a><\/li>\n<li>OCCO, Adolphe (1524-1606). <strong><em>Pharmacopoeia seu, Medicamentarium pro rep. Augustana, cvi accessere simplicia omnia officinis nostris vsitata, &amp; annotationes in eadem &amp; composita ab Adolpho Occone. <\/em><\/strong>Augustae Vindelicorum : sumpt. G. Vuilleri, apud M. Mangerum, 1581. <u>Cote<\/u> : RES 6110<\/li>\n<li><strong><em>Dessin d&rsquo;un pot \u00e0 th\u00e9riaque (\u00ab\u00a0Theriaca &#8211; Ponderis 390\u00a0\u00bb)<\/em> <\/strong>r\u00e9alis\u00e9 par Andr\u00e9 BALLAIN en 1710. <u>Cote<\/u> : Dossier 324 \/ Pi\u00e8ce 3<\/li>\n<li><strong>Livre de la Soci\u00e9t\u00e9 de la th\u00e9riaque<\/strong>, du 25 mai 1784 au 29 avril 1793. <u>Cote<\/u> : Reg. 46<\/li>\n<li>FOURCROY, Antoine-Fran\u00e7ois (1755-1809). <strong><em>L&rsquo;Art de conno\u00eetre et d&#8217;employer les m\u00e9dicamens dans les maladies qui attaquent le corps humain. <\/em><\/strong>A Paris, rue et H\u00f4tel Serpente [chez P.G. Simon &amp; N.H. Nyon], 1785. <u>Cote<\/u> : 32247-1. <a href=\"https:\/\/www.biusante.parisdescartes.fr\/histoire\/medica\/resultats\/index.php?cote=pharma_032247x01&amp;do=chapitre\" target=\"_blank\" rel=\"noopener noreferrer\">Consultable dans Medic@<\/a><\/li>\n<li>HARDUIN DE SAINT-JACQUES, Philippe. <strong><em>Codex medicamentarius, seu Pharmacopoea Parisiensis. Ex mandato facultatis medicinae Parisiensis in lucem edita. <\/em><\/strong>Lutetiae Parisiorum, sumptibus Olivarii de Varennes, 1639. <u>Cote<\/u> : RES 11003. <a href=\"https:\/\/www.biusante.parisdescartes.fr\/histoire\/medica\/resultats\/index.php?cote=pharma_res011003&amp;do=chapitre\" target=\"_blank\" rel=\"noopener noreferrer\">Consultable dans Medic@<\/a><\/li>\n<li><strong><em>Codex medicamentarius seu Pharmacopoea Parisiensis. Ex mandato facultatis medicin\u00e6 Parisiensis in lucem edita. <\/em><\/strong>Luteti\u00e6 Parisiorum, sumptibus Olivarii de Varennes, 1638. <u>Cote<\/u> : RES 11019. <a href=\"https:\/\/www.biusante.parisdescartes.fr\/histoire\/medica\/resultats\/index.php?cote=pharma_res011019&amp;do=chapitre\" target=\"_blank\" rel=\"noopener noreferrer\">Consultable dans Medic@<\/a><\/li>\n<li><strong><em>Codex medicamentarius : pharmacop\u00e9e fran\u00e7aise r\u00e9dig\u00e9e par ordre du gouvernement. <\/em><\/strong>Paris : Masson, 1884. <u>Cote<\/u> : 142930 (p\u00f4le m\u00e9decine). <a href=\"https:\/\/www.biusante.parisdescartes.fr\/histoire\/medica\/resultats\/index.php?cote=pharma_012895&amp;do=chapitre\" target=\"_blank\" rel=\"noopener noreferrer\">Consultable dans Medic@<\/a><\/li>\n<\/ul>\n<p><strong>Liste des objets pr\u00e9sent\u00e9s<\/strong><\/p>\n<p>Provenance : Mus\u00e9e Fran\u00e7ois Tillequin &#8211; collections de Mati\u00e8re m\u00e9dicale<\/p>\n<ul>\n<li>Planche botanique : Rose de Provins<\/li>\n<li>Echantillon de Castoreum<\/li>\n<\/ul>\n<div id=\"schema_block\" class=\"schema_event\"><div itemscope itemtype=\"http:\/\/schema.org\/Event\"><a class=\"schema_url\" target=\"_blank\" itemprop=\"url\" href=\"https:\/\/journeesdupatrimoine.culturecommunication.gouv.fr\/\"><div class=\"schema_name\" itemprop=\"name\">Journ\u00e9es europ\u00e9ennes du patrimoine<\/div><\/a><div><meta itemprop=\"startDate\" content=\"2019-09-21T10:00\">Debut: 09\/21\/2019 10:00 am<\/div><div><meta itemprop=\"endDate\" content=\"2019-09-21:00.000\">Fin: 09\/21\/2019<\/div><\/div><div itemprop=\"address\" itemscope itemtype=\"http:\/\/schema.org\/PostalAddress\"><div class=\"street\" itemprop=\"streetAddress\">4 avenue de l'Observatoire<\/div><div class=\"city_state\"><span class=\"locale\" itemprop=\"addressLocality\">Paris<\/span><\/div><div class=\"postalcode\" itemprop=\"postalCode\">75006<\/div><\/div><\/div>\n<p>&nbsp;<\/p>\n","protected":false},"excerpt":{"rendered":"<p>Nous vous donnons rendez-vous le samedi 21 septembre prochain entre 10h et 17h \u00e0 la Facult\u00e9 de pharmacie de Paris \u00e0 l&rsquo;occasion des Journ\u00e9es europ\u00e9ennes du patrimoine 2019 ! Nous nous int\u00e9ressons cette ann\u00e9e \u00e0 la th\u00e9riaque, rem\u00e8de \u00e9labor\u00e9 au 1er si\u00e8cle par Andromaque, m\u00e9decin de N\u00e9ron. Il doit son nom \u00e0 l&rsquo;un de ses &hellip; <a href=\"https:\/\/numerabilis.u-paris.fr\/medica\/blog\/index.php\/journees-europeennes-du-patrimoine-2019-la-theriaque\/\" class=\"more-link\">Continuer la lecture<span class=\"screen-reader-text\"> de &laquo;&nbsp;Journ\u00e9es europ\u00e9ennes du patrimoine 2019 : la th\u00e9riaque&nbsp;&raquo;<\/span><\/a><\/p>\n","protected":false},"author":19,"featured_media":0,"comment_status":"open","ping_status":"open","sticky":false,"template":"","format":"standard","meta":{"_monsterinsights_skip_tracking":false,"_monsterinsights_sitenote_active":false,"_monsterinsights_sitenote_note":"","_monsterinsights_sitenote_category":0,"footnotes":""},"categories":[7,15],"tags":[483,10,12,462,463,179,492,490],"class_list":["post-19135","post","type-post","status-publish","format-standard","hentry","category-histoiresante","category-pharmacie-biologie-cosmetologie","tag-apothicaires","tag-exposition","tag-histoire-de-la-pharmacie","tag-jep","tag-journees-du-patrimoine","tag-matiere-medicale","tag-musee-de-matiere-medicale","tag-musee-francois-tillequin"],"_links":{"self":[{"href":"https:\/\/numerabilis.u-paris.fr\/medica\/blog\/index.php\/wp-json\/wp\/v2\/posts\/19135"}],"collection":[{"href":"https:\/\/numerabilis.u-paris.fr\/medica\/blog\/index.php\/wp-json\/wp\/v2\/posts"}],"about":[{"href":"https:\/\/numerabilis.u-paris.fr\/medica\/blog\/index.php\/wp-json\/wp\/v2\/types\/post"}],"author":[{"embeddable":true,"href":"https:\/\/numerabilis.u-paris.fr\/medica\/blog\/index.php\/wp-json\/wp\/v2\/users\/19"}],"replies":[{"embeddable":true,"href":"https:\/\/numerabilis.u-paris.fr\/medica\/blog\/index.php\/wp-json\/wp\/v2\/comments?post=19135"}],"version-history":[{"count":23,"href":"https:\/\/numerabilis.u-paris.fr\/medica\/blog\/index.php\/wp-json\/wp\/v2\/posts\/19135\/revisions"}],"predecessor-version":[{"id":19362,"href":"https:\/\/numerabilis.u-paris.fr\/medica\/blog\/index.php\/wp-json\/wp\/v2\/posts\/19135\/revisions\/19362"}],"wp:attachment":[{"href":"https:\/\/numerabilis.u-paris.fr\/medica\/blog\/index.php\/wp-json\/wp\/v2\/media?parent=19135"}],"wp:term":[{"taxonomy":"category","embeddable":true,"href":"https:\/\/numerabilis.u-paris.fr\/medica\/blog\/index.php\/wp-json\/wp\/v2\/categories?post=19135"},{"taxonomy":"post_tag","embeddable":true,"href":"https:\/\/numerabilis.u-paris.fr\/medica\/blog\/index.php\/wp-json\/wp\/v2\/tags?post=19135"}],"curies":[{"name":"wp","href":"https:\/\/api.w.org\/{rel}","templated":true}]}}