{"id":19152,"date":"2019-09-12T14:31:53","date_gmt":"2019-09-12T12:31:53","guid":{"rendered":"https:\/\/numerabilis.u-paris.fr\/medica\/blog\/?p=19152"},"modified":"2019-09-13T14:09:43","modified_gmt":"2019-09-13T12:09:43","slug":"perturbations-le-vendredi-13-septembre-2019","status":"publish","type":"post","link":"https:\/\/numerabilis.u-paris.fr\/medica\/blog\/index.php\/perturbations-le-vendredi-13-septembre-2019\/","title":{"rendered":"Perturbations le vendredi 13 septembre 2019"},"content":{"rendered":"<p>Attention, en raison de la<strong> gr\u00e8ve des transports<\/strong>, l\u2019ouverture et les services de la BIU Sant\u00e9 (<em>p\u00f4les M\u00e9decine et Pharmacie<\/em>) seront perturb\u00e9s le <strong>vendredi 13 septembre 2019.<\/strong><\/p>\n<p><img loading=\"lazy\" decoding=\"async\" class=\"size-medium wp-image-18006 alignright\" src=\"https:\/\/numerabilis.u-paris.fr\/medica\/blog\/wp-content\/uploads\/attention-38589_640-1-300x263.png\" alt=\"\" width=\"300\" height=\"263\" srcset=\"https:\/\/numerabilis.u-paris.fr\/medica\/blog\/wp-content\/uploads\/attention-38589_640-1-300x263.png 300w, https:\/\/numerabilis.u-paris.fr\/medica\/blog\/wp-content\/uploads\/attention-38589_640-1.png 640w\" sizes=\"(max-width: 300px) 85vw, 300px\" \/><\/p>\n<p>Concernant le <strong>p\u00f4le M\u00e9decine<\/strong> :<\/p>\n<ul>\n<li>La biblioth\u00e8que ouvrira \u00e0 <strong>10h<\/strong> (<em>au lieu de 9h<\/em>) et fermera \u00e0<strong> 18h<\/strong> (<em>au lieu de 20h<\/em>)<\/li>\n<li>La <strong>salle Landouzy<\/strong> sera <strong>ferm\u00e9e<\/strong><\/li>\n<li><strong>Aucune communication<\/strong> de document ne sera possible (<em>fermeture du point B<\/em>)<\/li>\n<li>Le <strong>service d&rsquo;histoire de la sant\u00e9<\/strong> sera ouvert de <strong>13h \u00e0 18h<\/strong> (<em>au lieu de 18h30<\/em>)<\/li>\n<\/ul>\n<p>Concernant le <strong>p\u00f4le Pharmacie<\/strong> :<\/p>\n<ul>\n<li>La<strong> salle Dorveaux<\/strong> ouvrira \u00e0 <strong>9h<\/strong> (<em>horaire habituel<\/em>) et fermera \u00e0 <strong>18h<\/strong> (<em>au lieu de 20h<\/em>)<\/li>\n<li>La <strong>salle Fialon<\/strong> sera ouverte aux <strong>horaires habituels<\/strong> (<em>9h-18h<\/em>)<\/li>\n<\/ul>\n<p>Plus d\u2019informations seront donn\u00e9es ici (et sur les r\u00e9seaux sociaux) d\u00e8s que possible.<\/p>\n<p><em>Nous vous prions de nous excuser pour la g\u00eane occasionn\u00e9e.<\/em><\/p>\n","protected":false},"excerpt":{"rendered":"<p>Attention, en raison de la gr\u00e8ve des transports, l\u2019ouverture et les services de la BIU Sant\u00e9 (p\u00f4les M\u00e9decine et Pharmacie) seront perturb\u00e9s le vendredi 13 septembre 2019. Concernant le p\u00f4le M\u00e9decine : La biblioth\u00e8que ouvrira \u00e0 10h (au lieu de 9h) et fermera \u00e0 18h (au lieu de 20h) La salle Landouzy sera ferm\u00e9e Aucune &hellip; <a href=\"https:\/\/numerabilis.u-paris.fr\/medica\/blog\/index.php\/perturbations-le-vendredi-13-septembre-2019\/\" class=\"more-link\">Continuer la lecture<span class=\"screen-reader-text\"> de &laquo;&nbsp;Perturbations le vendredi 13 septembre 2019&nbsp;&raquo;<\/span><\/a><\/p>\n","protected":false},"author":12,"featured_media":0,"comment_status":"open","ping_status":"open","sticky":false,"template":"","format":"standard","meta":{"_monsterinsights_skip_tracking":false,"_monsterinsights_sitenote_active":false,"_monsterinsights_sitenote_note":"","_monsterinsights_sitenote_category":0,"footnotes":""},"categories":[7,14,15],"tags":[43],"class_list":["post-19152","post","type-post","status-publish","format-standard","hentry","category-histoiresante","category-medecine-odontologie","category-pharmacie-biologie-cosmetologie","tag-acces"],"_links":{"self":[{"href":"https:\/\/numerabilis.u-paris.fr\/medica\/blog\/index.php\/wp-json\/wp\/v2\/posts\/19152"}],"collection":[{"href":"https:\/\/numerabilis.u-paris.fr\/medica\/blog\/index.php\/wp-json\/wp\/v2\/posts"}],"about":[{"href":"https:\/\/numerabilis.u-paris.fr\/medica\/blog\/index.php\/wp-json\/wp\/v2\/types\/post"}],"author":[{"embeddable":true,"href":"https:\/\/numerabilis.u-paris.fr\/medica\/blog\/index.php\/wp-json\/wp\/v2\/users\/12"}],"replies":[{"embeddable":true,"href":"https:\/\/numerabilis.u-paris.fr\/medica\/blog\/index.php\/wp-json\/wp\/v2\/comments?post=19152"}],"version-history":[{"count":7,"href":"https:\/\/numerabilis.u-paris.fr\/medica\/blog\/index.php\/wp-json\/wp\/v2\/posts\/19152\/revisions"}],"predecessor-version":[{"id":19182,"href":"https:\/\/numerabilis.u-paris.fr\/medica\/blog\/index.php\/wp-json\/wp\/v2\/posts\/19152\/revisions\/19182"}],"wp:attachment":[{"href":"https:\/\/numerabilis.u-paris.fr\/medica\/blog\/index.php\/wp-json\/wp\/v2\/media?parent=19152"}],"wp:term":[{"taxonomy":"category","embeddable":true,"href":"https:\/\/numerabilis.u-paris.fr\/medica\/blog\/index.php\/wp-json\/wp\/v2\/categories?post=19152"},{"taxonomy":"post_tag","embeddable":true,"href":"https:\/\/numerabilis.u-paris.fr\/medica\/blog\/index.php\/wp-json\/wp\/v2\/tags?post=19152"}],"curies":[{"name":"wp","href":"https:\/\/api.w.org\/{rel}","templated":true}]}}