{"id":19275,"date":"2019-09-26T11:28:54","date_gmt":"2019-09-26T09:28:54","guid":{"rendered":"https:\/\/numerabilis.u-paris.fr\/medica\/blog\/?p=19275"},"modified":"2019-09-26T11:28:54","modified_gmt":"2019-09-26T09:28:54","slug":"acces-modifies-au-pole-medecine-27-9-5-10","status":"publish","type":"post","link":"https:\/\/numerabilis.u-paris.fr\/medica\/blog\/index.php\/acces-modifies-au-pole-medecine-27-9-5-10\/","title":{"rendered":"Acc\u00e8s modifi\u00e9s au p\u00f4le M\u00e9decine (27\/9-5\/10)"},"content":{"rendered":"<p><strong>Attention<\/strong>, l\u2019acc\u00e8s au <strong>p\u00f4le M\u00e9decine<\/strong> de la BIU Sant\u00e9 sera modifi\u00e9 <strong>du vendredi 27 septembre au samedi 5 octobre inclus.<\/strong><\/p>\n<p><strong>L\u2019acc\u00e8s<\/strong> \u00e0 l\u2019universit\u00e9 se fera par le <em><strong>85, boulevard Saint-Germain<\/strong><\/em>.<\/p>\n<p><strong>Si la porte est ferm\u00e9e, SONNEZ pour qu\u2019on vous ouvre !<\/strong> Sur l\u2019interphone, choisissez \u00ab <em><strong>Accueil<\/strong> <\/em>\u00bb.<\/p>\n<p><img loading=\"lazy\" decoding=\"async\" class=\"alignnone wp-image-8438 size-full\" src=\"https:\/\/numerabilis.u-paris.fr\/medica\/blog\/wp-content\/uploads\/85bsg-e1474041899226.jpg\" alt=\"\" width=\"600\" height=\"342\" \/><\/p>\n<p>Les salles de lecture seront ouvertes comme \u00e0 l\u2019accoutum\u00e9e, vous pourrez donc venir travailler au p\u00f4le M\u00e9decine. <strong>La biblioth\u00e8que sera ouverte normalement<\/strong> de 9h \u00e0 20h.<\/p>\n<p><em>Nous vous prions de nous excuser pour la g\u00eane occasionn\u00e9e.<\/em><\/p>\n","protected":false},"excerpt":{"rendered":"<p>Attention, l\u2019acc\u00e8s au p\u00f4le M\u00e9decine de la BIU Sant\u00e9 sera modifi\u00e9 du vendredi 27 septembre au samedi 5 octobre inclus. L\u2019acc\u00e8s \u00e0 l\u2019universit\u00e9 se fera par le 85, boulevard Saint-Germain. Si la porte est ferm\u00e9e, SONNEZ pour qu\u2019on vous ouvre ! Sur l\u2019interphone, choisissez \u00ab Accueil \u00bb. Les salles de lecture seront ouvertes comme \u00e0 &hellip; <a href=\"https:\/\/numerabilis.u-paris.fr\/medica\/blog\/index.php\/acces-modifies-au-pole-medecine-27-9-5-10\/\" class=\"more-link\">Continuer la lecture<span class=\"screen-reader-text\"> de &laquo;&nbsp;Acc\u00e8s modifi\u00e9s au p\u00f4le M\u00e9decine (27\/9-5\/10)&nbsp;&raquo;<\/span><\/a><\/p>\n","protected":false},"author":12,"featured_media":0,"comment_status":"open","ping_status":"open","sticky":false,"template":"","format":"standard","meta":{"_monsterinsights_skip_tracking":false,"_monsterinsights_sitenote_active":false,"_monsterinsights_sitenote_note":"","_monsterinsights_sitenote_category":0,"footnotes":""},"categories":[7,14],"tags":[43],"class_list":["post-19275","post","type-post","status-publish","format-standard","hentry","category-histoiresante","category-medecine-odontologie","tag-acces"],"_links":{"self":[{"href":"https:\/\/numerabilis.u-paris.fr\/medica\/blog\/index.php\/wp-json\/wp\/v2\/posts\/19275"}],"collection":[{"href":"https:\/\/numerabilis.u-paris.fr\/medica\/blog\/index.php\/wp-json\/wp\/v2\/posts"}],"about":[{"href":"https:\/\/numerabilis.u-paris.fr\/medica\/blog\/index.php\/wp-json\/wp\/v2\/types\/post"}],"author":[{"embeddable":true,"href":"https:\/\/numerabilis.u-paris.fr\/medica\/blog\/index.php\/wp-json\/wp\/v2\/users\/12"}],"replies":[{"embeddable":true,"href":"https:\/\/numerabilis.u-paris.fr\/medica\/blog\/index.php\/wp-json\/wp\/v2\/comments?post=19275"}],"version-history":[{"count":1,"href":"https:\/\/numerabilis.u-paris.fr\/medica\/blog\/index.php\/wp-json\/wp\/v2\/posts\/19275\/revisions"}],"predecessor-version":[{"id":19276,"href":"https:\/\/numerabilis.u-paris.fr\/medica\/blog\/index.php\/wp-json\/wp\/v2\/posts\/19275\/revisions\/19276"}],"wp:attachment":[{"href":"https:\/\/numerabilis.u-paris.fr\/medica\/blog\/index.php\/wp-json\/wp\/v2\/media?parent=19275"}],"wp:term":[{"taxonomy":"category","embeddable":true,"href":"https:\/\/numerabilis.u-paris.fr\/medica\/blog\/index.php\/wp-json\/wp\/v2\/categories?post=19275"},{"taxonomy":"post_tag","embeddable":true,"href":"https:\/\/numerabilis.u-paris.fr\/medica\/blog\/index.php\/wp-json\/wp\/v2\/tags?post=19275"}],"curies":[{"name":"wp","href":"https:\/\/api.w.org\/{rel}","templated":true}]}}