{"id":19318,"date":"2019-10-15T13:29:59","date_gmt":"2019-10-15T11:29:59","guid":{"rendered":"https:\/\/numerabilis.u-paris.fr\/medica\/blog\/?p=19318"},"modified":"2019-10-15T17:29:09","modified_gmt":"2019-10-15T15:29:09","slug":"creation-de-la-nouvelle-direction-des-bibliotheques-de-luniversite-paris-descartes","status":"publish","type":"post","link":"https:\/\/numerabilis.u-paris.fr\/medica\/blog\/index.php\/creation-de-la-nouvelle-direction-des-bibliotheques-de-luniversite-paris-descartes\/","title":{"rendered":"Cr\u00e9ation de la nouvelle Direction des biblioth\u00e8ques de l&rsquo;Universit\u00e9 Paris Descartes"},"content":{"rendered":"<p>Par d\u00e9cision du 24 septembre du Conseil d\u2019Administration de l\u2019Universit\u00e9 Paris Descartes, une nouvelle <strong>Direction des biblioth\u00e8ques de l\u2019Universit\u00e9 Paris Descartes<\/strong> est cr\u00e9\u00e9e.<\/p>\n<figure id=\"attachment_19322\" aria-describedby=\"caption-attachment-19322\" style=\"width: 300px\" class=\"wp-caption alignright\"><img loading=\"lazy\" decoding=\"async\" class=\"wp-image-19322 size-medium\" src=\"https:\/\/numerabilis.u-paris.fr\/medica\/blog\/wp-content\/uploads\/visuel-DIRBIB-002-300x193.jpg\" alt=\"\" width=\"300\" height=\"193\" srcset=\"https:\/\/numerabilis.u-paris.fr\/medica\/blog\/wp-content\/uploads\/visuel-DIRBIB-002-300x193.jpg 300w, https:\/\/numerabilis.u-paris.fr\/medica\/blog\/wp-content\/uploads\/visuel-DIRBIB-002.jpg 645w\" sizes=\"(max-width: 300px) 85vw, 300px\" \/><figcaption id=\"caption-attachment-19322\" class=\"wp-caption-text\">Epicura &#8211; Pix5<\/figcaption><\/figure>\n<p>Cette nouvelle Direction qui r\u00e9sulte de la <strong>fusion<\/strong> du <strong>Service Commun de la Documentation<\/strong> (<em>SCD<\/em>) et de la <strong>Biblioth\u00e8que interuniversitaire de Sant\u00e9<\/strong> (<em>BIU Sant\u00e9<\/em>) est effective depuis le 1er octobre 2019. Le service regroupe d\u00e9sormais <strong>12 biblioth\u00e8ques<\/strong> qui mettent \u00e0 disposition plus de <strong>900\u00a0000 livres imprim\u00e9s<\/strong> et comptabilisent <strong>1 million d\u2019entr\u00e9es par an<\/strong>. La Direction des biblioth\u00e8ques propose une <strong>vaste offre de documentation \u00e9lectronique<\/strong> (<em>revues et livres \u00e9lectroniques, biblioth\u00e8que num\u00e9rique patrimoniale<\/em>) et une <strong>gamme de services compl\u00e8te<\/strong> en soutien \u00e0 la p\u00e9dagogie et \u00e0 la recherche. Les <strong>missions nationales<\/strong> h\u00e9rit\u00e9es de la BIU Sant\u00e9 et les publics qu\u2019elle dessert sont pr\u00e9serv\u00e9s.<\/p>\n<p>Ce nouveau service, compos\u00e9 de 187 agents et implant\u00e9 sur 11 sites, est confi\u00e9 \u00e0 Val\u00e9rie N\u00e9ouze. Elle est assist\u00e9e par deux directrices adjointes, Tiphaine Zirmi et Sabine Labare.<\/p>\n<p>Dans le cadre de l\u2019<strong>Universit\u00e9 de Paris<\/strong>, cette nouvelle Direction des biblioth\u00e8ques et l\u2019actuel Service Commun de la Documentation de l\u2019universit\u00e9 Paris Diderot ont vocation \u00e0 devenir un <strong>service unique<\/strong>.<\/p>\n<p>Contact de la Direction des biblioth\u00e8ques de l\u2019universit\u00e9 Paris Descartes\u00a0:\u00a0<a href=\"&#x6d;&#97;&#x69;&#108;t&#x6f;&#58;d&#x69;&#114;&#x62;&#x69;b&#x40;&#112;a&#x72;&#105;&#x73;&#x64;e&#x73;&#99;a&#x72;&#116;e&#x73;&#46;&#x66;&#114;\">dirbib(at)parisdescartes.fr<\/a><\/p>\n","protected":false},"excerpt":{"rendered":"<p>Par d\u00e9cision du 24 septembre du Conseil d\u2019Administration de l\u2019Universit\u00e9 Paris Descartes, une nouvelle Direction des biblioth\u00e8ques de l\u2019Universit\u00e9 Paris Descartes est cr\u00e9\u00e9e. Cette nouvelle Direction qui r\u00e9sulte de la fusion du Service Commun de la Documentation (SCD) et de la Biblioth\u00e8que interuniversitaire de Sant\u00e9 (BIU Sant\u00e9) est effective depuis le 1er octobre 2019. Le &hellip; <a href=\"https:\/\/numerabilis.u-paris.fr\/medica\/blog\/index.php\/creation-de-la-nouvelle-direction-des-bibliotheques-de-luniversite-paris-descartes\/\" class=\"more-link\">Continuer la lecture<span class=\"screen-reader-text\"> de &laquo;&nbsp;Cr\u00e9ation de la nouvelle Direction des biblioth\u00e8ques de l&rsquo;Universit\u00e9 Paris Descartes&nbsp;&raquo;<\/span><\/a><\/p>\n","protected":false},"author":1,"featured_media":0,"comment_status":"open","ping_status":"open","sticky":false,"template":"","format":"standard","meta":{"_monsterinsights_skip_tracking":false,"_monsterinsights_sitenote_active":false,"_monsterinsights_sitenote_note":"","_monsterinsights_sitenote_category":0,"footnotes":""},"categories":[7,14,15],"tags":[133],"class_list":["post-19318","post","type-post","status-publish","format-standard","hentry","category-histoiresante","category-medecine-odontologie","category-pharmacie-biologie-cosmetologie","tag-bibliotheque"],"_links":{"self":[{"href":"https:\/\/numerabilis.u-paris.fr\/medica\/blog\/index.php\/wp-json\/wp\/v2\/posts\/19318"}],"collection":[{"href":"https:\/\/numerabilis.u-paris.fr\/medica\/blog\/index.php\/wp-json\/wp\/v2\/posts"}],"about":[{"href":"https:\/\/numerabilis.u-paris.fr\/medica\/blog\/index.php\/wp-json\/wp\/v2\/types\/post"}],"author":[{"embeddable":true,"href":"https:\/\/numerabilis.u-paris.fr\/medica\/blog\/index.php\/wp-json\/wp\/v2\/users\/1"}],"replies":[{"embeddable":true,"href":"https:\/\/numerabilis.u-paris.fr\/medica\/blog\/index.php\/wp-json\/wp\/v2\/comments?post=19318"}],"version-history":[{"count":9,"href":"https:\/\/numerabilis.u-paris.fr\/medica\/blog\/index.php\/wp-json\/wp\/v2\/posts\/19318\/revisions"}],"predecessor-version":[{"id":19329,"href":"https:\/\/numerabilis.u-paris.fr\/medica\/blog\/index.php\/wp-json\/wp\/v2\/posts\/19318\/revisions\/19329"}],"wp:attachment":[{"href":"https:\/\/numerabilis.u-paris.fr\/medica\/blog\/index.php\/wp-json\/wp\/v2\/media?parent=19318"}],"wp:term":[{"taxonomy":"category","embeddable":true,"href":"https:\/\/numerabilis.u-paris.fr\/medica\/blog\/index.php\/wp-json\/wp\/v2\/categories?post=19318"},{"taxonomy":"post_tag","embeddable":true,"href":"https:\/\/numerabilis.u-paris.fr\/medica\/blog\/index.php\/wp-json\/wp\/v2\/tags?post=19318"}],"curies":[{"name":"wp","href":"https:\/\/api.w.org\/{rel}","templated":true}]}}