{"id":19407,"date":"2019-11-13T11:13:11","date_gmt":"2019-11-13T10:13:11","guid":{"rendered":"https:\/\/numerabilis.u-paris.fr\/medica\/blog\/?p=19407"},"modified":"2019-11-13T11:13:11","modified_gmt":"2019-11-13T10:13:11","slug":"seance-commune-de-la-shp-et-du-ghc-le-20-novembre","status":"publish","type":"post","link":"https:\/\/numerabilis.u-paris.fr\/medica\/blog\/index.php\/seance-commune-de-la-shp-et-du-ghc-le-20-novembre\/","title":{"rendered":"S\u00e9ance commune de la SHP et du GHC le 20 novembre"},"content":{"rendered":"<p><img loading=\"lazy\" decoding=\"async\" class=\"size-full wp-image-16829 alignleft\" src=\"https:\/\/numerabilis.u-paris.fr\/medica\/blog\/wp-content\/uploads\/logo-1.png\" alt=\"\" width=\"162\" height=\"163\" srcset=\"https:\/\/numerabilis.u-paris.fr\/medica\/blog\/wp-content\/uploads\/logo-1.png 162w, https:\/\/numerabilis.u-paris.fr\/medica\/blog\/wp-content\/uploads\/logo-1-150x150.png 150w\" sizes=\"(max-width: 162px) 85vw, 162px\" \/>Une s\u00e9ance commune entre le <a href=\"http:\/\/www.societechimiquedefrance.fr\/Presentation-15.html\" target=\"_blank\" rel=\"noopener noreferrer\">Groupe d\u2019histoire de la chimie-Soci\u00e9t\u00e9 chimique de France<\/a> et la <a href=\"http:\/\/www.shp-asso.org\/\">Soci\u00e9t\u00e9 d\u2019histoire de la pharmacie<\/a> se tiendra le <strong>mercredi 20 novembre 2019<\/strong><strong> \u00e0 14h00 \u00e0 la <a href=\"http:\/\/www.societechimiquedefrance.fr\/\" target=\"_blank\" rel=\"noopener noreferrer\">Soci\u00e9t\u00e9 chimique de France<\/a>. <\/strong>La s\u00e9ance a pour th\u00e8me \u00ab\u00a0Autour des alcalo\u00efdes : perspectives historiques\u00a0\u00bb.<strong><br \/>\n<\/strong><\/p>\n<p>&nbsp;<\/p>\n<p><a href=\"https:\/\/numerabilis.u-paris.fr\/medica\/blog\/wp-content\/uploads\/Presse-papiers-1.jpg\"><img loading=\"lazy\" decoding=\"async\" class=\"size-full wp-image-19431 alignright\" src=\"https:\/\/numerabilis.u-paris.fr\/medica\/blog\/wp-content\/uploads\/Presse-papiers-1.jpg\" alt=\"\" width=\"180\" height=\"134\" \/><\/a>Les <a href=\"https:\/\/www.universalis.fr\/encyclopedie\/alcaloides\/\" target=\"_blank\" rel=\"noopener noreferrer\">alcalo\u00efdes<\/a> sont un <strong>ensemble de mol\u00e9cules d&rsquo;origine naturelle, renfermant du carbone, de l&rsquo;hydrog\u00e8ne et, plus sp\u00e9cialement, de l&rsquo;azote<\/strong>. La plupart poss\u00e8dent une activit\u00e9 biologique marqu\u00e9e qui a suscit\u00e9 de longue date un <strong>int\u00e9r\u00eat th\u00e9rapeutique<\/strong>.<\/p>\n<p><!--more--><\/p>\n<p>La\u00a0 s\u00e9ance d\u00e9bute \u00e0 14h par un <strong>accueil<\/strong> par Danielle Fauque et Olivier Lafont, pr\u00e9sidents respectifs du Groupe d&rsquo;histoire de de la chimie et de la Soci\u00e9t\u00e9 d&rsquo;histoire de la pharmacie. Suivent les <strong>informations g\u00e9n\u00e9rales<\/strong> : <em>nouvelles de la SHP<\/em> par Bruno Bonnemain, et <em>nouvelles du GHC <\/em>par Danielle Fauque.<\/p>\n<p>Programme des communications :<\/p>\n<figure id=\"attachment_19409\" aria-describedby=\"caption-attachment-19409\" style=\"width: 183px\" class=\"wp-caption alignleft\"><a href=\"https:\/\/numerabilis.u-paris.fr\/medica\/blog\/wp-content\/uploads\/Colchicine.jpg\"><img loading=\"lazy\" decoding=\"async\" class=\"wp-image-19409 size-medium\" src=\"https:\/\/numerabilis.u-paris.fr\/medica\/blog\/wp-content\/uploads\/Colchicine-183x300.jpg\" alt=\"\" width=\"183\" height=\"300\" srcset=\"https:\/\/numerabilis.u-paris.fr\/medica\/blog\/wp-content\/uploads\/Colchicine-183x300.jpg 183w, https:\/\/numerabilis.u-paris.fr\/medica\/blog\/wp-content\/uploads\/Colchicine.jpg 611w\" sizes=\"(max-width: 183px) 85vw, 183px\" \/><\/a><figcaption id=\"caption-attachment-19409\" class=\"wp-caption-text\">Source : Collection du Mus\u00e9e de l&rsquo;\u00e9cole nationale v\u00e9t\u00e9rinaire d&rsquo;Alfort<\/figcaption><\/figure>\n<ul>\n<li>Olivier Lafont : \u00ab\u00a0Vauquelin ou strychnine? Le dilemme de Pelletier et Caventou\u00a0\u00bb<\/li>\n<li>Bruno Bonnemain : \u00ab\u00a0Alfred Houd\u00e9 et la colchicine\u00a0\u00bb<\/li>\n<li>Sylvie Michel : \u00ab\u00a0Autour des alcalo\u00efdes du Datura\u00a0\u00bb<\/li>\n<li>Pause \u00e0 16h<\/li>\n<li>Sacha Tomic : \u00ab\u00a0La place des alcalo\u00efdes dans l&rsquo;\u00e9mergence de la chimie organique\u00a0\u00bb<\/li>\n<li>Conclusion g\u00e9n\u00e9rale \u00e0 17h15<\/li>\n<\/ul>\n<p>Lieu : 250, rue Saint-Jacques, Paris 5<sub>e<\/sub>.<\/p>\n<p>Entr\u00e9e libre. Pour assister \u00e0 la s\u00e9ance, contactez : <a href=\"m&#97;&#x69;&#x6c;t&#111;&#x3a;&#x64;a&#110;&#x69;&#x65;l&#108;&#x65;&#x2e;f&#97;&#x75;&#x71;u&#101;&#64;&#x75;&#x2d;p&#115;&#x75;&#x64;&#46;&#102;&#x72;\">Danielle Fauque<\/a> &amp; <a href=\"m&#97;&#x69;&#x6c;t&#111;&#58;&#x6f;&#x6c;i&#118;&#x69;&#x65;r&#108;&#97;&#x66;&#x6f;n&#116;&#x40;&#x77;a&#110;&#97;&#x64;&#x6f;o&#46;&#x66;&#x72;\">Olivier Lafont<\/a><\/p>\n<div id=\"schema_block\" class=\"schema_event\"><div itemscope itemtype=\"http:\/\/schema.org\/EducationEvent\"><div class=\"schema_name\" itemprop=\"name\">S\u00e9ance commune de la SHP et du Groupe d'histoire de la chimie<\/div><div><meta itemprop=\"startDate\" content=\"2019-11-20T14:00\">Debut: 11\/20\/2019 02:00 pm<\/div><\/div><div itemprop=\"address\" itemscope itemtype=\"http:\/\/schema.org\/PostalAddress\"><div class=\"street\" itemprop=\"streetAddress\">250, rue Saint-Jacques<\/div><div class=\"city_state\"><span class=\"locale\" itemprop=\"addressLocality\">Paris<\/span><\/div><div class=\"postalcode\" itemprop=\"postalCode\">75005<\/div><div class=\"country\" itemprop=\"addressCountry\">FR<\/div><\/div><\/div>\n<p style=\"text-align: right;\"><a href=\"mail&#116;&#111;&#58;&#116;&#121;&#x70;&#x68;&#x61;&#x6e;&#x69;&#x65;&#x2e;mart&#105;&#110;&#64;&#98;&#105;&#x75;&#x73;&#x61;&#x6e;&#x74;&#x65;&#x2e;&#x70;aris&#100;&#101;&#115;&#99;&#97;&#x72;&#x74;&#x65;&#x73;&#x2e;&#x66;&#x72;\">Typhanie Martin<\/a><\/p>\n<p>&nbsp;<\/p>\n","protected":false},"excerpt":{"rendered":"<p>Une s\u00e9ance commune entre le Groupe d\u2019histoire de la chimie-Soci\u00e9t\u00e9 chimique de France et la Soci\u00e9t\u00e9 d\u2019histoire de la pharmacie se tiendra le mercredi 20 novembre 2019 \u00e0 14h00 \u00e0 la Soci\u00e9t\u00e9 chimique de France. La s\u00e9ance a pour th\u00e8me \u00ab\u00a0Autour des alcalo\u00efdes : perspectives historiques\u00a0\u00bb. &nbsp; Les alcalo\u00efdes sont un ensemble de mol\u00e9cules d&rsquo;origine &hellip; <a href=\"https:\/\/numerabilis.u-paris.fr\/medica\/blog\/index.php\/seance-commune-de-la-shp-et-du-ghc-le-20-novembre\/\" class=\"more-link\">Continuer la lecture<span class=\"screen-reader-text\"> de &laquo;&nbsp;S\u00e9ance commune de la SHP et du GHC le 20 novembre&nbsp;&raquo;<\/span><\/a><\/p>\n","protected":false},"author":32,"featured_media":0,"comment_status":"open","ping_status":"open","sticky":false,"template":"","format":"standard","meta":{"_monsterinsights_skip_tracking":false,"_monsterinsights_sitenote_active":false,"_monsterinsights_sitenote_note":"","_monsterinsights_sitenote_category":0,"footnotes":""},"categories":[7,15],"tags":[527,23,418,321,12,367],"class_list":["post-19407","post","type-post","status-publish","format-standard","hentry","category-histoiresante","category-pharmacie-biologie-cosmetologie","tag-alcaloides","tag-conference","tag-groupe-dhistoire-de-la-chimie","tag-histoire-de-la-chimie","tag-histoire-de-la-pharmacie","tag-societe-dhistoire-de-la-pharmacie"],"_links":{"self":[{"href":"https:\/\/numerabilis.u-paris.fr\/medica\/blog\/index.php\/wp-json\/wp\/v2\/posts\/19407"}],"collection":[{"href":"https:\/\/numerabilis.u-paris.fr\/medica\/blog\/index.php\/wp-json\/wp\/v2\/posts"}],"about":[{"href":"https:\/\/numerabilis.u-paris.fr\/medica\/blog\/index.php\/wp-json\/wp\/v2\/types\/post"}],"author":[{"embeddable":true,"href":"https:\/\/numerabilis.u-paris.fr\/medica\/blog\/index.php\/wp-json\/wp\/v2\/users\/32"}],"replies":[{"embeddable":true,"href":"https:\/\/numerabilis.u-paris.fr\/medica\/blog\/index.php\/wp-json\/wp\/v2\/comments?post=19407"}],"version-history":[{"count":16,"href":"https:\/\/numerabilis.u-paris.fr\/medica\/blog\/index.php\/wp-json\/wp\/v2\/posts\/19407\/revisions"}],"predecessor-version":[{"id":19437,"href":"https:\/\/numerabilis.u-paris.fr\/medica\/blog\/index.php\/wp-json\/wp\/v2\/posts\/19407\/revisions\/19437"}],"wp:attachment":[{"href":"https:\/\/numerabilis.u-paris.fr\/medica\/blog\/index.php\/wp-json\/wp\/v2\/media?parent=19407"}],"wp:term":[{"taxonomy":"category","embeddable":true,"href":"https:\/\/numerabilis.u-paris.fr\/medica\/blog\/index.php\/wp-json\/wp\/v2\/categories?post=19407"},{"taxonomy":"post_tag","embeddable":true,"href":"https:\/\/numerabilis.u-paris.fr\/medica\/blog\/index.php\/wp-json\/wp\/v2\/tags?post=19407"}],"curies":[{"name":"wp","href":"https:\/\/api.w.org\/{rel}","templated":true}]}}