{"id":19666,"date":"2019-12-12T14:41:32","date_gmt":"2019-12-12T13:41:32","guid":{"rendered":"https:\/\/numerabilis.u-paris.fr\/medica\/blog\/?p=19666"},"modified":"2019-12-16T09:18:24","modified_gmt":"2019-12-16T08:18:24","slug":"cafe-the-et-prets-surprises-de-noel-a-la-biu-sante-pole-pharmacie-19-decembre-a-9h","status":"publish","type":"post","link":"https:\/\/numerabilis.u-paris.fr\/medica\/blog\/index.php\/cafe-the-et-prets-surprises-de-noel-a-la-biu-sante-pole-pharmacie-19-decembre-a-9h\/","title":{"rendered":"Caf\u00e9, th\u00e9 et pr\u00eats surprises de No\u00ebl \u00e0 la BIU Sant\u00e9 p\u00f4le pharmacie &#8211; 19 d\u00e9cembre \u00e0 9h30"},"content":{"rendered":"<p>&nbsp;<\/p>\n<figure id=\"attachment_19675\" aria-describedby=\"caption-attachment-19675\" style=\"width: 167px\" class=\"wp-caption alignleft\"><img loading=\"lazy\" decoding=\"async\" class=\"wp-image-19675\" src=\"https:\/\/numerabilis.u-paris.fr\/medica\/blog\/wp-content\/uploads\/caf\u00e9-164x300.jpg\" alt=\"\" width=\"167\" height=\"306\" srcset=\"https:\/\/numerabilis.u-paris.fr\/medica\/blog\/wp-content\/uploads\/caf\u00e9-164x300.jpg 164w, https:\/\/numerabilis.u-paris.fr\/medica\/blog\/wp-content\/uploads\/caf\u00e9-561x1024.jpg 561w, https:\/\/numerabilis.u-paris.fr\/medica\/blog\/wp-content\/uploads\/caf\u00e9.jpg 700w\" sizes=\"(max-width: 167px) 85vw, 167px\" \/><figcaption id=\"caption-attachment-19675\" class=\"wp-caption-text\">CHAUMETON, Fran\u00e7ois Pierre &#8211; Flore m\u00e9dicale \/ Vol. II<\/figcaption><\/figure>\n<p><strong>Pour clore agr\u00e9ablement cette premi\u00e8re partie de l&rsquo;ann\u00e9e universitaire, les <\/strong><strong>biblioth\u00e9caires du p\u00f4le pharmacie de la BIU Sant\u00e9 vous convient \u00e0 un petit d\u00e9jeuner convivial le jeudi 19 d\u00e9cembre.<\/strong><\/p>\n<p>Apr\u00e8s avoir partag\u00e9 avec nous th\u00e9, caf\u00e9 et gourmandises sucr\u00e9es, vous pourrez emprunter un paquet surprise pr\u00e9par\u00e9 par les biblioth\u00e9caires.<\/p>\n<p>Nous avons s\u00e9lectionn\u00e9 pour vous des livres surprenants, joliment illustr\u00e9s, instructifs pour vous accompagner pendant les f\u00eates de fin d&rsquo;ann\u00e9e.<\/p>\n<p>Vous vous laisserez guider par des indices pour choisir un paquet parmi nos surprises.<\/p>\n<p>&nbsp;<\/p>\n<figure id=\"attachment_19676\" aria-describedby=\"caption-attachment-19676\" style=\"width: 210px\" class=\"wp-caption alignright\"><img loading=\"lazy\" decoding=\"async\" class=\"wp-image-19676\" src=\"https:\/\/numerabilis.u-paris.fr\/medica\/blog\/wp-content\/uploads\/th\u00e9-232x300.jpg\" alt=\"\" width=\"210\" height=\"272\" srcset=\"https:\/\/numerabilis.u-paris.fr\/medica\/blog\/wp-content\/uploads\/th\u00e9-232x300.jpg 232w, https:\/\/numerabilis.u-paris.fr\/medica\/blog\/wp-content\/uploads\/th\u00e9.jpg 697w\" sizes=\"(max-width: 210px) 85vw, 210px\" \/><figcaption id=\"caption-attachment-19676\" class=\"wp-caption-text\">E.-F. Menager &#8211; Collection Mus\u00e9e Fran\u00e7ois Tillequin<\/figcaption><\/figure>\n<p>Chaque cadeau contient un livre ; vous n&rsquo;oublierez pas d&rsquo;enregistrer le pr\u00eat de votre surprise \u00e0 l&rsquo;accueil de la biblioth\u00e8que.<\/p>\n<p>&nbsp;<\/p>\n<p>Nous vous attendons nombreux d\u00e8s 9 h30 devant la salle Dorveaux !<\/p>\n<p>&nbsp;<\/p>\n","protected":false},"excerpt":{"rendered":"<p>&nbsp; Pour clore agr\u00e9ablement cette premi\u00e8re partie de l&rsquo;ann\u00e9e universitaire, les biblioth\u00e9caires du p\u00f4le pharmacie de la BIU Sant\u00e9 vous convient \u00e0 un petit d\u00e9jeuner convivial le jeudi 19 d\u00e9cembre. Apr\u00e8s avoir partag\u00e9 avec nous th\u00e9, caf\u00e9 et gourmandises sucr\u00e9es, vous pourrez emprunter un paquet surprise pr\u00e9par\u00e9 par les biblioth\u00e9caires. Nous avons s\u00e9lectionn\u00e9 pour vous &hellip; <a href=\"https:\/\/numerabilis.u-paris.fr\/medica\/blog\/index.php\/cafe-the-et-prets-surprises-de-noel-a-la-biu-sante-pole-pharmacie-19-decembre-a-9h\/\" class=\"more-link\">Continuer la lecture<span class=\"screen-reader-text\"> de &laquo;&nbsp;Caf\u00e9, th\u00e9 et pr\u00eats surprises de No\u00ebl \u00e0 la BIU Sant\u00e9 p\u00f4le pharmacie &#8211; 19 d\u00e9cembre \u00e0 9h30&nbsp;&raquo;<\/span><\/a><\/p>\n","protected":false},"author":39,"featured_media":0,"comment_status":"open","ping_status":"open","sticky":false,"template":"","format":"standard","meta":{"_monsterinsights_skip_tracking":false,"_monsterinsights_sitenote_active":false,"_monsterinsights_sitenote_note":"","_monsterinsights_sitenote_category":0,"footnotes":""},"categories":[15],"tags":[529,161,420,37],"class_list":["post-19666","post","type-post","status-publish","format-standard","hentry","category-pharmacie-biologie-cosmetologie","tag-animation","tag-collections","tag-faculte-de-pharmacie","tag-pret"],"_links":{"self":[{"href":"https:\/\/numerabilis.u-paris.fr\/medica\/blog\/index.php\/wp-json\/wp\/v2\/posts\/19666"}],"collection":[{"href":"https:\/\/numerabilis.u-paris.fr\/medica\/blog\/index.php\/wp-json\/wp\/v2\/posts"}],"about":[{"href":"https:\/\/numerabilis.u-paris.fr\/medica\/blog\/index.php\/wp-json\/wp\/v2\/types\/post"}],"author":[{"embeddable":true,"href":"https:\/\/numerabilis.u-paris.fr\/medica\/blog\/index.php\/wp-json\/wp\/v2\/users\/39"}],"replies":[{"embeddable":true,"href":"https:\/\/numerabilis.u-paris.fr\/medica\/blog\/index.php\/wp-json\/wp\/v2\/comments?post=19666"}],"version-history":[{"count":30,"href":"https:\/\/numerabilis.u-paris.fr\/medica\/blog\/index.php\/wp-json\/wp\/v2\/posts\/19666\/revisions"}],"predecessor-version":[{"id":19779,"href":"https:\/\/numerabilis.u-paris.fr\/medica\/blog\/index.php\/wp-json\/wp\/v2\/posts\/19666\/revisions\/19779"}],"wp:attachment":[{"href":"https:\/\/numerabilis.u-paris.fr\/medica\/blog\/index.php\/wp-json\/wp\/v2\/media?parent=19666"}],"wp:term":[{"taxonomy":"category","embeddable":true,"href":"https:\/\/numerabilis.u-paris.fr\/medica\/blog\/index.php\/wp-json\/wp\/v2\/categories?post=19666"},{"taxonomy":"post_tag","embeddable":true,"href":"https:\/\/numerabilis.u-paris.fr\/medica\/blog\/index.php\/wp-json\/wp\/v2\/tags?post=19666"}],"curies":[{"name":"wp","href":"https:\/\/api.w.org\/{rel}","templated":true}]}}