{"id":19668,"date":"2019-12-10T11:16:06","date_gmt":"2019-12-10T10:16:06","guid":{"rendered":"https:\/\/numerabilis.u-paris.fr\/medica\/blog\/?p=19668"},"modified":"2019-12-20T12:01:05","modified_gmt":"2019-12-20T11:01:05","slug":"fermetures-fin-2019","status":"publish","type":"post","link":"https:\/\/numerabilis.u-paris.fr\/medica\/blog\/index.php\/fermetures-fin-2019\/","title":{"rendered":"Fermetures fin 2019"},"content":{"rendered":"<p>En raison des <strong>vacances<\/strong> universitaires de fin d\u2019ann\u00e9e, les deux sites de la BIU Sant\u00e9 seront ferm\u00e9s, ainsi que le <a href=\"https:\/\/www.biusante.parisdescartes.fr\/aide\/biuminfo\/index.php\">service de questions-r\u00e9ponses en ligne <em>Biuminfo<\/em><\/a>, le <a href=\"https:\/\/www.biusante.parisdescartes.fr\/aide\/peb\/index.php\">service de fourniture de documents<\/a> et la <a href=\"https:\/\/www.biusante.parisdescartes.fr\/aide\/rdv\/index.php\">prise de rendez-vous personnalis\u00e9s<\/a> :<\/p>\n<ul>\n<li>du <strong>vendredi 20 d\u00e9cembre 2019 \u00e0 18h<\/strong><\/li>\n<li>au <strong>lundi 6 janvier 2020 \u00e0 9h <\/strong>(<em>horaire sous r\u00e9serve en raison du mouvement social en cours<\/em>)<strong><br \/>\n<\/strong><\/li>\n<\/ul>\n<figure id=\"attachment_19684\" aria-describedby=\"caption-attachment-19684\" style=\"width: 602px\" class=\"wp-caption aligncenter\"><a href=\"https:\/\/www.biusante.parisdescartes.fr\/histoire\/images\/index.php?refphot=med37591x04x0123\" target=\"_blank\" rel=\"noopener noreferrer\"><img loading=\"lazy\" decoding=\"async\" class=\"wp-image-19684 size-large\" src=\"https:\/\/numerabilis.u-paris.fr\/medica\/blog\/wp-content\/uploads\/Houx-602x1024.jpg\" alt=\"\" width=\"602\" height=\"1024\" srcset=\"https:\/\/numerabilis.u-paris.fr\/medica\/blog\/wp-content\/uploads\/Houx-602x1024.jpg 602w, https:\/\/numerabilis.u-paris.fr\/medica\/blog\/wp-content\/uploads\/Houx-176x300.jpg 176w, https:\/\/numerabilis.u-paris.fr\/medica\/blog\/wp-content\/uploads\/Houx.jpg 700w\" sizes=\"(max-width: 709px) 85vw, (max-width: 909px) 67vw, (max-width: 984px) 61vw, (max-width: 1362px) 45vw, 600px\" \/><\/a><figcaption id=\"caption-attachment-19684\" class=\"wp-caption-text\">CHAUMETON, Fran\u00e7ois Pierre<br \/>Houx &#8211; Flore m\u00e9dicale \/ Vol. IV<\/figcaption><\/figure>\n<p>La tr\u00eave des confiseurs sera l\u2019occasion de (re)d\u00e9couvrir nos <strong>services en ligne<\/strong>, <em>disponibles 7 jours sur 7 et 24h\/24<\/em>, m\u00eame en p\u00e9riode de f\u00eates :<\/p>\n<p>Pour les <em>historiens<\/em>, en <strong>acc\u00e8s libre<\/strong> : la biblioth\u00e8que num\u00e9rique <a href=\"https:\/\/www.biusante.parisdescartes.fr\/histoire\/medica\">Medic@<\/a>, la <a href=\"https:\/\/www.biusante.parisdescartes.fr\/histoire\/images\/index.php\">Banque d\u2019images et de portraits<\/a>, et pourquoi pas une petite visite du c\u00f4t\u00e9 des <a href=\"https:\/\/www.biusante.parisdescartes.fr\/histoire\/index.php\">expositions virtuelles<\/a>.<\/p>\n<p>Pour les <em>lecteurs de Paris Descartes<\/em>, les <a href=\"https:\/\/www.biusante.parisdescartes.fr\/chercher\/articles\/index.php\"><strong>bases de donn\u00e9es<\/strong><\/a>, les <a href=\"https:\/\/www.biusante.parisdescartes.fr\/chercher\/revues.php\">revues \u00e9lectroniques<\/a> et les <a href=\"https:\/\/www.biusante.parisdescartes.fr\/chercher\/livres-electroniques.php\"><strong>livres \u00e9lectroniques<\/strong><\/a>.<\/p>\n<p><em>L\u2019\u00e9quipe de la BIU Sant\u00e9 vous souhaite \u00e0 tous de bonnes f\u00eates de fin d\u2019ann\u00e9e.<\/em><\/p>\n","protected":false},"excerpt":{"rendered":"<p>En raison des vacances universitaires de fin d\u2019ann\u00e9e, les deux sites de la BIU Sant\u00e9 seront ferm\u00e9s, ainsi que le service de questions-r\u00e9ponses en ligne Biuminfo, le service de fourniture de documents et la prise de rendez-vous personnalis\u00e9s : du vendredi 20 d\u00e9cembre 2019 \u00e0 18h au lundi 6 janvier 2020 \u00e0 9h (horaire sous &hellip; <a href=\"https:\/\/numerabilis.u-paris.fr\/medica\/blog\/index.php\/fermetures-fin-2019\/\" class=\"more-link\">Continuer la lecture<span class=\"screen-reader-text\"> de &laquo;&nbsp;Fermetures fin 2019&nbsp;&raquo;<\/span><\/a><\/p>\n","protected":false},"author":1,"featured_media":0,"comment_status":"open","ping_status":"open","sticky":false,"template":"","format":"standard","meta":{"_monsterinsights_skip_tracking":false,"_monsterinsights_sitenote_active":false,"_monsterinsights_sitenote_note":"","_monsterinsights_sitenote_category":0,"footnotes":""},"categories":[7,14,15],"tags":[43],"class_list":["post-19668","post","type-post","status-publish","format-standard","hentry","category-histoiresante","category-medecine-odontologie","category-pharmacie-biologie-cosmetologie","tag-acces"],"_links":{"self":[{"href":"https:\/\/numerabilis.u-paris.fr\/medica\/blog\/index.php\/wp-json\/wp\/v2\/posts\/19668"}],"collection":[{"href":"https:\/\/numerabilis.u-paris.fr\/medica\/blog\/index.php\/wp-json\/wp\/v2\/posts"}],"about":[{"href":"https:\/\/numerabilis.u-paris.fr\/medica\/blog\/index.php\/wp-json\/wp\/v2\/types\/post"}],"author":[{"embeddable":true,"href":"https:\/\/numerabilis.u-paris.fr\/medica\/blog\/index.php\/wp-json\/wp\/v2\/users\/1"}],"replies":[{"embeddable":true,"href":"https:\/\/numerabilis.u-paris.fr\/medica\/blog\/index.php\/wp-json\/wp\/v2\/comments?post=19668"}],"version-history":[{"count":9,"href":"https:\/\/numerabilis.u-paris.fr\/medica\/blog\/index.php\/wp-json\/wp\/v2\/posts\/19668\/revisions"}],"predecessor-version":[{"id":19841,"href":"https:\/\/numerabilis.u-paris.fr\/medica\/blog\/index.php\/wp-json\/wp\/v2\/posts\/19668\/revisions\/19841"}],"wp:attachment":[{"href":"https:\/\/numerabilis.u-paris.fr\/medica\/blog\/index.php\/wp-json\/wp\/v2\/media?parent=19668"}],"wp:term":[{"taxonomy":"category","embeddable":true,"href":"https:\/\/numerabilis.u-paris.fr\/medica\/blog\/index.php\/wp-json\/wp\/v2\/categories?post=19668"},{"taxonomy":"post_tag","embeddable":true,"href":"https:\/\/numerabilis.u-paris.fr\/medica\/blog\/index.php\/wp-json\/wp\/v2\/tags?post=19668"}],"curies":[{"name":"wp","href":"https:\/\/api.w.org\/{rel}","templated":true}]}}